{"id":28244,"date":"2025-09-29T13:35:00","date_gmt":"2025-09-29T12:35:00","guid":{"rendered":"https:\/\/insideamateurfussball-ffm.de\/?p=28244"},"modified":"2025-09-29T19:30:44","modified_gmt":"2025-09-29T18:30:44","slug":"dortelweil-siegesserie-geht-nach-klassenfahrt-weiter","status":"publish","type":"post","link":"https:\/\/insideamateurfussball-ffm.de\/?p=28244","title":{"rendered":"Dortelweil: Siegesserie geht nach &#8222;Klassenfahrt&#8220; weiter"},"content":{"rendered":"<h3>Dritter Sieg in Folge f\u00fcr den SC Dortelweil in der Verbandsliga S\u00fcd. Der 3:0-Ausw\u00e4rtserfolg beim Hessenliga-Absteiger SV Unter-Flockenbach katapultiert das Team von Trainer G\u00fcltekin Cagritekin auf Rang neun der Tabelle.<\/h3>\n<figure id=\"attachment_26070\" aria-describedby=\"caption-attachment-26070\" style=\"width: 640px\" class=\"wp-caption alignright\"><img loading=\"lazy\" decoding=\"async\" class=\"wp-image-26070 size-large\" src=\"http:\/\/insideamateurfussball-ffm.de\/wp-content\/uploads\/2025\/06\/250603-Dortelweil-Biebrich-_015-1024x683.jpg\" alt=\"\" width=\"640\" height=\"427\" srcset=\"https:\/\/insideamateurfussball-ffm.de\/wp-content\/uploads\/2025\/06\/250603-Dortelweil-Biebrich-_015-1024x683.jpg 1024w, https:\/\/insideamateurfussball-ffm.de\/wp-content\/uploads\/2025\/06\/250603-Dortelweil-Biebrich-_015-300x200.jpg 300w, https:\/\/insideamateurfussball-ffm.de\/wp-content\/uploads\/2025\/06\/250603-Dortelweil-Biebrich-_015-768x512.jpg 768w, https:\/\/insideamateurfussball-ffm.de\/wp-content\/uploads\/2025\/06\/250603-Dortelweil-Biebrich-_015-1536x1024.jpg 1536w, https:\/\/insideamateurfussball-ffm.de\/wp-content\/uploads\/2025\/06\/250603-Dortelweil-Biebrich-_015-2048x1365.jpg 2048w\" sizes=\"auto, (max-width: 640px) 100vw, 640px\" \/><figcaption id=\"caption-attachment-26070\" class=\"wp-caption-text\">In Dortelweil wird wieder gejubelt. Foto: Archiv Jan Werner.\u00a0\u00a0<\/figcaption><\/figure>\n<h3>SV Unter-Flockenbach &#8211; SC Dortelweil 0:3 (0:1)<\/h3>\n<p><img loading=\"lazy\" decoding=\"async\" class=\"alignnone size-full wp-image-12840\" src=\"http:\/\/insideamateurfussball-ffm.de\/wp-content\/uploads\/2023\/09\/Unter-Flockenbach.png\" alt=\"\" width=\"80\" height=\"80\" \/><img loading=\"lazy\" decoding=\"async\" class=\"alignnone size-full wp-image-598\" src=\"http:\/\/insideamateurfussball-ffm.de\/wp-content\/uploads\/2022\/06\/Dortelweil.jpg\" alt=\"\" width=\"80\" height=\"80\" \/><\/p>\n<p>Die weite Anreise in den Odenwald an die Landesgrenze zu Baden-W\u00fcrttemberg lie\u00df den Co-Trainer Stefan Geppert von einer &#8222;Klassenfahrt&#8220; sprechen.<\/p>\n<p>Eine disziplinierte Defensive, zielstrebiges Offensivspiel und die n\u00f6tige Kaltschn\u00e4uzigkeit vor dem Tor waren die Faktoren f\u00fcr den klaren Ausw\u00e4rtssieg im Gorxheimertal.<\/p>\n<h3><span style=\"text-decoration: underline;\">Reininger erh\u00f6ht auf 2:0<\/span><\/h3>\n<p>Ein Schuss von Mohamed El Allaoui aus 17 Metern konnte vom Unter-Flockenbacher Schlussmann Arthur Kovis nicht festgehalten werden. Philipp W\u00f6rner reagierte am schnellsten und staubte gedankenschnell zum 1:0 ab (36.).<\/p>\n<p>Nach dem Seitenwechsel erh\u00f6hte Maurice Reininger auf 2:0 (52.). Den Schlusspunkt setzte Mohamed El Allaoui mit einer sch\u00f6nen Kombination (72.). Mit viel Schwung erwarten die Dortelweiler nun am Donnerstag (20 Uhr) den souver\u00e4nen Spitzenreiter SKV Rot-Wei\u00df Darmstadt.<\/p>\n<h3><span style=\"text-decoration: underline;\">Schiedsrichter: Maximilian Martin (VfB Ginsheim). Zuschauer: 150. <\/span><\/h3>\n<h3><span style=\"text-decoration: underline;\">Tore: 0:1 Philipp W\u00f6rner (36.), 0:2 Maurice Reininger (52.), 0:3 Mohamed El Allaoui (72.).<\/span><\/h3>\n","protected":false},"excerpt":{"rendered":"<p>Dritter Sieg in Folge f\u00fcr den SC Dortelweil in der Verbandsliga S\u00fcd. Der 3:0-Ausw\u00e4rtserfolg beim Hessenliga-Absteiger SV Unter-Flockenbach katapultiert das Team von Trainer G\u00fcltekin Cagritekin auf Rang neun der Tabelle. SV Unter-Flockenbach &#8211; SC Dortelweil 0:3 (0:1) Die weite Anreise in den Odenwald an die Landesgrenze zu Baden-W\u00fcrttemberg lie\u00df den Co-Trainer Stefan Geppert von einer [&hellip;]<\/p>\n","protected":false},"author":1,"featured_media":26070,"comment_status":"closed","ping_status":"closed","sticky":true,"template":"","format":"standard","meta":{"footnotes":""},"categories":[10],"tags":[],"class_list":["post-28244","post","type-post","status-publish","format-standard","has-post-thumbnail","hentry","category-verbandsliga-sued"],"_links":{"self":[{"href":"https:\/\/insideamateurfussball-ffm.de\/index.php?rest_route=\/wp\/v2\/posts\/28244","targetHints":{"allow":["GET"]}}],"collection":[{"href":"https:\/\/insideamateurfussball-ffm.de\/index.php?rest_route=\/wp\/v2\/posts"}],"about":[{"href":"https:\/\/insideamateurfussball-ffm.de\/index.php?rest_route=\/wp\/v2\/types\/post"}],"author":[{"embeddable":true,"href":"https:\/\/insideamateurfussball-ffm.de\/index.php?rest_route=\/wp\/v2\/users\/1"}],"replies":[{"embeddable":true,"href":"https:\/\/insideamateurfussball-ffm.de\/index.php?rest_route=%2Fwp%2Fv2%2Fcomments&post=28244"}],"version-history":[{"count":2,"href":"https:\/\/insideamateurfussball-ffm.de\/index.php?rest_route=\/wp\/v2\/posts\/28244\/revisions"}],"predecessor-version":[{"id":28246,"href":"https:\/\/insideamateurfussball-ffm.de\/index.php?rest_route=\/wp\/v2\/posts\/28244\/revisions\/28246"}],"wp:featuredmedia":[{"embeddable":true,"href":"https:\/\/insideamateurfussball-ffm.de\/index.php?rest_route=\/wp\/v2\/media\/26070"}],"wp:attachment":[{"href":"https:\/\/insideamateurfussball-ffm.de\/index.php?rest_route=%2Fwp%2Fv2%2Fmedia&parent=28244"}],"wp:term":[{"taxonomy":"category","embeddable":true,"href":"https:\/\/insideamateurfussball-ffm.de\/index.php?rest_route=%2Fwp%2Fv2%2Fcategories&post=28244"},{"taxonomy":"post_tag","embeddable":true,"href":"https:\/\/insideamateurfussball-ffm.de\/index.php?rest_route=%2Fwp%2Fv2%2Ftags&post=28244"}],"curies":[{"name":"wp","href":"https:\/\/api.w.org\/{rel}","templated":true}]}}