{"id":28240,"date":"2025-09-29T17:57:16","date_gmt":"2025-09-29T16:57:16","guid":{"rendered":"https:\/\/insideamateurfussball-ffm.de\/?p=28240"},"modified":"2025-09-29T17:57:30","modified_gmt":"2025-09-29T16:57:30","slug":"seckbach-verschenkt-zwei-punkte-durch-chancenwucher","status":"publish","type":"post","link":"https:\/\/insideamateurfussball-ffm.de\/?p=28240","title":{"rendered":"Seckbach verschenkt zwei Punkte durch Chancenwucher"},"content":{"rendered":"<h4>Die FG Seckbach musste sich gegen die SG Wehrheim\/Pfaffenwiesbach mit 2:2 zufriedengeben, hatte aber Chancen f\u00fcr 10 Tore in einem Spiel, das kurios endete.<\/h4>\n<figure id=\"attachment_27339\" aria-describedby=\"caption-attachment-27339\" style=\"width: 2016px\" class=\"wp-caption alignnone\"><img loading=\"lazy\" decoding=\"async\" class=\"wp-image-27339 size-full\" src=\"http:\/\/insideamateurfussball-ffm.de\/wp-content\/uploads\/2025\/08\/seckbachfriedrichsdorf08.jpg\" alt=\"\" width=\"2016\" height=\"1512\" srcset=\"https:\/\/insideamateurfussball-ffm.de\/wp-content\/uploads\/2025\/08\/seckbachfriedrichsdorf08.jpg 2016w, https:\/\/insideamateurfussball-ffm.de\/wp-content\/uploads\/2025\/08\/seckbachfriedrichsdorf08-300x225.jpg 300w, https:\/\/insideamateurfussball-ffm.de\/wp-content\/uploads\/2025\/08\/seckbachfriedrichsdorf08-1024x768.jpg 1024w, https:\/\/insideamateurfussball-ffm.de\/wp-content\/uploads\/2025\/08\/seckbachfriedrichsdorf08-768x576.jpg 768w, https:\/\/insideamateurfussball-ffm.de\/wp-content\/uploads\/2025\/08\/seckbachfriedrichsdorf08-1536x1152.jpg 1536w\" sizes=\"auto, (max-width: 2016px) 100vw, 2016px\" \/><figcaption id=\"caption-attachment-27339\" class=\"wp-caption-text\">Florian Schuberths zwei Tore reichten nicht zum Sieg. Foto: Archiv: MZ<\/figcaption><\/figure>\n<h4>FG Seckbach &#8211; SG Wehrheim\/Pfaffenwiesbach 2:2 (2:1)<\/h4>\n<p><img loading=\"lazy\" decoding=\"async\" class=\"alignnone size-full wp-image-544\" src=\"http:\/\/insideamateurfussball-ffm.de\/wp-content\/uploads\/2022\/06\/Seckbach.jpg\" alt=\"\" width=\"80\" height=\"80\" \/><img loading=\"lazy\" decoding=\"async\" class=\"alignnone size-full wp-image-27000\" src=\"http:\/\/insideamateurfussball-ffm.de\/wp-content\/uploads\/2025\/08\/logowehrheim.jpeg\" alt=\"\" width=\"80\" height=\"80\" \/><\/p>\n<p>Die FG Seckbach verpasste den Sprung auf Platz 3, da zu viele Chancen vergeben wurden. In der ersten Halbzeit war es ein einseitiges Spiel, in dem die Gastgeber durch Florian Schuberth, Raphael Sahl und Manuel May Chancen vergaben bzw. knapp am gegnerischen Torwart oder dem Aluminium scheiterten. Bereits in der 6.Minute gingen die Seckbacher durch ein Tor von Florian Schuberth nach Zuspiel von Raphael Sahl mit 1:0 in F\u00fchrung. In der 33.Minute kamen die G\u00e4ste nach den Worten von Seckbachs Spielausschuss-Vorsitzenden Jo Nareike zum ersten Mal vor das Tor und erzielten durch Joshua Beck den 1:1-Ausgleich. Kurz vor der Pause war erneut Florian Schuberth nach Pass von Shuya Harada zum 2:1 erfolgreich (43.), mit dem Ergebnis ging es auch zum Halbzeittee.<\/p>\n<p>In der zweiten Halbzeit erhielten die G\u00e4ste in der 52.Minute einen Elfmeter nach Foul von Milad Wardak, Joshua Beck verwandelte den Strafsto\u00df zum 2:2-Ausgleich. Auch in der zweiten Halbzeit erspielten sich die Gastgeber viele Torchancen, waren aber im Abschluss nicht konsequent genug. Das Spiel endete sehr kurios, nach einem Elfmeterpfiff f\u00fcr Seckbach in der Nachspielzeit legte sich Florian Schuberth den Ball schon zur Ausf\u00fchrung bereit, als der Linienrichter von der gegen\u00fcberliegenden Seite auf das Spielfeld kam und intervenierte. Der Schiedsrichter nahm daraufhin den Elfmeter zur\u00fcck und das Spiel endete 2:2.<\/p>\n<p>Nareike zum Spiel: \u201enach dieser letzten sehr kuriosen Szene, aber daran machen wir es auf keinen Fall fest, wir haben es einfach vers\u00e4umt, Tore zu schie\u00dfen. Der Gegner hat mit allem verteidigt, was sie hatten, und wir hatten trotzdem die Torchancen und haben sie nicht reingemacht. Im Endeffekt ein Punkt, den wir mitnehmen, aber hier muss man drei Punkte holen. Selber schuld und Gratulation an Wehrheim zum Punktgewinn.\u201c Weiter geht es f\u00fcr Seckbach am Dienstag mit dem Pokalspiel bei der GSU Hellas, ehe es dann in der Liga am Sonntag zum Tabellenf\u00fchrer SV Bosnien\/Herzegowina geht.<\/p>\n<h4>Schiedsrichter: Julian Amend (KSV Haingrund). Zuschauer: 170.<\/h4>\n<h4>Tore: 1:0 Florian Schuberth (6.), 1:1 Joshua Beck (33.), 2:1 Florian Schuberth (43.), 2:2 Joshua Beck (52., Elfmeter)<\/h4>\n","protected":false},"excerpt":{"rendered":"<p>Die FG Seckbach musste sich gegen die SG Wehrheim\/Pfaffenwiesbach mit 2:2 zufriedengeben, hatte aber Chancen f\u00fcr 10 Tore in einem Spiel, das kurios endete. FG Seckbach &#8211; SG Wehrheim\/Pfaffenwiesbach 2:2 (2:1) Die FG Seckbach verpasste den Sprung auf Platz 3, da zu viele Chancen vergeben wurden. In der ersten Halbzeit war es ein einseitiges Spiel, [&hellip;]<\/p>\n","protected":false},"author":3,"featured_media":27339,"comment_status":"closed","ping_status":"open","sticky":true,"template":"","format":"standard","meta":{"footnotes":""},"categories":[13],"tags":[],"class_list":["post-28240","post","type-post","status-publish","format-standard","has-post-thumbnail","hentry","category-gruppenliga-frankfurt-west"],"_links":{"self":[{"href":"https:\/\/insideamateurfussball-ffm.de\/index.php?rest_route=\/wp\/v2\/posts\/28240","targetHints":{"allow":["GET"]}}],"collection":[{"href":"https:\/\/insideamateurfussball-ffm.de\/index.php?rest_route=\/wp\/v2\/posts"}],"about":[{"href":"https:\/\/insideamateurfussball-ffm.de\/index.php?rest_route=\/wp\/v2\/types\/post"}],"author":[{"embeddable":true,"href":"https:\/\/insideamateurfussball-ffm.de\/index.php?rest_route=\/wp\/v2\/users\/3"}],"replies":[{"embeddable":true,"href":"https:\/\/insideamateurfussball-ffm.de\/index.php?rest_route=%2Fwp%2Fv2%2Fcomments&post=28240"}],"version-history":[{"count":3,"href":"https:\/\/insideamateurfussball-ffm.de\/index.php?rest_route=\/wp\/v2\/posts\/28240\/revisions"}],"predecessor-version":[{"id":28243,"href":"https:\/\/insideamateurfussball-ffm.de\/index.php?rest_route=\/wp\/v2\/posts\/28240\/revisions\/28243"}],"wp:featuredmedia":[{"embeddable":true,"href":"https:\/\/insideamateurfussball-ffm.de\/index.php?rest_route=\/wp\/v2\/media\/27339"}],"wp:attachment":[{"href":"https:\/\/insideamateurfussball-ffm.de\/index.php?rest_route=%2Fwp%2Fv2%2Fmedia&parent=28240"}],"wp:term":[{"taxonomy":"category","embeddable":true,"href":"https:\/\/insideamateurfussball-ffm.de\/index.php?rest_route=%2Fwp%2Fv2%2Fcategories&post=28240"},{"taxonomy":"post_tag","embeddable":true,"href":"https:\/\/insideamateurfussball-ffm.de\/index.php?rest_route=%2Fwp%2Fv2%2Ftags&post=28240"}],"curies":[{"name":"wp","href":"https:\/\/api.w.org\/{rel}","templated":true}]}}