{"id":28202,"date":"2025-09-29T14:00:00","date_gmt":"2025-09-29T13:00:00","guid":{"rendered":"https:\/\/insideamateurfussball-ffm.de\/?p=28202"},"modified":"2025-09-29T15:16:06","modified_gmt":"2025-09-29T14:16:06","slug":"zeilsheim-am-tiefpunkt","status":"publish","type":"post","link":"https:\/\/insideamateurfussball-ffm.de\/?p=28202","title":{"rendered":"Zeilsheim am Tiefpunkt"},"content":{"rendered":"<h4>Der SV Zeilsheim l\u00e4uft in der Verbandsliga Mitte seinen eigenen Erwartungen hinterher und konnte auch beim T\u00fcrkischen SV Wiesbaden nicht gewinnen, die Frankfurter verloren das Spiel mit 0:2 und belegen nur noch den 13.Tabellenplatz.<\/h4>\n<figure id=\"attachment_28203\" aria-describedby=\"caption-attachment-28203\" style=\"width: 954px\" class=\"wp-caption alignnone\"><img loading=\"lazy\" decoding=\"async\" class=\"wp-image-28203 size-full\" src=\"http:\/\/insideamateurfussball-ffm.de\/wp-content\/uploads\/2025\/09\/10-Asgar-Said-Sadah-musste-frueh-ausgewechselt-werdern.jpg\" alt=\"\" width=\"954\" height=\"885\" srcset=\"https:\/\/insideamateurfussball-ffm.de\/wp-content\/uploads\/2025\/09\/10-Asgar-Said-Sadah-musste-frueh-ausgewechselt-werdern.jpg 954w, https:\/\/insideamateurfussball-ffm.de\/wp-content\/uploads\/2025\/09\/10-Asgar-Said-Sadah-musste-frueh-ausgewechselt-werdern-300x278.jpg 300w, https:\/\/insideamateurfussball-ffm.de\/wp-content\/uploads\/2025\/09\/10-Asgar-Said-Sadah-musste-frueh-ausgewechselt-werdern-768x712.jpg 768w\" sizes=\"auto, (max-width: 954px) 100vw, 954px\" \/><figcaption id=\"caption-attachment-28203\" class=\"wp-caption-text\">Said Asgar Said Sadah musste fr\u00fch ausgewechselt werden. Foto: Verein<\/figcaption><\/figure>\n<h4>T\u00fcrkischer SV Wiesbaden &#8211; SV Zeilsheim 2:0 (1:0)<\/h4>\n<p><img loading=\"lazy\" decoding=\"async\" class=\"alignnone size-full wp-image-28204\" src=\"http:\/\/insideamateurfussball-ffm.de\/wp-content\/uploads\/2025\/09\/logo-wiesbaden.png\" alt=\"\" width=\"80\" height=\"80\" \/><img loading=\"lazy\" decoding=\"async\" class=\"alignnone size-full wp-image-20302\" src=\"http:\/\/insideamateurfussball-ffm.de\/wp-content\/uploads\/2024\/08\/logo-zeilsheim.jpeg\" alt=\"\" width=\"68\" height=\"80\" \/><\/p>\n<p>(Wi-Dotzheim, 28.09.2025). F\u00fcr den SV Zeilsheim setzte es bereits die sechste Niederlage im zehnten Saisonspiel. &#8222;Sp\u00e4testens jetzt sind wir in einem tiefen Loch&#8220;, stellt Peter Strauch, Vorsitzender des SV, frustriert fest. &#8222;Uns ist das Selbstvertrauen verloren gegangen.&#8220; Er sah 90 k\u00e4mpferische Minuten seiner Mannschaft, die jedoch wenige produktive Chancen beinhaltet hatten. &#8222;Wir haben spielerisch den Faden verloren und kommen einfach nicht h\u00e4ufig genug nach vorne&#8220;, so Strauch.<\/p>\n<p>Sinnbildlich passierte der erste Gegentreffer. &#8222;W\u00e4hrend dem Angriff der Wiesbadener hatte Au\u00dfenverteidiger Said Askar Said Sadah einen Schw\u00e4cheanfall und Daniel Rudi war dann frei durch.&#8220; Kurz nach der Halbzeit verpasste Dusan Crnomut aus zehn Metern den Ausgleichstreffer. In der 65. Minute f\u00e4lschte Ogulcan Tuerkmen eine Hereingabe ins eigene Tor ab. &#8222;So etwas passiert, da kann man ihm keinen Vorwurf machen.&#8220; So stand die n\u00e4chste Niederlage f\u00fcr den SV Zeilsheim fest.<\/p>\n<p>Bereits am Mittwoch und Freitag stehen die n\u00e4chsten Spiele an. Zun\u00e4chst geht es im Kreispokal nach Fischbach. &#8222;Da werden wir eine verst\u00e4rkte 2. Mannschaft auf den Platz schicken. Die 1. Mannschaft spielt bereits zwei Tage sp\u00e4ter gegen Dietkirchen.&#8220; Der Pokal kann den Zeilsheimern nach den Misserfolgen in der Liga guttun. &#8222;Die Mannschaft braucht wieder Selbstbewusstsein, was sie sich durch einen Sieg in Fischbach zur\u00fcckholen kann.&#8220;<\/p>\n<p>So spielte der SV: Alon Albus, Leonardo Bianco (59. Dariyan Demir), Tobias Werther, Dino Kurbegovic, Askar Said Sadah (26. Mikael Neway), Arian Selmani, Dominique Jourdan (46. Ogulcan T\u00fcrkmen), Takuto Tanaka, Dusan Crnomut, Andre Flies, Jannik Lacayo (74. Zakariya Ziouani)<\/p>\n<h4>Tore: 1:0 Rudi (20.), 2:0 Eigentor (70.).<\/h4>\n<h4>Schiedsrichter: Julien Scherthan<\/h4>\n","protected":false},"excerpt":{"rendered":"<p>Der SV Zeilsheim l\u00e4uft in der Verbandsliga Mitte seinen eigenen Erwartungen hinterher und konnte auch beim T\u00fcrkischen SV Wiesbaden nicht gewinnen, die Frankfurter verloren das Spiel mit 0:2 und belegen nur noch den 13.Tabellenplatz. T\u00fcrkischer SV Wiesbaden &#8211; SV Zeilsheim 2:0 (1:0) (Wi-Dotzheim, 28.09.2025). F\u00fcr den SV Zeilsheim setzte es bereits die sechste Niederlage im [&hellip;]<\/p>\n","protected":false},"author":3,"featured_media":28203,"comment_status":"closed","ping_status":"open","sticky":true,"template":"","format":"standard","meta":{"footnotes":""},"categories":[32],"tags":[],"class_list":["post-28202","post","type-post","status-publish","format-standard","has-post-thumbnail","hentry","category-verbandsliga-mitte"],"_links":{"self":[{"href":"https:\/\/insideamateurfussball-ffm.de\/index.php?rest_route=\/wp\/v2\/posts\/28202","targetHints":{"allow":["GET"]}}],"collection":[{"href":"https:\/\/insideamateurfussball-ffm.de\/index.php?rest_route=\/wp\/v2\/posts"}],"about":[{"href":"https:\/\/insideamateurfussball-ffm.de\/index.php?rest_route=\/wp\/v2\/types\/post"}],"author":[{"embeddable":true,"href":"https:\/\/insideamateurfussball-ffm.de\/index.php?rest_route=\/wp\/v2\/users\/3"}],"replies":[{"embeddable":true,"href":"https:\/\/insideamateurfussball-ffm.de\/index.php?rest_route=%2Fwp%2Fv2%2Fcomments&post=28202"}],"version-history":[{"count":2,"href":"https:\/\/insideamateurfussball-ffm.de\/index.php?rest_route=\/wp\/v2\/posts\/28202\/revisions"}],"predecessor-version":[{"id":28206,"href":"https:\/\/insideamateurfussball-ffm.de\/index.php?rest_route=\/wp\/v2\/posts\/28202\/revisions\/28206"}],"wp:featuredmedia":[{"embeddable":true,"href":"https:\/\/insideamateurfussball-ffm.de\/index.php?rest_route=\/wp\/v2\/media\/28203"}],"wp:attachment":[{"href":"https:\/\/insideamateurfussball-ffm.de\/index.php?rest_route=%2Fwp%2Fv2%2Fmedia&parent=28202"}],"wp:term":[{"taxonomy":"category","embeddable":true,"href":"https:\/\/insideamateurfussball-ffm.de\/index.php?rest_route=%2Fwp%2Fv2%2Fcategories&post=28202"},{"taxonomy":"post_tag","embeddable":true,"href":"https:\/\/insideamateurfussball-ffm.de\/index.php?rest_route=%2Fwp%2Fv2%2Ftags&post=28202"}],"curies":[{"name":"wp","href":"https:\/\/api.w.org\/{rel}","templated":true}]}}