{"id":28198,"date":"2025-09-29T15:01:16","date_gmt":"2025-09-29T14:01:16","guid":{"rendered":"https:\/\/insideamateurfussball-ffm.de\/?p=28198"},"modified":"2025-09-29T15:01:16","modified_gmt":"2025-09-29T14:01:16","slug":"bosnier-gewinnen-mit-4-derdemez-toren","status":"publish","type":"post","link":"https:\/\/insideamateurfussball-ffm.de\/?p=28198","title":{"rendered":"Bosnier gewinnen mit 4 Derdemez-Toren"},"content":{"rendered":"<h4>Der SV Bosnien\/Herzegowina baute seine Tabellenf\u00fchrung aus und siegte deutlich mit 5:2 beim FC Kosova, Almir Derdemez hatte mit 4 Toren gro\u00dfen Anteil an dem Erfolg.<\/h4>\n<figure id=\"attachment_28199\" aria-describedby=\"caption-attachment-28199\" style=\"width: 1476px\" class=\"wp-caption alignnone\"><img loading=\"lazy\" decoding=\"async\" class=\"wp-image-28199 size-full\" src=\"http:\/\/insideamateurfussball-ffm.de\/wp-content\/uploads\/2025\/09\/COMBI-BOSNIEN.jpg\" alt=\"\" width=\"1476\" height=\"987\" srcset=\"https:\/\/insideamateurfussball-ffm.de\/wp-content\/uploads\/2025\/09\/COMBI-BOSNIEN.jpg 1476w, https:\/\/insideamateurfussball-ffm.de\/wp-content\/uploads\/2025\/09\/COMBI-BOSNIEN-300x201.jpg 300w, https:\/\/insideamateurfussball-ffm.de\/wp-content\/uploads\/2025\/09\/COMBI-BOSNIEN-1024x685.jpg 1024w, https:\/\/insideamateurfussball-ffm.de\/wp-content\/uploads\/2025\/09\/COMBI-BOSNIEN-768x514.jpg 768w\" sizes=\"auto, (max-width: 1476px) 100vw, 1476px\" \/><figcaption id=\"caption-attachment-28199\" class=\"wp-caption-text\">Die Bosnier dominieren die Gruppenliga und haben 6 Punkte Vorsprung in der Tabelle. Grafik: Mithat G\u00fcrser<\/figcaption><\/figure>\n<h4>FC Kosova &#8211; SV Bosnien\/Herzegowina 2:5 (0:2)<\/h4>\n<p><img loading=\"lazy\" decoding=\"async\" class=\"alignnone size-full wp-image-9\" src=\"http:\/\/insideamateurfussball-ffm.de\/wp-content\/uploads\/2021\/11\/Kosova.jpg\" alt=\"\" width=\"65\" height=\"80\" \/><img loading=\"lazy\" decoding=\"async\" class=\"alignnone size-full wp-image-139\" src=\"http:\/\/insideamateurfussball-ffm.de\/wp-content\/uploads\/2022\/05\/Bosnien.jpg\" alt=\"\" width=\"79\" height=\"80\" \/><\/p>\n<p>Der SV Bosnien\/Herzegowina konnte durch den 5:2-Sieg beim FC Kosova seine Tabellenf\u00fchrung auf 6 Punkte ausbauen, da Verfolger T\u00fcrkischer SV Bad Nauheim in Oberrad Punkte abgeben musste. Auch wenn das Ergebnis so klar aussieht, hielten die Gastgeber gut mit, ihr neuer Trainer Erc\u00fcment Sahin war zufrieden: \u201ewir haben defensiv gut gestanden, das wollte ich sehen.\u201c Die Bosnier gingen fr\u00fch durch ein Tor ihres Topst\u00fcrmers Almir Derdemez mit 1:0 in F\u00fchrung, da waren gerade einmal 5 Minuten gespielt. Auch die Gastgeber konnten sich einige Chancen erspielen, waren aber in der Offensive ohne ihren St\u00fcrmer Flakron Thaci nicht effektiv genug. Almir Ziga erh\u00f6hte in der 31.Minute f\u00fcr die G\u00e4ste auf 2:0, mit diesem Ergebnis ging es dann in die Pause. Bosniens Pressesprecher Admir Malohodzic lobte den Gegner: \u201eKosova hat gut mitgehalten und kam einige Male gef\u00e4hrlich vor unser Tor, nach dem verletzungsbedingten Ausscheiden ihres Spielmachers <em>(Argjend Mustafa, die Red.)<\/em> lief es beim Gegner nicht mehr so gut.\u201c<\/p>\n<p>Kurz nach der Halbzeit in der 50.Minute war es erneut Almir Derdemez, der das 3:0 f\u00fcr die Bosnier erzielen konnte, doch nur zwei Minuten sp\u00e4ter verk\u00fcrzte Denis Memedi f\u00fcr Kosova auf 1:3. Trainer Sahin: \u201enach dem 1:3 haben wir so 7-8 Minuten den Faden verloren.\u201c Das nutzten die G\u00e4ste und vor allen Dingen ihr Toptorj\u00e4ger Derdemez aus, mit einem Doppelschlag erzielte er in der 61. und 62.Minute zwei weitere Treffer zum 5:1. Derdemez hat nach dem 11.Spieltag bereits 20 Tore auf seinem Konto und ist eine Lebensversicherung f\u00fcr die Bosnier. Die Gastgeber konnten in der 71.Minute noch einmal verk\u00fcrzen, Faton Ademi erzielte den 2:5-Endstand. Trainer Sahin: \u201ewir hatten viele gute Chancen und haben auch zwei Abseitstore kassiert, ich bin stolz auf die Jungs. Ich habe viel Zusammenhalt und Positivit\u00e4t gesehen, die Spieler haben viel davon umgesetzt, was wir trainiert haben.\u201c<\/p>\n<p>Pressesprecher Malohodzic res\u00fcmierte: \u201ewir waren zwar dominant im Spielaufbau, aber waren nicht so souver\u00e4n wie in den vorherigen Spielen. Dennoch war der Sieg verdient, das Ergebnis sagt alles.\u201c Gest\u00f6rt habe nur die gelb-rote Karte, die Safet Mujkic in der 85.Minute nach wiederholtem Foulspiel erhielt. F\u00fcr die Bosnier steht jetzt das schwere Spiel gegen die FG Seckbach an, ehe es zum Gipfeltreffen gegen den T\u00fcrkischen SV Bad Nauheim kommt.<\/p>\n<p>F\u00fcr den FC Kosova geht es in der Woche hart weiter, drei Trainingseinheiten und das Pokalspiel am Dienstag beim 1.R\u00f6delheimer FC 02 stehen an, Trainer Sahin macht seine eigene Vorbereitung mitten in der Saison. Am n\u00e4chsten Sonntag reist man zum T\u00fcrkischen SV Bad Nauheim, bevor die n\u00e4chste Woche spielfrei ist.<\/p>\n<h4>Schiedsrichter: Manuel Abbondanza (1.SC Kohlheck). Zuschauer: 200.<\/h4>\n<h4>Tore: 0:1 Almir Derdemez (5.), 0:2 Almir Ziga (35.), 0:3 Almir Derdemez (50.), 1:3 Denis Memedi (52.), 1:4 Almir Derdemez (61.), 1:5 Almir Derdemez (62.), 2:5 Faton Ademi (71.)<\/h4>\n","protected":false},"excerpt":{"rendered":"<p>Der SV Bosnien\/Herzegowina baute seine Tabellenf\u00fchrung aus und siegte deutlich mit 5:2 beim FC Kosova, Almir Derdemez hatte mit 4 Toren gro\u00dfen Anteil an dem Erfolg. FC Kosova &#8211; SV Bosnien\/Herzegowina 2:5 (0:2) Der SV Bosnien\/Herzegowina konnte durch den 5:2-Sieg beim FC Kosova seine Tabellenf\u00fchrung auf 6 Punkte ausbauen, da Verfolger T\u00fcrkischer SV Bad Nauheim [&hellip;]<\/p>\n","protected":false},"author":3,"featured_media":28199,"comment_status":"closed","ping_status":"open","sticky":true,"template":"","format":"standard","meta":{"footnotes":""},"categories":[13],"tags":[],"class_list":["post-28198","post","type-post","status-publish","format-standard","has-post-thumbnail","hentry","category-gruppenliga-frankfurt-west"],"_links":{"self":[{"href":"https:\/\/insideamateurfussball-ffm.de\/index.php?rest_route=\/wp\/v2\/posts\/28198","targetHints":{"allow":["GET"]}}],"collection":[{"href":"https:\/\/insideamateurfussball-ffm.de\/index.php?rest_route=\/wp\/v2\/posts"}],"about":[{"href":"https:\/\/insideamateurfussball-ffm.de\/index.php?rest_route=\/wp\/v2\/types\/post"}],"author":[{"embeddable":true,"href":"https:\/\/insideamateurfussball-ffm.de\/index.php?rest_route=\/wp\/v2\/users\/3"}],"replies":[{"embeddable":true,"href":"https:\/\/insideamateurfussball-ffm.de\/index.php?rest_route=%2Fwp%2Fv2%2Fcomments&post=28198"}],"version-history":[{"count":2,"href":"https:\/\/insideamateurfussball-ffm.de\/index.php?rest_route=\/wp\/v2\/posts\/28198\/revisions"}],"predecessor-version":[{"id":28201,"href":"https:\/\/insideamateurfussball-ffm.de\/index.php?rest_route=\/wp\/v2\/posts\/28198\/revisions\/28201"}],"wp:featuredmedia":[{"embeddable":true,"href":"https:\/\/insideamateurfussball-ffm.de\/index.php?rest_route=\/wp\/v2\/media\/28199"}],"wp:attachment":[{"href":"https:\/\/insideamateurfussball-ffm.de\/index.php?rest_route=%2Fwp%2Fv2%2Fmedia&parent=28198"}],"wp:term":[{"taxonomy":"category","embeddable":true,"href":"https:\/\/insideamateurfussball-ffm.de\/index.php?rest_route=%2Fwp%2Fv2%2Fcategories&post=28198"},{"taxonomy":"post_tag","embeddable":true,"href":"https:\/\/insideamateurfussball-ffm.de\/index.php?rest_route=%2Fwp%2Fv2%2Ftags&post=28198"}],"curies":[{"name":"wp","href":"https:\/\/api.w.org\/{rel}","templated":true}]}}