{"id":28195,"date":"2025-09-29T14:18:21","date_gmt":"2025-09-29T13:18:21","guid":{"rendered":"https:\/\/insideamateurfussball-ffm.de\/?p=28195"},"modified":"2025-09-29T14:18:21","modified_gmt":"2025-09-29T13:18:21","slug":"fechenheim-verliert-erneut-mit-vielen-gegentoren","status":"publish","type":"post","link":"https:\/\/insideamateurfussball-ffm.de\/?p=28195","title":{"rendered":"Fechenheim verliert erneut mit vielen Gegentoren"},"content":{"rendered":"<h4>Die Spvgg. 03 Fechenheim zeigte erneut defensiv eine schwache Leistung, diesmal waren es 5 Gegentore im Heimspiel gegen den FV Stierstadt, das Spiel ging mit 2:5 verloren.<\/h4>\n<figure id=\"attachment_27212\" aria-describedby=\"caption-attachment-27212\" style=\"width: 2016px\" class=\"wp-caption alignnone\"><img loading=\"lazy\" decoding=\"async\" class=\"wp-image-27212 size-full\" src=\"http:\/\/insideamateurfussball-ffm.de\/wp-content\/uploads\/2025\/08\/fechenheimbosnien01.jpg\" alt=\"\" width=\"2016\" height=\"1512\" srcset=\"https:\/\/insideamateurfussball-ffm.de\/wp-content\/uploads\/2025\/08\/fechenheimbosnien01.jpg 2016w, https:\/\/insideamateurfussball-ffm.de\/wp-content\/uploads\/2025\/08\/fechenheimbosnien01-300x225.jpg 300w, https:\/\/insideamateurfussball-ffm.de\/wp-content\/uploads\/2025\/08\/fechenheimbosnien01-1024x768.jpg 1024w, https:\/\/insideamateurfussball-ffm.de\/wp-content\/uploads\/2025\/08\/fechenheimbosnien01-768x576.jpg 768w, https:\/\/insideamateurfussball-ffm.de\/wp-content\/uploads\/2025\/08\/fechenheimbosnien01-1536x1152.jpg 1536w\" sizes=\"auto, (max-width: 2016px) 100vw, 2016px\" \/><figcaption id=\"caption-attachment-27212\" class=\"wp-caption-text\">Die Mannschaft aus Fechenheim musste erneut viele Gegentore schlicken. Foto: Archiv MZ<\/figcaption><\/figure>\n<h4>Spvgg. 03 Fechenheim &#8211; FV Stierstadt 2:5 (1:4)<\/h4>\n<p><img loading=\"lazy\" decoding=\"async\" class=\"alignnone size-full wp-image-603\" src=\"http:\/\/insideamateurfussball-ffm.de\/wp-content\/uploads\/2022\/06\/Fech03.jpg\" alt=\"\" width=\"52\" height=\"80\" \/><img loading=\"lazy\" decoding=\"async\" class=\"alignnone size-full wp-image-3054\" src=\"http:\/\/insideamateurfussball-ffm.de\/wp-content\/uploads\/2022\/10\/Stierstadt.png\" alt=\"\" width=\"80\" height=\"80\" \/><\/p>\n<p>Die Spvgg. 03 Fechenheim stellt nach 10 Spieltagen mit 35 Gegentoren nach dem FC Kosova die schlechteste Defensive, da helfen auch die bereits erzielten 28 eigenen Tore nicht, um viele Spiele zu gewinnen. Die ersten zwei Chancen im Spiel gegen den FV Stierstadt hatten die Gastgeber aus Fechenheim, doch die G\u00e4ste gingen in der 7.Minute durch Davide Pedergnana mit 1:0 in F\u00fchrung. Nach den Worten ihres Trainers Necip Incesu sind die Fechenheimer \u201enach dem R\u00fcckstand total eingebrochen\u201c, da half auch der 1:1-Ausgleich durch Metahen Karakus in der 22.Minute nicht viel. Die G\u00e4ste aus Stierstadt nutzen die Defensivschw\u00e4chen der Gastgeber und erh\u00f6hten noch vor der Pause auf 4:1, Sinan Sch\u00fclli in der 27.Minute, Christian Kaus in der 31.Minute und Joshua Lyzcarz in der 41.Minute waren die Torsch\u00fctzen.<\/p>\n<p>Trainer Incesu reagierte in der Pause und wechselte gleich viermal, doch es besserte sich nicht, in der 64.Minute erh\u00f6hte erneut Sch\u00fclli auf 5:1, ehe Kimon Kozaris f\u00fcr Fechenheim in der 78.Minute beim 2:5 noch Ergebniskosmetik betrieb. Incesu: \u201ewir h\u00e4tten noch 100 Minuten spielen k\u00f6nnen, ohne dass wir vorne getroffen h\u00e4tten. Es ist bezeichnend, dass meine beiden Au\u00dfenverteidiger unsere Tore erzielt haben. Mit so einer Defensivleistung kann man kein Spiel gewinnen, die Niederlage ist verdient. Wir m\u00fcssen jetzt Stabilit\u00e4t in die Abwehr bekommen und punkten, der Abstand nach unten wird kleiner.\u201c<\/p>\n<p>Die Fechenheimer bestreiten ihr n\u00e4chstes Spiel bereits am Donnerstagabend, die Frankfurter m\u00fcssen zum FC Karben reisen.<\/p>\n<h4>Schiedsrichter: Julia D\u00f6rr (TSV Wolfskehlen). Zuschauer: 80.<\/h4>\n<h4>Tore: 0:1 Davide Pedergnana (7.), 1:1 Metehan Karakus (22.), 1:2 Sinaan Sch\u00fclli (27.), 1:3 Christian Kaus (31.), 1:4 Joshua Lyzcarz (42.), 1:5 Sinaan Sch\u00fclli (64.), 2:5 Kimon Kozaris (78.)<\/h4>\n","protected":false},"excerpt":{"rendered":"<p>Die Spvgg. 03 Fechenheim zeigte erneut defensiv eine schwache Leistung, diesmal waren es 5 Gegentore im Heimspiel gegen den FV Stierstadt, das Spiel ging mit 2:5 verloren. Spvgg. 03 Fechenheim &#8211; FV Stierstadt 2:5 (1:4) Die Spvgg. 03 Fechenheim stellt nach 10 Spieltagen mit 35 Gegentoren nach dem FC Kosova die schlechteste Defensive, da helfen [&hellip;]<\/p>\n","protected":false},"author":3,"featured_media":27212,"comment_status":"closed","ping_status":"open","sticky":true,"template":"","format":"standard","meta":{"footnotes":""},"categories":[13],"tags":[],"class_list":["post-28195","post","type-post","status-publish","format-standard","has-post-thumbnail","hentry","category-gruppenliga-frankfurt-west"],"_links":{"self":[{"href":"https:\/\/insideamateurfussball-ffm.de\/index.php?rest_route=\/wp\/v2\/posts\/28195","targetHints":{"allow":["GET"]}}],"collection":[{"href":"https:\/\/insideamateurfussball-ffm.de\/index.php?rest_route=\/wp\/v2\/posts"}],"about":[{"href":"https:\/\/insideamateurfussball-ffm.de\/index.php?rest_route=\/wp\/v2\/types\/post"}],"author":[{"embeddable":true,"href":"https:\/\/insideamateurfussball-ffm.de\/index.php?rest_route=\/wp\/v2\/users\/3"}],"replies":[{"embeddable":true,"href":"https:\/\/insideamateurfussball-ffm.de\/index.php?rest_route=%2Fwp%2Fv2%2Fcomments&post=28195"}],"version-history":[{"count":2,"href":"https:\/\/insideamateurfussball-ffm.de\/index.php?rest_route=\/wp\/v2\/posts\/28195\/revisions"}],"predecessor-version":[{"id":28197,"href":"https:\/\/insideamateurfussball-ffm.de\/index.php?rest_route=\/wp\/v2\/posts\/28195\/revisions\/28197"}],"wp:featuredmedia":[{"embeddable":true,"href":"https:\/\/insideamateurfussball-ffm.de\/index.php?rest_route=\/wp\/v2\/media\/27212"}],"wp:attachment":[{"href":"https:\/\/insideamateurfussball-ffm.de\/index.php?rest_route=%2Fwp%2Fv2%2Fmedia&parent=28195"}],"wp:term":[{"taxonomy":"category","embeddable":true,"href":"https:\/\/insideamateurfussball-ffm.de\/index.php?rest_route=%2Fwp%2Fv2%2Fcategories&post=28195"},{"taxonomy":"post_tag","embeddable":true,"href":"https:\/\/insideamateurfussball-ffm.de\/index.php?rest_route=%2Fwp%2Fv2%2Ftags&post=28195"}],"curies":[{"name":"wp","href":"https:\/\/api.w.org\/{rel}","templated":true}]}}