{"id":28190,"date":"2025-09-29T13:34:24","date_gmt":"2025-09-29T12:34:24","guid":{"rendered":"https:\/\/insideamateurfussball-ffm.de\/?p=28190"},"modified":"2025-09-29T17:01:58","modified_gmt":"2025-09-29T16:01:58","slug":"bornheim-mit-weiterem-zu-null-sieg","status":"publish","type":"post","link":"https:\/\/insideamateurfussball-ffm.de\/?p=28190","title":{"rendered":"Bornheim mit weiterem Zu-Null-Sieg"},"content":{"rendered":"<h4>Die SG Bornheim schwimmt derzeit auf einer Welle des Erfolgs, mit dem zweiten Zu-Null-Sieg in Folge beim 4:0 bei der zweiten Mannschaft von RW Walldorf belegen die Bornheimer derzeit Rang 6 in der Tabelle.<\/h4>\n<figure id=\"attachment_28233\" aria-describedby=\"caption-attachment-28233\" style=\"width: 2560px\" class=\"wp-caption alignnone\"><img loading=\"lazy\" decoding=\"async\" class=\"wp-image-28233 size-full\" src=\"http:\/\/insideamateurfussball-ffm.de\/wp-content\/uploads\/2025\/09\/RWWalldorf2-SGB_250928-547-scaled.jpg\" alt=\"\" width=\"2560\" height=\"1707\" srcset=\"https:\/\/insideamateurfussball-ffm.de\/wp-content\/uploads\/2025\/09\/RWWalldorf2-SGB_250928-547-scaled.jpg 2560w, https:\/\/insideamateurfussball-ffm.de\/wp-content\/uploads\/2025\/09\/RWWalldorf2-SGB_250928-547-300x200.jpg 300w, https:\/\/insideamateurfussball-ffm.de\/wp-content\/uploads\/2025\/09\/RWWalldorf2-SGB_250928-547-1024x683.jpg 1024w, https:\/\/insideamateurfussball-ffm.de\/wp-content\/uploads\/2025\/09\/RWWalldorf2-SGB_250928-547-768x512.jpg 768w, https:\/\/insideamateurfussball-ffm.de\/wp-content\/uploads\/2025\/09\/RWWalldorf2-SGB_250928-547-1536x1024.jpg 1536w, https:\/\/insideamateurfussball-ffm.de\/wp-content\/uploads\/2025\/09\/RWWalldorf2-SGB_250928-547-2048x1365.jpg 2048w\" sizes=\"auto, (max-width: 2560px) 100vw, 2560px\" \/><figcaption id=\"caption-attachment-28233\" class=\"wp-caption-text\">Kapit\u00e4n Lukas Knell begl\u00fcckw\u00fcnscht Taha Azaitouni zu dessen Kopfballtor. Foto: Andre Sturmeit<\/figcaption><\/figure>\n<p>RW Walldorf II &#8211; SG Bornheim 0:4 (0:1)<\/p>\n<p><img loading=\"lazy\" decoding=\"async\" class=\"alignnone size-full wp-image-1074\" src=\"http:\/\/insideamateurfussball-ffm.de\/wp-content\/uploads\/2022\/07\/Walldorf.jpg\" alt=\"\" width=\"80\" height=\"80\" \/><img loading=\"lazy\" decoding=\"async\" class=\"alignnone size-full wp-image-119\" src=\"http:\/\/insideamateurfussball-ffm.de\/wp-content\/uploads\/2022\/05\/Bornheim.jpg\" alt=\"\" width=\"80\" height=\"80\" \/><\/p>\n<p>Die Bornheimer legten bei der zweiten Mannschaft von RW Walldorf einen souver\u00e4nen Auftritt hin und siegten souver\u00e4n und ungef\u00e4hrdet mit 4:0. Es dauerte bis zur 41.Minute, ehe es Bilal Zerouali vorbehalten war, die l\u00e4ngst verdiente F\u00fchrung f\u00fcr die Frankfurter G\u00e4ste herauszuschie\u00dfen. Die Bornheimer best\u00e4tigten ihren guten Lauf und gingen mit der 1:0-F\u00fchrung in die Halbzeit. Auch in der zweiten H\u00e4lfte lie\u00dfen die G\u00e4ste nichts anbrennen, Taha Azaitouni kam in der 60.Minute vor dem Torwart an den Ball und konnte mit dem Kopf das 2:0 erzielen, f\u00fcr SG-Trainer Taner Yalcin war damit die Partie entschieden.<\/p>\n<p>Nach einem Foul an Lukas Knell konnte Patrick Albert mit dem verwandelten Elfmeter auf 3:0 erh\u00f6hen, ehe es Lukas Knell\u00a0 bereits in der 73.Minute den Schlusspunkt zum 4:0-Endstand setzte. Yalcin war zufrieden, dass man die im Training erlernten Prinzipien im Spiel immer h\u00e4ufiger sieht: \u201ees war eine reife und souver\u00e4ne Leistung, wir sind im Augenblick in der Defensive sehr stabil und flexibel nach vorne. Wir sind keine Tr\u00e4umer, genie\u00dfen aber den Moment und haben einen guten Lauf.\u201c<\/p>\n<p>Am n\u00e4chsten Sonntag kommt der Tabellendritte, die zweite Mannschaft von Kickers Offenbach, nach Bornheim.<\/p>\n<h4>Schiedsrichter: Kevin Kuchler (FC Kaichen). Zuschauer: 150.<\/h4>\n<h4>Tore: 0:1 Bilal Zerouali (41.), 0:2 Taha Azaitouni (60.), 0:3 Patrick Albert (67., Elfmeter), 0:4 Lukas Knell (73.)<\/h4>\n<blockquote>\n<h4>Die Bildergalerie stammt wieder vom SG-Fotografen Andre Sturmeit.<\/h4>\n<\/blockquote>\n\n\n<figure class=\"wp-block-image size-large\"><img loading=\"lazy\" decoding=\"async\" width=\"1024\" height=\"683\" src=\"http:\/\/insideamateurfussball-ffm.de\/wp-content\/uploads\/2025\/09\/RWWalldorf2-SGB_250928-16-1024x683.jpg\" alt=\"\" class=\"wp-image-28223\" srcset=\"https:\/\/insideamateurfussball-ffm.de\/wp-content\/uploads\/2025\/09\/RWWalldorf2-SGB_250928-16-1024x683.jpg 1024w, https:\/\/insideamateurfussball-ffm.de\/wp-content\/uploads\/2025\/09\/RWWalldorf2-SGB_250928-16-300x200.jpg 300w, https:\/\/insideamateurfussball-ffm.de\/wp-content\/uploads\/2025\/09\/RWWalldorf2-SGB_250928-16-768x512.jpg 768w, https:\/\/insideamateurfussball-ffm.de\/wp-content\/uploads\/2025\/09\/RWWalldorf2-SGB_250928-16-1536x1024.jpg 1536w, https:\/\/insideamateurfussball-ffm.de\/wp-content\/uploads\/2025\/09\/RWWalldorf2-SGB_250928-16-2048x1365.jpg 2048w\" sizes=\"auto, (max-width: 1024px) 100vw, 1024px\" \/><\/figure>\n\n\n\n<figure class=\"wp-block-image size-large\"><img loading=\"lazy\" decoding=\"async\" width=\"1024\" height=\"683\" src=\"http:\/\/insideamateurfussball-ffm.de\/wp-content\/uploads\/2025\/09\/RWWalldorf2-SGB_250928-34-1024x683.jpg\" alt=\"\" class=\"wp-image-28224\" srcset=\"https:\/\/insideamateurfussball-ffm.de\/wp-content\/uploads\/2025\/09\/RWWalldorf2-SGB_250928-34-1024x683.jpg 1024w, https:\/\/insideamateurfussball-ffm.de\/wp-content\/uploads\/2025\/09\/RWWalldorf2-SGB_250928-34-300x200.jpg 300w, https:\/\/insideamateurfussball-ffm.de\/wp-content\/uploads\/2025\/09\/RWWalldorf2-SGB_250928-34-768x512.jpg 768w, https:\/\/insideamateurfussball-ffm.de\/wp-content\/uploads\/2025\/09\/RWWalldorf2-SGB_250928-34-1536x1024.jpg 1536w, https:\/\/insideamateurfussball-ffm.de\/wp-content\/uploads\/2025\/09\/RWWalldorf2-SGB_250928-34-2048x1365.jpg 2048w\" sizes=\"auto, (max-width: 1024px) 100vw, 1024px\" \/><\/figure>\n\n\n\n<figure class=\"wp-block-image size-large\"><img loading=\"lazy\" decoding=\"async\" width=\"1024\" height=\"683\" src=\"http:\/\/insideamateurfussball-ffm.de\/wp-content\/uploads\/2025\/09\/RWWalldorf2-SGB_250928-69-1024x683.jpg\" alt=\"\" class=\"wp-image-28225\" srcset=\"https:\/\/insideamateurfussball-ffm.de\/wp-content\/uploads\/2025\/09\/RWWalldorf2-SGB_250928-69-1024x683.jpg 1024w, https:\/\/insideamateurfussball-ffm.de\/wp-content\/uploads\/2025\/09\/RWWalldorf2-SGB_250928-69-300x200.jpg 300w, https:\/\/insideamateurfussball-ffm.de\/wp-content\/uploads\/2025\/09\/RWWalldorf2-SGB_250928-69-768x512.jpg 768w, https:\/\/insideamateurfussball-ffm.de\/wp-content\/uploads\/2025\/09\/RWWalldorf2-SGB_250928-69-1536x1024.jpg 1536w, https:\/\/insideamateurfussball-ffm.de\/wp-content\/uploads\/2025\/09\/RWWalldorf2-SGB_250928-69-2048x1365.jpg 2048w\" sizes=\"auto, (max-width: 1024px) 100vw, 1024px\" \/><\/figure>\n\n\n\n<figure class=\"wp-block-image size-large\"><img loading=\"lazy\" decoding=\"async\" width=\"1024\" height=\"683\" src=\"http:\/\/insideamateurfussball-ffm.de\/wp-content\/uploads\/2025\/09\/RWWalldorf2-SGB_250928-127-1024x683.jpg\" alt=\"\" class=\"wp-image-28226\" srcset=\"https:\/\/insideamateurfussball-ffm.de\/wp-content\/uploads\/2025\/09\/RWWalldorf2-SGB_250928-127-1024x683.jpg 1024w, https:\/\/insideamateurfussball-ffm.de\/wp-content\/uploads\/2025\/09\/RWWalldorf2-SGB_250928-127-300x200.jpg 300w, https:\/\/insideamateurfussball-ffm.de\/wp-content\/uploads\/2025\/09\/RWWalldorf2-SGB_250928-127-768x512.jpg 768w, https:\/\/insideamateurfussball-ffm.de\/wp-content\/uploads\/2025\/09\/RWWalldorf2-SGB_250928-127-1536x1024.jpg 1536w, https:\/\/insideamateurfussball-ffm.de\/wp-content\/uploads\/2025\/09\/RWWalldorf2-SGB_250928-127-2048x1365.jpg 2048w\" sizes=\"auto, (max-width: 1024px) 100vw, 1024px\" \/><\/figure>\n\n\n\n<figure class=\"wp-block-image size-large\"><img loading=\"lazy\" decoding=\"async\" width=\"1024\" height=\"683\" src=\"http:\/\/insideamateurfussball-ffm.de\/wp-content\/uploads\/2025\/09\/RWWalldorf2-SGB_250928-164-1024x683.jpg\" alt=\"\" class=\"wp-image-28228\" srcset=\"https:\/\/insideamateurfussball-ffm.de\/wp-content\/uploads\/2025\/09\/RWWalldorf2-SGB_250928-164-1024x683.jpg 1024w, https:\/\/insideamateurfussball-ffm.de\/wp-content\/uploads\/2025\/09\/RWWalldorf2-SGB_250928-164-300x200.jpg 300w, https:\/\/insideamateurfussball-ffm.de\/wp-content\/uploads\/2025\/09\/RWWalldorf2-SGB_250928-164-768x512.jpg 768w, https:\/\/insideamateurfussball-ffm.de\/wp-content\/uploads\/2025\/09\/RWWalldorf2-SGB_250928-164-1536x1024.jpg 1536w, https:\/\/insideamateurfussball-ffm.de\/wp-content\/uploads\/2025\/09\/RWWalldorf2-SGB_250928-164-2048x1365.jpg 2048w\" sizes=\"auto, (max-width: 1024px) 100vw, 1024px\" \/><\/figure>\n\n\n\n<figure class=\"wp-block-image size-large\"><img loading=\"lazy\" decoding=\"async\" width=\"1024\" height=\"683\" src=\"http:\/\/insideamateurfussball-ffm.de\/wp-content\/uploads\/2025\/09\/RWWalldorf2-SGB_250928-232-1024x683.jpg\" alt=\"\" class=\"wp-image-28229\" srcset=\"https:\/\/insideamateurfussball-ffm.de\/wp-content\/uploads\/2025\/09\/RWWalldorf2-SGB_250928-232-1024x683.jpg 1024w, https:\/\/insideamateurfussball-ffm.de\/wp-content\/uploads\/2025\/09\/RWWalldorf2-SGB_250928-232-300x200.jpg 300w, https:\/\/insideamateurfussball-ffm.de\/wp-content\/uploads\/2025\/09\/RWWalldorf2-SGB_250928-232-768x512.jpg 768w, https:\/\/insideamateurfussball-ffm.de\/wp-content\/uploads\/2025\/09\/RWWalldorf2-SGB_250928-232-1536x1024.jpg 1536w, https:\/\/insideamateurfussball-ffm.de\/wp-content\/uploads\/2025\/09\/RWWalldorf2-SGB_250928-232-2048x1365.jpg 2048w\" sizes=\"auto, (max-width: 1024px) 100vw, 1024px\" \/><\/figure>\n\n\n\n<figure class=\"wp-block-image size-large\"><img loading=\"lazy\" decoding=\"async\" width=\"1024\" height=\"683\" src=\"http:\/\/insideamateurfussball-ffm.de\/wp-content\/uploads\/2025\/09\/RWWalldorf2-SGB_250928-418-1024x683.jpg\" alt=\"\" class=\"wp-image-28230\" srcset=\"https:\/\/insideamateurfussball-ffm.de\/wp-content\/uploads\/2025\/09\/RWWalldorf2-SGB_250928-418-1024x683.jpg 1024w, https:\/\/insideamateurfussball-ffm.de\/wp-content\/uploads\/2025\/09\/RWWalldorf2-SGB_250928-418-300x200.jpg 300w, https:\/\/insideamateurfussball-ffm.de\/wp-content\/uploads\/2025\/09\/RWWalldorf2-SGB_250928-418-768x512.jpg 768w, https:\/\/insideamateurfussball-ffm.de\/wp-content\/uploads\/2025\/09\/RWWalldorf2-SGB_250928-418-1536x1024.jpg 1536w, https:\/\/insideamateurfussball-ffm.de\/wp-content\/uploads\/2025\/09\/RWWalldorf2-SGB_250928-418-2048x1365.jpg 2048w\" sizes=\"auto, (max-width: 1024px) 100vw, 1024px\" \/><\/figure>\n\n\n\n<figure class=\"wp-block-image size-large\"><img loading=\"lazy\" decoding=\"async\" width=\"1024\" height=\"683\" src=\"http:\/\/insideamateurfussball-ffm.de\/wp-content\/uploads\/2025\/09\/RWWalldorf2-SGB_250928-470-1024x683.jpg\" alt=\"\" class=\"wp-image-28231\" srcset=\"https:\/\/insideamateurfussball-ffm.de\/wp-content\/uploads\/2025\/09\/RWWalldorf2-SGB_250928-470-1024x683.jpg 1024w, https:\/\/insideamateurfussball-ffm.de\/wp-content\/uploads\/2025\/09\/RWWalldorf2-SGB_250928-470-300x200.jpg 300w, https:\/\/insideamateurfussball-ffm.de\/wp-content\/uploads\/2025\/09\/RWWalldorf2-SGB_250928-470-768x512.jpg 768w, https:\/\/insideamateurfussball-ffm.de\/wp-content\/uploads\/2025\/09\/RWWalldorf2-SGB_250928-470-1536x1024.jpg 1536w, https:\/\/insideamateurfussball-ffm.de\/wp-content\/uploads\/2025\/09\/RWWalldorf2-SGB_250928-470-2048x1365.jpg 2048w\" sizes=\"auto, (max-width: 1024px) 100vw, 1024px\" \/><\/figure>\n\n\n\n<figure class=\"wp-block-image size-large\"><img loading=\"lazy\" decoding=\"async\" width=\"1024\" height=\"683\" src=\"http:\/\/insideamateurfussball-ffm.de\/wp-content\/uploads\/2025\/09\/RWWalldorf2-SGB_250928-510-1024x683.jpg\" alt=\"\" class=\"wp-image-28232\" srcset=\"https:\/\/insideamateurfussball-ffm.de\/wp-content\/uploads\/2025\/09\/RWWalldorf2-SGB_250928-510-1024x683.jpg 1024w, https:\/\/insideamateurfussball-ffm.de\/wp-content\/uploads\/2025\/09\/RWWalldorf2-SGB_250928-510-300x200.jpg 300w, https:\/\/insideamateurfussball-ffm.de\/wp-content\/uploads\/2025\/09\/RWWalldorf2-SGB_250928-510-768x512.jpg 768w, https:\/\/insideamateurfussball-ffm.de\/wp-content\/uploads\/2025\/09\/RWWalldorf2-SGB_250928-510-1536x1024.jpg 1536w, https:\/\/insideamateurfussball-ffm.de\/wp-content\/uploads\/2025\/09\/RWWalldorf2-SGB_250928-510-2048x1365.jpg 2048w\" sizes=\"auto, (max-width: 1024px) 100vw, 1024px\" \/><\/figure>\n\n\n\n<figure class=\"wp-block-image size-large\"><img loading=\"lazy\" decoding=\"async\" width=\"1024\" height=\"683\" src=\"http:\/\/insideamateurfussball-ffm.de\/wp-content\/uploads\/2025\/09\/RWWalldorf2-SGB_250928-576-1024x683.jpg\" alt=\"\" class=\"wp-image-28234\" srcset=\"https:\/\/insideamateurfussball-ffm.de\/wp-content\/uploads\/2025\/09\/RWWalldorf2-SGB_250928-576-1024x683.jpg 1024w, https:\/\/insideamateurfussball-ffm.de\/wp-content\/uploads\/2025\/09\/RWWalldorf2-SGB_250928-576-300x200.jpg 300w, https:\/\/insideamateurfussball-ffm.de\/wp-content\/uploads\/2025\/09\/RWWalldorf2-SGB_250928-576-768x512.jpg 768w, https:\/\/insideamateurfussball-ffm.de\/wp-content\/uploads\/2025\/09\/RWWalldorf2-SGB_250928-576-1536x1024.jpg 1536w, https:\/\/insideamateurfussball-ffm.de\/wp-content\/uploads\/2025\/09\/RWWalldorf2-SGB_250928-576-2048x1365.jpg 2048w\" sizes=\"auto, (max-width: 1024px) 100vw, 1024px\" \/><\/figure>\n\n\n\n<figure class=\"wp-block-image size-large\"><img loading=\"lazy\" decoding=\"async\" width=\"1024\" height=\"683\" src=\"http:\/\/insideamateurfussball-ffm.de\/wp-content\/uploads\/2025\/09\/RWWalldorf2-SGB_250928-626-1024x683.jpg\" alt=\"\" class=\"wp-image-28235\" srcset=\"https:\/\/insideamateurfussball-ffm.de\/wp-content\/uploads\/2025\/09\/RWWalldorf2-SGB_250928-626-1024x683.jpg 1024w, https:\/\/insideamateurfussball-ffm.de\/wp-content\/uploads\/2025\/09\/RWWalldorf2-SGB_250928-626-300x200.jpg 300w, https:\/\/insideamateurfussball-ffm.de\/wp-content\/uploads\/2025\/09\/RWWalldorf2-SGB_250928-626-768x512.jpg 768w, https:\/\/insideamateurfussball-ffm.de\/wp-content\/uploads\/2025\/09\/RWWalldorf2-SGB_250928-626-1536x1024.jpg 1536w, https:\/\/insideamateurfussball-ffm.de\/wp-content\/uploads\/2025\/09\/RWWalldorf2-SGB_250928-626-2048x1365.jpg 2048w\" sizes=\"auto, (max-width: 1024px) 100vw, 1024px\" \/><\/figure>\n\n\n\n<figure class=\"wp-block-image size-large\"><img loading=\"lazy\" decoding=\"async\" width=\"1024\" height=\"683\" src=\"http:\/\/insideamateurfussball-ffm.de\/wp-content\/uploads\/2025\/09\/RWWalldorf2-SGB_250928-683-1024x683.jpg\" alt=\"\" class=\"wp-image-28236\" srcset=\"https:\/\/insideamateurfussball-ffm.de\/wp-content\/uploads\/2025\/09\/RWWalldorf2-SGB_250928-683-1024x683.jpg 1024w, https:\/\/insideamateurfussball-ffm.de\/wp-content\/uploads\/2025\/09\/RWWalldorf2-SGB_250928-683-300x200.jpg 300w, https:\/\/insideamateurfussball-ffm.de\/wp-content\/uploads\/2025\/09\/RWWalldorf2-SGB_250928-683-768x512.jpg 768w, https:\/\/insideamateurfussball-ffm.de\/wp-content\/uploads\/2025\/09\/RWWalldorf2-SGB_250928-683-1536x1024.jpg 1536w, https:\/\/insideamateurfussball-ffm.de\/wp-content\/uploads\/2025\/09\/RWWalldorf2-SGB_250928-683-2048x1365.jpg 2048w\" sizes=\"auto, (max-width: 1024px) 100vw, 1024px\" \/><\/figure>\n\n\n\n<figure class=\"wp-block-image size-large\"><img loading=\"lazy\" decoding=\"async\" width=\"1024\" height=\"683\" src=\"http:\/\/insideamateurfussball-ffm.de\/wp-content\/uploads\/2025\/09\/RWWalldorf2-SGB_250928-789-1024x683.jpg\" alt=\"\" class=\"wp-image-28237\" srcset=\"https:\/\/insideamateurfussball-ffm.de\/wp-content\/uploads\/2025\/09\/RWWalldorf2-SGB_250928-789-1024x683.jpg 1024w, https:\/\/insideamateurfussball-ffm.de\/wp-content\/uploads\/2025\/09\/RWWalldorf2-SGB_250928-789-300x200.jpg 300w, https:\/\/insideamateurfussball-ffm.de\/wp-content\/uploads\/2025\/09\/RWWalldorf2-SGB_250928-789-768x512.jpg 768w, https:\/\/insideamateurfussball-ffm.de\/wp-content\/uploads\/2025\/09\/RWWalldorf2-SGB_250928-789-1536x1024.jpg 1536w, https:\/\/insideamateurfussball-ffm.de\/wp-content\/uploads\/2025\/09\/RWWalldorf2-SGB_250928-789-2048x1365.jpg 2048w\" sizes=\"auto, (max-width: 1024px) 100vw, 1024px\" \/><\/figure>\n\n\n\n<figure class=\"wp-block-image size-large\"><img loading=\"lazy\" decoding=\"async\" width=\"1024\" height=\"685\" src=\"http:\/\/insideamateurfussball-ffm.de\/wp-content\/uploads\/2025\/09\/RWWalldorf2-SGB_250928-808-1024x685.jpg\" alt=\"\" class=\"wp-image-28238\" srcset=\"https:\/\/insideamateurfussball-ffm.de\/wp-content\/uploads\/2025\/09\/RWWalldorf2-SGB_250928-808-1024x685.jpg 1024w, https:\/\/insideamateurfussball-ffm.de\/wp-content\/uploads\/2025\/09\/RWWalldorf2-SGB_250928-808-300x201.jpg 300w, https:\/\/insideamateurfussball-ffm.de\/wp-content\/uploads\/2025\/09\/RWWalldorf2-SGB_250928-808-768x513.jpg 768w, https:\/\/insideamateurfussball-ffm.de\/wp-content\/uploads\/2025\/09\/RWWalldorf2-SGB_250928-808-1536x1027.jpg 1536w, https:\/\/insideamateurfussball-ffm.de\/wp-content\/uploads\/2025\/09\/RWWalldorf2-SGB_250928-808-2048x1369.jpg 2048w\" sizes=\"auto, (max-width: 1024px) 100vw, 1024px\" \/><\/figure>\n","protected":false},"excerpt":{"rendered":"<p>Die SG Bornheim schwimmt derzeit auf einer Welle des Erfolgs, mit dem zweiten Zu-Null-Sieg in Folge beim 4:0 bei der zweiten Mannschaft von RW Walldorf belegen die Bornheimer derzeit Rang 6 in der Tabelle. RW Walldorf II &#8211; SG Bornheim 0:4 (0:1) Die Bornheimer legten bei der zweiten Mannschaft von RW Walldorf einen souver\u00e4nen Auftritt [&hellip;]<\/p>\n","protected":false},"author":3,"featured_media":28233,"comment_status":"closed","ping_status":"open","sticky":true,"template":"","format":"standard","meta":{"footnotes":""},"categories":[10],"tags":[],"class_list":["post-28190","post","type-post","status-publish","format-standard","has-post-thumbnail","hentry","category-verbandsliga-sued"],"_links":{"self":[{"href":"https:\/\/insideamateurfussball-ffm.de\/index.php?rest_route=\/wp\/v2\/posts\/28190","targetHints":{"allow":["GET"]}}],"collection":[{"href":"https:\/\/insideamateurfussball-ffm.de\/index.php?rest_route=\/wp\/v2\/posts"}],"about":[{"href":"https:\/\/insideamateurfussball-ffm.de\/index.php?rest_route=\/wp\/v2\/types\/post"}],"author":[{"embeddable":true,"href":"https:\/\/insideamateurfussball-ffm.de\/index.php?rest_route=\/wp\/v2\/users\/3"}],"replies":[{"embeddable":true,"href":"https:\/\/insideamateurfussball-ffm.de\/index.php?rest_route=%2Fwp%2Fv2%2Fcomments&post=28190"}],"version-history":[{"count":4,"href":"https:\/\/insideamateurfussball-ffm.de\/index.php?rest_route=\/wp\/v2\/posts\/28190\/revisions"}],"predecessor-version":[{"id":28239,"href":"https:\/\/insideamateurfussball-ffm.de\/index.php?rest_route=\/wp\/v2\/posts\/28190\/revisions\/28239"}],"wp:featuredmedia":[{"embeddable":true,"href":"https:\/\/insideamateurfussball-ffm.de\/index.php?rest_route=\/wp\/v2\/media\/28233"}],"wp:attachment":[{"href":"https:\/\/insideamateurfussball-ffm.de\/index.php?rest_route=%2Fwp%2Fv2%2Fmedia&parent=28190"}],"wp:term":[{"taxonomy":"category","embeddable":true,"href":"https:\/\/insideamateurfussball-ffm.de\/index.php?rest_route=%2Fwp%2Fv2%2Fcategories&post=28190"},{"taxonomy":"post_tag","embeddable":true,"href":"https:\/\/insideamateurfussball-ffm.de\/index.php?rest_route=%2Fwp%2Fv2%2Ftags&post=28190"}],"curies":[{"name":"wp","href":"https:\/\/api.w.org\/{rel}","templated":true}]}}