{"id":28182,"date":"2025-09-28T12:59:03","date_gmt":"2025-09-28T11:59:03","guid":{"rendered":"https:\/\/insideamateurfussball-ffm.de\/?p=28182"},"modified":"2025-09-28T12:59:03","modified_gmt":"2025-09-28T11:59:03","slug":"harheim-mit-schuetzenfest-gegen-ersatzelf-croatias-weiter","status":"publish","type":"post","link":"https:\/\/insideamateurfussball-ffm.de\/?p=28182","title":{"rendered":"Harheim mit Sch\u00fctzenfest gegen Ersatzelf Croatias weiter"},"content":{"rendered":"<h3>Eigentlich h\u00e4tte es ein Pokalduell zweier klassengleicher Teams sein sollen, doch beim 9:0-Sieg der SG Harheim gegen den FC Croatia waren die Hausherren hoch \u00fcberlegen, da die G\u00e4ste mit \u00fcberwiegend in der C-Klasse kickenden Spielern auftraten. Im Achtelfinale geht es gegen den Sieger DJK SW Griesheim &#8211; Spvgg. 05 Oberrad.<\/h3>\n<figure id=\"attachment_28183\" aria-describedby=\"caption-attachment-28183\" style=\"width: 640px\" class=\"wp-caption alignright\"><img loading=\"lazy\" decoding=\"async\" class=\"wp-image-28183 size-large\" src=\"http:\/\/insideamateurfussball-ffm.de\/wp-content\/uploads\/2025\/09\/Har-Croa-1024x577.jpg\" alt=\"\" width=\"640\" height=\"361\" srcset=\"https:\/\/insideamateurfussball-ffm.de\/wp-content\/uploads\/2025\/09\/Har-Croa-1024x577.jpg 1024w, https:\/\/insideamateurfussball-ffm.de\/wp-content\/uploads\/2025\/09\/Har-Croa-300x169.jpg 300w, https:\/\/insideamateurfussball-ffm.de\/wp-content\/uploads\/2025\/09\/Har-Croa-768x432.jpg 768w, https:\/\/insideamateurfussball-ffm.de\/wp-content\/uploads\/2025\/09\/Har-Croa-1536x865.jpg 1536w, https:\/\/insideamateurfussball-ffm.de\/wp-content\/uploads\/2025\/09\/Har-Croa.jpg 2048w\" sizes=\"auto, (max-width: 640px) 100vw, 640px\" \/><figcaption id=\"caption-attachment-28183\" class=\"wp-caption-text\">Die SG Harheim hatte gegen eine schwache Croatia-Elf keine M\u00fche. Foto: PA.\u00a0<\/figcaption><\/figure>\n<h3>SG Harheim &#8211; FC Croatia 9:0 (6:0)<\/h3>\n<p><img loading=\"lazy\" decoding=\"async\" class=\"alignnone size-full wp-image-284\" src=\"http:\/\/insideamateurfussball-ffm.de\/wp-content\/uploads\/2022\/05\/Harheim.jpg\" alt=\"\" width=\"78\" height=\"80\" \/><img loading=\"lazy\" decoding=\"async\" class=\"alignnone size-full wp-image-29\" src=\"http:\/\/insideamateurfussball-ffm.de\/wp-content\/uploads\/2021\/11\/croatia.jpg\" alt=\"\" width=\"63\" height=\"80\" \/><\/p>\n<p>Vor einigen Wochen hatte Croatia in der Kreisoberliga noch mit 7:2 gewonnen. Diesmal konnte Harheims Trainer Christian Balzer zur Halbzeit entspannt in seine Bratwurst bei\u00dfen.<\/p>\n<p>Denn w\u00e4hrend der Heimcoach eine gestandene Elf aufbot, schenkte der Club von der Br\u00fchlwiese durch das Entsenden der 2. Mannschaft (C-Klasse) den Pokalwettbewerb ab.<\/p>\n<h3><span style=\"text-decoration: underline;\">Kroate Bresic sieht Rot<\/span><\/h3>\n<p>So war der Kantersieg nach wenigen Minuten im Dauerregen absehbar. Bemerkenswert: Ein Croatia-Fan mit Fahne und Trommel machte sich selbst beim Stande von 0:8 noch bemerkbar. Kurz vor Schluss kassierte noch ein vor zw\u00f6lf Minuten eingewechselter Kroate (Nikola Bresic) wegen r\u00fcden Foulspiels die Rote Karte (83.). &#8222;Wir k\u00f6nnen zufrieden sein mit der Leistung. Wichtig ist, dass wir uns f\u00fcr den Aufwand belohnt haben und Tore geschossen haben. Nat\u00fcrlich war das eine bessere Zweite Mannschaft des Gegners, aber das ist erstmal alles egal. Wichtig ist, dass wir das Spiel angenommen haben, gleich aktiv waren und dementsprechend sch\u00f6ne Tore gemacht haben. Jetzt legen wir das Augenmerk auf die Liga, wo wir bei Gudesding ein schweres Spiel haben&#8220;, kommentierte Balzer.<\/p>\n<p>Croatia-Trainer Damir Hustic war dagegen sehr wortkarg: &#8222;Zu viele Verletzte, zu schwach besetzt&#8220;, sagte er nur. Am Sonntag in der Kreisoberliga wird dann wieder die Erste Mannschaft unter Trainer Vjekoslav Anicic auflaufen, wenn es gegen Germania Ginnheim geht.<\/p>\n<h3><span style=\"text-decoration: underline;\">Schiedsrichter: Valentin Seubert (SC Weiss-Blau). Zuschauer: 83. <\/span><\/h3>\n<h3><span style=\"text-decoration: underline;\">Tore: 1:0 Dario Stange (3.), 2:0 Lukas G\u00e4rtner (16.), 3:0 Dario Stange (29.), 4:0 Julian Waschkau (31.), 5:0 Lukas G\u00e4rtner (40.), 6:0 Jannis Knorr (42.), 7:0 David M\u00fcller (58.), 8:0 Dario Stange (63.), 9:0 Adrian Wetzel (86.).<\/span><\/h3>\n","protected":false},"excerpt":{"rendered":"<p>Eigentlich h\u00e4tte es ein Pokalduell zweier klassengleicher Teams sein sollen, doch beim 9:0-Sieg der SG Harheim gegen den FC Croatia waren die Hausherren hoch \u00fcberlegen, da die G\u00e4ste mit \u00fcberwiegend in der C-Klasse kickenden Spielern auftraten. Im Achtelfinale geht es gegen den Sieger DJK SW Griesheim &#8211; Spvgg. 05 Oberrad. SG Harheim &#8211; FC Croatia [&hellip;]<\/p>\n","protected":false},"author":1,"featured_media":28183,"comment_status":"closed","ping_status":"closed","sticky":true,"template":"","format":"standard","meta":{"footnotes":""},"categories":[9],"tags":[],"class_list":["post-28182","post","type-post","status-publish","format-standard","has-post-thumbnail","hentry","category-kreispokal"],"_links":{"self":[{"href":"https:\/\/insideamateurfussball-ffm.de\/index.php?rest_route=\/wp\/v2\/posts\/28182","targetHints":{"allow":["GET"]}}],"collection":[{"href":"https:\/\/insideamateurfussball-ffm.de\/index.php?rest_route=\/wp\/v2\/posts"}],"about":[{"href":"https:\/\/insideamateurfussball-ffm.de\/index.php?rest_route=\/wp\/v2\/types\/post"}],"author":[{"embeddable":true,"href":"https:\/\/insideamateurfussball-ffm.de\/index.php?rest_route=\/wp\/v2\/users\/1"}],"replies":[{"embeddable":true,"href":"https:\/\/insideamateurfussball-ffm.de\/index.php?rest_route=%2Fwp%2Fv2%2Fcomments&post=28182"}],"version-history":[{"count":1,"href":"https:\/\/insideamateurfussball-ffm.de\/index.php?rest_route=\/wp\/v2\/posts\/28182\/revisions"}],"predecessor-version":[{"id":28184,"href":"https:\/\/insideamateurfussball-ffm.de\/index.php?rest_route=\/wp\/v2\/posts\/28182\/revisions\/28184"}],"wp:featuredmedia":[{"embeddable":true,"href":"https:\/\/insideamateurfussball-ffm.de\/index.php?rest_route=\/wp\/v2\/media\/28183"}],"wp:attachment":[{"href":"https:\/\/insideamateurfussball-ffm.de\/index.php?rest_route=%2Fwp%2Fv2%2Fmedia&parent=28182"}],"wp:term":[{"taxonomy":"category","embeddable":true,"href":"https:\/\/insideamateurfussball-ffm.de\/index.php?rest_route=%2Fwp%2Fv2%2Fcategories&post=28182"},{"taxonomy":"post_tag","embeddable":true,"href":"https:\/\/insideamateurfussball-ffm.de\/index.php?rest_route=%2Fwp%2Fv2%2Ftags&post=28182"}],"curies":[{"name":"wp","href":"https:\/\/api.w.org\/{rel}","templated":true}]}}