{"id":28146,"date":"2025-09-24T16:27:02","date_gmt":"2025-09-24T15:27:02","guid":{"rendered":"https:\/\/insideamateurfussball-ffm.de\/?p=28146"},"modified":"2025-09-24T16:33:41","modified_gmt":"2025-09-24T15:33:41","slug":"posavina-eilt-von-sieg-zu-sieg","status":"publish","type":"post","link":"https:\/\/insideamateurfussball-ffm.de\/?p=28146","title":{"rendered":"Posavina eilt von Sieg zu Sieg"},"content":{"rendered":"<h3>Der FC Posavina eilt weiter von Sieg zu Sieg. In der Kreisoberliga gab es gegen Wiederaufsteiger SG Westend einen 4:2-Heimsieg und damit den f\u00fcnften Dreier in Serie. Und auch im Kreispokal stehen die Riederw\u00e4lder Kroaten nach dem 6:3-Ausw\u00e4rtssieg beim SC Riedberg (Kreisliga A) im Achtelfinale (gesonderter Bericht folgt).<\/h3>\n<figure id=\"attachment_28147\" aria-describedby=\"caption-attachment-28147\" style=\"width: 886px\" class=\"wp-caption alignnone\"><img loading=\"lazy\" decoding=\"async\" class=\"wp-image-28147 size-full\" src=\"http:\/\/insideamateurfussball-ffm.de\/wp-content\/uploads\/2025\/09\/Djukic.jpg\" alt=\"\" width=\"886\" height=\"623\" srcset=\"https:\/\/insideamateurfussball-ffm.de\/wp-content\/uploads\/2025\/09\/Djukic.jpg 886w, https:\/\/insideamateurfussball-ffm.de\/wp-content\/uploads\/2025\/09\/Djukic-300x211.jpg 300w, https:\/\/insideamateurfussball-ffm.de\/wp-content\/uploads\/2025\/09\/Djukic-768x540.jpg 768w\" sizes=\"auto, (max-width: 886px) 100vw, 886px\" \/><figcaption id=\"caption-attachment-28147\" class=\"wp-caption-text\">Posavina-Kapit\u00e4n Mato Djukic. Foto: Archiv Mithat G\u00fcrser.<\/figcaption><\/figure>\n<h3>FC Posavina &#8211; SG Westend 4:2 (3:0)<\/h3>\n<p><img loading=\"lazy\" decoding=\"async\" class=\"alignnone size-full wp-image-22\" src=\"http:\/\/insideamateurfussball-ffm.de\/wp-content\/uploads\/2021\/11\/posavina.jpg\" alt=\"\" width=\"63\" height=\"80\" \/><img loading=\"lazy\" decoding=\"async\" class=\"alignnone size-full wp-image-611\" src=\"http:\/\/insideamateurfussball-ffm.de\/wp-content\/uploads\/2022\/06\/Westend.png\" alt=\"\" width=\"69\" height=\"80\" \/><\/p>\n<p>Nach drei Niederlagen zu Beginn gab es f\u00fcnf Siege in Folge f\u00fcr Posavina und damit der Sprung auf Rang f\u00fcnf. Auch gegen den weiter in der potenziellen Abstiegszone stehenden Aufsteiger agierte Posavina mit seiner bekannten Spielweise souver\u00e4n und erzielte im Dauerregen sehenswerte Tore. Nach einer Ecke von Anto Arlovic legte Daniel Filipovic per Kopf zu Ivan Wessel ab, der zum 1:0 traf (15.).<\/p>\n<p>Nach einer Flanke von Gabriel Juric verwandelte Arlovic zum 2:0 (35.). Vor der Pause noch erh\u00f6hte nach einem Konter \u00fcber Arlovic, der an Westends Torh\u00fcter Salim Akaouch scheiterte, Wessel im Nachsetzen auf 3:0 (40.). Nach dem Seitenwechsel verloren die G\u00e4ste nach einem Einwurf den Ball.<\/p>\n<h3><span style=\"text-decoration: underline;\">Abspielfehler von Torwart Markovic f\u00fchrt zum 4:1<\/span><\/h3>\n<p>Drazen Vinkovic bediente Arlovic, der auf 4:0 erh\u00f6hte (75.). Erst gegen Ende war auch Westend mit zwei Toren von Torj\u00e4ger Amin Anedam erfolgreich. Nach einem Abspielfehler von FCP-Tormann Matej Markovic fiel das 4:1 (78.). In der Nachspielzeit traf Anedam zum 4:2 (90.\/+2). &#8222;Wir trainieren gut, haben uns gut verst\u00e4rkt&#8220;, erkl\u00e4rt Posavina-Pressesprecher Ante Pejic den Lauf, der sich auch am Sonntag beim R\u00f6delheimer FC fortsetzen soll (15 Uhr).<\/p>\n<p>Westend hingegen braucht im Kellerduell gegen den Vorletzten GSU Hellas unbedingt einen Sieg. &#8222;Es geht f\u00fcr uns nur um den Klassenerhalt, h\u00f6here Ambitionen sind irrational&#8220;, wurde Westend-Trainer Amine Kamboua deutlich.<\/p>\n<h3><span style=\"text-decoration: underline;\">Schiedsrichter: Kemal Beynal (FV Biebrich). Zuschauer: 50. <\/span><\/h3>\n<h3><span style=\"text-decoration: underline;\">Tore: 1:0 Ivan Wessel (15.), 2:0 Anto Arlovic (35.), 3:0 Ivan Wessel (40.), 4:0 Anto Arlovic (75.), 4:1, 4:2 Amin Anedam (78.\/90.+2).\u00a0<\/span><\/h3>\n","protected":false},"excerpt":{"rendered":"<p>Der FC Posavina eilt weiter von Sieg zu Sieg. In der Kreisoberliga gab es gegen Wiederaufsteiger SG Westend einen 4:2-Heimsieg und damit den f\u00fcnften Dreier in Serie. Und auch im Kreispokal stehen die Riederw\u00e4lder Kroaten nach dem 6:3-Ausw\u00e4rtssieg beim SC Riedberg (Kreisliga A) im Achtelfinale (gesonderter Bericht folgt). FC Posavina &#8211; SG Westend 4:2 (3:0) [&hellip;]<\/p>\n","protected":false},"author":1,"featured_media":28147,"comment_status":"closed","ping_status":"closed","sticky":true,"template":"","format":"standard","meta":{"footnotes":""},"categories":[2],"tags":[],"class_list":["post-28146","post","type-post","status-publish","format-standard","has-post-thumbnail","hentry","category-kreisoberliga-frankfurt"],"_links":{"self":[{"href":"https:\/\/insideamateurfussball-ffm.de\/index.php?rest_route=\/wp\/v2\/posts\/28146","targetHints":{"allow":["GET"]}}],"collection":[{"href":"https:\/\/insideamateurfussball-ffm.de\/index.php?rest_route=\/wp\/v2\/posts"}],"about":[{"href":"https:\/\/insideamateurfussball-ffm.de\/index.php?rest_route=\/wp\/v2\/types\/post"}],"author":[{"embeddable":true,"href":"https:\/\/insideamateurfussball-ffm.de\/index.php?rest_route=\/wp\/v2\/users\/1"}],"replies":[{"embeddable":true,"href":"https:\/\/insideamateurfussball-ffm.de\/index.php?rest_route=%2Fwp%2Fv2%2Fcomments&post=28146"}],"version-history":[{"count":5,"href":"https:\/\/insideamateurfussball-ffm.de\/index.php?rest_route=\/wp\/v2\/posts\/28146\/revisions"}],"predecessor-version":[{"id":28155,"href":"https:\/\/insideamateurfussball-ffm.de\/index.php?rest_route=\/wp\/v2\/posts\/28146\/revisions\/28155"}],"wp:featuredmedia":[{"embeddable":true,"href":"https:\/\/insideamateurfussball-ffm.de\/index.php?rest_route=\/wp\/v2\/media\/28147"}],"wp:attachment":[{"href":"https:\/\/insideamateurfussball-ffm.de\/index.php?rest_route=%2Fwp%2Fv2%2Fmedia&parent=28146"}],"wp:term":[{"taxonomy":"category","embeddable":true,"href":"https:\/\/insideamateurfussball-ffm.de\/index.php?rest_route=%2Fwp%2Fv2%2Fcategories&post=28146"},{"taxonomy":"post_tag","embeddable":true,"href":"https:\/\/insideamateurfussball-ffm.de\/index.php?rest_route=%2Fwp%2Fv2%2Ftags&post=28146"}],"curies":[{"name":"wp","href":"https:\/\/api.w.org\/{rel}","templated":true}]}}