{"id":28142,"date":"2025-09-23T16:02:00","date_gmt":"2025-09-23T15:02:00","guid":{"rendered":"https:\/\/insideamateurfussball-ffm.de\/?p=28142"},"modified":"2025-09-23T16:02:00","modified_gmt":"2025-09-23T15:02:00","slug":"keeper-galic-haelt-croatia-punkt-in-enkheim-fest","status":"publish","type":"post","link":"https:\/\/insideamateurfussball-ffm.de\/?p=28142","title":{"rendered":"Keeper Galic h\u00e4lt Croatia Punkt in Enkheim fest"},"content":{"rendered":"<h5><span style=\"font-size: 16px;\">Der FC Germania Enkheim und der FC Croatia trennten sich in einer ereignisarmen Partie 1:1-Unentschieden. Nach drei Niederlagen in Folge holten die Gastgeber wieder einen Punkt, w\u00e4hrend sich die G\u00e4ste auf Rang drei behaupten.\u00a0<\/span><\/h5>\n<figure id=\"attachment_28143\" aria-describedby=\"caption-attachment-28143\" style=\"width: 150px\" class=\"wp-caption alignleft\"><img loading=\"lazy\" decoding=\"async\" class=\"wp-image-28143 size-thumbnail\" src=\"http:\/\/insideamateurfussball-ffm.de\/wp-content\/uploads\/2025\/09\/poster-30-40-150x150.jpg\" alt=\"\" width=\"150\" height=\"150\" \/><figcaption id=\"caption-attachment-28143\" class=\"wp-caption-text\">FC Croatia 2025\/26. Foto\/Grafik: Mithat G\u00fcrser.\u00a0<\/figcaption><\/figure>\n<h5><span style=\"font-size: 16px;\">FC Germania Enkheim &#8211; FC Croatia 1:1 (1:0)<\/span><\/h5>\n<p><img loading=\"lazy\" decoding=\"async\" class=\"alignnone size-full wp-image-1748\" src=\"http:\/\/insideamateurfussball-ffm.de\/wp-content\/uploads\/2022\/07\/Enkheim-1.jpg\" alt=\"\" width=\"63\" height=\"80\" \/><img loading=\"lazy\" decoding=\"async\" class=\"alignnone size-full wp-image-29\" src=\"http:\/\/insideamateurfussball-ffm.de\/wp-content\/uploads\/2021\/11\/croatia.jpg\" alt=\"\" width=\"63\" height=\"80\" \/><\/p>\n<p><span style=\"font-size: 16px;\">Die Defensive der Kroaten war zu Beginn nicht im Bilde und schaute zu, wie Lars Trams zu Eray Aksoy passte, der zum 1:0 einschob (4.). Nach dem Seitenwechsel konnte Croatia-St\u00fcrmer Vladimir Bogdanovic einen Abpraller von Enkheims Torh\u00fcter Tobias Schirmer zum Ausgleich verwerten (60.). <\/span><\/p>\n<p><span style=\"font-size: 16px;\">Mehr passierte nicht, denn Croatias Torh\u00fcter Antonio Galic hielt den G\u00e4sten den Punkt fest. &#8222;Nach letzter Woche super Moral gezeigt. Leider in der Chancenverwertung mehr als ungl\u00fccklich&#8220;, meinte Enkheims Trainer Antonio D\u00b4Andrea.<\/span><\/p>\n<ul>\n<li><strong><span style=\"font-size: 16px;\">&#8222;Antonio Galic bekommt ein Sonderlob&#8220;. (Croatias Pressesprecher Stanislav Konta).<\/span><\/strong><\/li>\n<\/ul>\n<p><span style=\"font-size: 16px;\">Croatias Pressesprecher Stanislav Konta r\u00e4umte ein: &#8222;Wir haben die erste Halbzeit nicht so gut gespielt. Da war Germania Enkheim besser. Zweite Halbzeit haben wir dann klar besser gespielt. Das Ergebnis konnte f\u00fcr jeden den Sieg bringen, aber die Torleute haben alles rausgeholt. Antonio Galic bekommt ein Sonderlob. Er hat zwei, drei hundertprozentige gehalten.&#8220; <\/span><\/p>\n<p><span style=\"font-size: 16px;\">F\u00fcr Croatia geht es am Donnerstag im Kreispokal zum Ligakonkurrenten SG Harheim (20 Uhr). In der Liga erwarten die Kroaten am Sonntag Aufsteiger Germania Ginnheim (15 Uhr). Um 15.30 Uhr ist Germania Enkheim erstmals seit der Saison 2014\/15 wieder beim FFV Sportfreunde 04 zu Gast.\u00a0<\/span><\/p>\n<ul>\n<li><strong><span style=\"font-size: 16px;\">Schiedsrichter: Emre Akyol (Germania Rothenbergen).\u00a0<\/span><\/strong><\/li>\n<li><strong><span style=\"font-size: 16px;\">Zuschauer: 60.\u00a0<\/span><\/strong><\/li>\n<li><strong><span style=\"font-size: 16px;\">Tore: 1:0 Eray Aksoy (4.), 1:1 Vladimir Bogdanovic (60.).\u00a0<\/span><\/strong><\/li>\n<\/ul>\n","protected":false},"excerpt":{"rendered":"<p>Der FC Germania Enkheim und der FC Croatia trennten sich in einer ereignisarmen Partie 1:1-Unentschieden. Nach drei Niederlagen in Folge holten die Gastgeber wieder einen Punkt, w\u00e4hrend sich die G\u00e4ste auf Rang drei behaupten.\u00a0 FC Germania Enkheim &#8211; FC Croatia 1:1 (1:0) Die Defensive der Kroaten war zu Beginn nicht im Bilde und schaute zu, [&hellip;]<\/p>\n","protected":false},"author":1,"featured_media":28143,"comment_status":"closed","ping_status":"closed","sticky":true,"template":"","format":"standard","meta":{"footnotes":""},"categories":[2],"tags":[],"class_list":["post-28142","post","type-post","status-publish","format-standard","has-post-thumbnail","hentry","category-kreisoberliga-frankfurt"],"_links":{"self":[{"href":"https:\/\/insideamateurfussball-ffm.de\/index.php?rest_route=\/wp\/v2\/posts\/28142","targetHints":{"allow":["GET"]}}],"collection":[{"href":"https:\/\/insideamateurfussball-ffm.de\/index.php?rest_route=\/wp\/v2\/posts"}],"about":[{"href":"https:\/\/insideamateurfussball-ffm.de\/index.php?rest_route=\/wp\/v2\/types\/post"}],"author":[{"embeddable":true,"href":"https:\/\/insideamateurfussball-ffm.de\/index.php?rest_route=\/wp\/v2\/users\/1"}],"replies":[{"embeddable":true,"href":"https:\/\/insideamateurfussball-ffm.de\/index.php?rest_route=%2Fwp%2Fv2%2Fcomments&post=28142"}],"version-history":[{"count":1,"href":"https:\/\/insideamateurfussball-ffm.de\/index.php?rest_route=\/wp\/v2\/posts\/28142\/revisions"}],"predecessor-version":[{"id":28144,"href":"https:\/\/insideamateurfussball-ffm.de\/index.php?rest_route=\/wp\/v2\/posts\/28142\/revisions\/28144"}],"wp:featuredmedia":[{"embeddable":true,"href":"https:\/\/insideamateurfussball-ffm.de\/index.php?rest_route=\/wp\/v2\/media\/28143"}],"wp:attachment":[{"href":"https:\/\/insideamateurfussball-ffm.de\/index.php?rest_route=%2Fwp%2Fv2%2Fmedia&parent=28142"}],"wp:term":[{"taxonomy":"category","embeddable":true,"href":"https:\/\/insideamateurfussball-ffm.de\/index.php?rest_route=%2Fwp%2Fv2%2Fcategories&post=28142"},{"taxonomy":"post_tag","embeddable":true,"href":"https:\/\/insideamateurfussball-ffm.de\/index.php?rest_route=%2Fwp%2Fv2%2Ftags&post=28142"}],"curies":[{"name":"wp","href":"https:\/\/api.w.org\/{rel}","templated":true}]}}