{"id":28093,"date":"2025-09-22T16:34:51","date_gmt":"2025-09-22T15:34:51","guid":{"rendered":"https:\/\/insideamateurfussball-ffm.de\/?p=28093"},"modified":"2025-09-22T16:34:51","modified_gmt":"2025-09-22T15:34:51","slug":"germania-siegt-auch-bei-tuerkguecue","status":"publish","type":"post","link":"https:\/\/insideamateurfussball-ffm.de\/?p=28093","title":{"rendered":"Germania siegt auch bei T\u00fcrkg\u00fcc\u00fc"},"content":{"rendered":"<h4>Der VfL Germania 94 zeigt weiter seine Ligatauglichkeit und kann seinen dritten Sieg in Folge feiern, bei T\u00fcrkg\u00fcc\u00fc Frankfurt siegten die Mannen von Siar Daudi mit 3:0.<\/h4>\n<figure id=\"attachment_28100\" aria-describedby=\"caption-attachment-28100\" style=\"width: 1042px\" class=\"wp-caption alignnone\"><img loading=\"lazy\" decoding=\"async\" class=\"wp-image-28100 size-full\" src=\"http:\/\/insideamateurfussball-ffm.de\/wp-content\/uploads\/2025\/09\/tguec-germ7.jpg\" alt=\"\" width=\"1042\" height=\"782\" srcset=\"https:\/\/insideamateurfussball-ffm.de\/wp-content\/uploads\/2025\/09\/tguec-germ7.jpg 1042w, https:\/\/insideamateurfussball-ffm.de\/wp-content\/uploads\/2025\/09\/tguec-germ7-300x225.jpg 300w, https:\/\/insideamateurfussball-ffm.de\/wp-content\/uploads\/2025\/09\/tguec-germ7-1024x768.jpg 1024w, https:\/\/insideamateurfussball-ffm.de\/wp-content\/uploads\/2025\/09\/tguec-germ7-768x576.jpg 768w\" sizes=\"auto, (max-width: 1042px) 100vw, 1042px\" \/><figcaption id=\"caption-attachment-28100\" class=\"wp-caption-text\">Die Germania erzielte gerade einen Treffer gegen T\u00fcrkg\u00fcc\u00fc. Foto: Mithat G\u00fcrser.<\/figcaption><\/figure>\n<h4>T\u00fcrkg\u00fcc\u00fc Frankfurt &#8211; VfL Germania 94 0:3 (0:0)<\/h4>\n<p><img loading=\"lazy\" decoding=\"async\" class=\"alignnone size-full wp-image-17\" src=\"http:\/\/insideamateurfussball-ffm.de\/wp-content\/uploads\/2021\/11\/Tuerkguecue.jpg\" alt=\"\" width=\"72\" height=\"80\" \/><img loading=\"lazy\" decoding=\"async\" class=\"alignnone size-full wp-image-11577\" src=\"http:\/\/insideamateurfussball-ffm.de\/wp-content\/uploads\/2023\/08\/Germania-94.jpg\" alt=\"\" width=\"80\" height=\"80\" \/><\/p>\n<p>Nach dem \u00fcberraschenden 2:2 gegen den T\u00fcrkischen SV Bad Nauheim vor einigen Wochen befindet sich der VfL Germania 94 auf einer Erfolgswelle, die n\u00e4chsten drei Ligaspiele wurden alle gewonnen und im Pokal erreichte man die zweite Runde. Anders ist die Situation bei T\u00fcrkg\u00fcc\u00fc Frankfurt, die nach der zweiten Niederlage hintereinander in der Tabelle hinter Germania auf den 12.Platz zur\u00fcckfielen. Und die Niederlage gegen die Germania war nach den Worten von T\u00fcrkg\u00fcc\u00fcs Trainer Murtaza Taher \u201everdient\u201c.<\/p>\n<p>Die erste Halbzeit verlief ausgeglichen, beide Mannschaften hatten einige Aktionen, blieben aber erfolglos, Pech hatte T\u00fcrkg\u00fcc\u00fc bei einem Pfostenschuss. In der zweiten Halbzeit dominierte anfangs Germania und ging in der 55.Minute durch ein Tor von Kaan Satir mit 1:0 in F\u00fchrung. Germanias Trainer Daudi. \u201edanach haben wir unerkl\u00e4rlich den Faden verloren.\u201c T\u00fcrkg\u00fcc\u00fc wechselte zweimal und brachte mit Emre Kadimli und Zafer Sancak neue Kr\u00e4fte, was sich auch gleich auszahlen sollte. Denn Sancak wurde nur drei Minuten nach seiner Einwechslung im Strafraum gefoult, und Kadimli trat zum Elfmeter an, schoss diesen aber zum Entsetzen der einheimischen Zuschauer am Tor vorbei.<\/p>\n<p>Die Gastgeber wirkten geschockt und kassierten in der 84.Minute das 0:2 durch Adnan Nurudeen Hafiz, danach warf T\u00fcrkg\u00fcc\u00fc alles nach vorne und kassierte in der 5.Minute der Nachspielzeit noch das 0:3 durch Onur G\u00f6t\u00fcrmen. Daudi zum Spiel: \u201eunsere Leistung war sehr reif und souver\u00e4n, mit dem 2:0 war das Spiel vorbei und der Sieg ist verdient.\u201c Das sieht T\u00fcrkg\u00fcc\u00fcs Trainer Taher ebenso: \u201eGermania hat verdient die 3 Punkte geholt und unsere Fehler bestraft. Wir haben uns nach dem guten Start in die Saison mehr erhofft und m\u00fcssen jetzt versuchen, gegen die Konkurrenten aus Fauerbach und Beienheim zu punkten.\u201c<\/p>\n<p>W\u00e4hrend T\u00fcrkg\u00fcc\u00fc am n\u00e4chsten Wochenende zum Aufsteiger FC Olympia Fauerbach reist, versucht die Germania zu Hause gegen den FC Kaichen, weitere Punkte von den 15 auferlegten Minuspunkten zu eliminieren, zumindest ist man seit 5 Spielen (inkl. Pokal) ungeschlagen.<\/p>\n<h4>Schiedsrichter: Jan Schubert (TuS Lindenholzhausen). Zuschauer: 55.<\/h4>\n<h4>Tore: 0:1 Kaan Satir (55.), 0:2 Adnan Nurudeen Hafiz (84.), 0:3 Onur G\u00f6t\u00fcrmen (90.+5)<\/h4>\n<blockquote>\n<h4>Auch hier schickte uns Fotograf Mithat G\u00fcrser einige eindr\u00fccke des Spiels.<\/h4>\n<\/blockquote>\n\n\n<figure class=\"wp-block-image size-full\"><img loading=\"lazy\" decoding=\"async\" width=\"886\" height=\"650\" src=\"http:\/\/insideamateurfussball-ffm.de\/wp-content\/uploads\/2025\/09\/tguec-germ1.jpg\" alt=\"\" class=\"wp-image-28094\" srcset=\"https:\/\/insideamateurfussball-ffm.de\/wp-content\/uploads\/2025\/09\/tguec-germ1.jpg 886w, https:\/\/insideamateurfussball-ffm.de\/wp-content\/uploads\/2025\/09\/tguec-germ1-300x220.jpg 300w, https:\/\/insideamateurfussball-ffm.de\/wp-content\/uploads\/2025\/09\/tguec-germ1-768x563.jpg 768w\" sizes=\"auto, (max-width: 886px) 100vw, 886px\" \/><\/figure>\n\n\n\n<figure class=\"wp-block-image size-full\"><img loading=\"lazy\" decoding=\"async\" width=\"886\" height=\"608\" src=\"http:\/\/insideamateurfussball-ffm.de\/wp-content\/uploads\/2025\/09\/tguec-germ2.jpg\" alt=\"\" class=\"wp-image-28095\" srcset=\"https:\/\/insideamateurfussball-ffm.de\/wp-content\/uploads\/2025\/09\/tguec-germ2.jpg 886w, https:\/\/insideamateurfussball-ffm.de\/wp-content\/uploads\/2025\/09\/tguec-germ2-300x206.jpg 300w, https:\/\/insideamateurfussball-ffm.de\/wp-content\/uploads\/2025\/09\/tguec-germ2-768x527.jpg 768w\" sizes=\"auto, (max-width: 886px) 100vw, 886px\" \/><\/figure>\n\n\n\n<figure class=\"wp-block-image size-full\"><img loading=\"lazy\" decoding=\"async\" width=\"886\" height=\"662\" src=\"http:\/\/insideamateurfussball-ffm.de\/wp-content\/uploads\/2025\/09\/tguec-germ3.jpg\" alt=\"\" class=\"wp-image-28096\" srcset=\"https:\/\/insideamateurfussball-ffm.de\/wp-content\/uploads\/2025\/09\/tguec-germ3.jpg 886w, https:\/\/insideamateurfussball-ffm.de\/wp-content\/uploads\/2025\/09\/tguec-germ3-300x224.jpg 300w, https:\/\/insideamateurfussball-ffm.de\/wp-content\/uploads\/2025\/09\/tguec-germ3-768x574.jpg 768w\" sizes=\"auto, (max-width: 886px) 100vw, 886px\" \/><\/figure>\n\n\n\n<figure class=\"wp-block-image size-full\"><img loading=\"lazy\" decoding=\"async\" width=\"886\" height=\"615\" src=\"http:\/\/insideamateurfussball-ffm.de\/wp-content\/uploads\/2025\/09\/tguec-germ4.jpg\" alt=\"\" class=\"wp-image-28097\" srcset=\"https:\/\/insideamateurfussball-ffm.de\/wp-content\/uploads\/2025\/09\/tguec-germ4.jpg 886w, https:\/\/insideamateurfussball-ffm.de\/wp-content\/uploads\/2025\/09\/tguec-germ4-300x208.jpg 300w, https:\/\/insideamateurfussball-ffm.de\/wp-content\/uploads\/2025\/09\/tguec-germ4-768x533.jpg 768w\" sizes=\"auto, (max-width: 886px) 100vw, 886px\" \/><\/figure>\n\n\n\n<figure class=\"wp-block-image size-full\"><img loading=\"lazy\" decoding=\"async\" width=\"886\" height=\"713\" src=\"http:\/\/insideamateurfussball-ffm.de\/wp-content\/uploads\/2025\/09\/tguec-germ5.jpg\" alt=\"\" class=\"wp-image-28098\" srcset=\"https:\/\/insideamateurfussball-ffm.de\/wp-content\/uploads\/2025\/09\/tguec-germ5.jpg 886w, https:\/\/insideamateurfussball-ffm.de\/wp-content\/uploads\/2025\/09\/tguec-germ5-300x241.jpg 300w, https:\/\/insideamateurfussball-ffm.de\/wp-content\/uploads\/2025\/09\/tguec-germ5-768x618.jpg 768w\" sizes=\"auto, (max-width: 886px) 100vw, 886px\" \/><\/figure>\n\n\n\n<figure class=\"wp-block-image size-full\"><img loading=\"lazy\" decoding=\"async\" width=\"808\" height=\"591\" src=\"http:\/\/insideamateurfussball-ffm.de\/wp-content\/uploads\/2025\/09\/tguec-germ6.jpg\" alt=\"\" class=\"wp-image-28099\" srcset=\"https:\/\/insideamateurfussball-ffm.de\/wp-content\/uploads\/2025\/09\/tguec-germ6.jpg 808w, https:\/\/insideamateurfussball-ffm.de\/wp-content\/uploads\/2025\/09\/tguec-germ6-300x219.jpg 300w, https:\/\/insideamateurfussball-ffm.de\/wp-content\/uploads\/2025\/09\/tguec-germ6-768x562.jpg 768w\" sizes=\"auto, (max-width: 808px) 100vw, 808px\" \/><\/figure>\n\n\n\n<figure class=\"wp-block-image size-full\"><img loading=\"lazy\" decoding=\"async\" width=\"886\" height=\"666\" src=\"http:\/\/insideamateurfussball-ffm.de\/wp-content\/uploads\/2025\/09\/tguec-germ8.jpg\" alt=\"\" class=\"wp-image-28101\" srcset=\"https:\/\/insideamateurfussball-ffm.de\/wp-content\/uploads\/2025\/09\/tguec-germ8.jpg 886w, https:\/\/insideamateurfussball-ffm.de\/wp-content\/uploads\/2025\/09\/tguec-germ8-300x226.jpg 300w, https:\/\/insideamateurfussball-ffm.de\/wp-content\/uploads\/2025\/09\/tguec-germ8-768x577.jpg 768w\" sizes=\"auto, (max-width: 886px) 100vw, 886px\" \/><\/figure>\n\n\n\n<figure class=\"wp-block-image size-full\"><img loading=\"lazy\" decoding=\"async\" width=\"886\" height=\"625\" src=\"http:\/\/insideamateurfussball-ffm.de\/wp-content\/uploads\/2025\/09\/tguec-germ10.jpg\" alt=\"\" class=\"wp-image-28102\" srcset=\"https:\/\/insideamateurfussball-ffm.de\/wp-content\/uploads\/2025\/09\/tguec-germ10.jpg 886w, https:\/\/insideamateurfussball-ffm.de\/wp-content\/uploads\/2025\/09\/tguec-germ10-300x212.jpg 300w, https:\/\/insideamateurfussball-ffm.de\/wp-content\/uploads\/2025\/09\/tguec-germ10-768x542.jpg 768w\" sizes=\"auto, (max-width: 886px) 100vw, 886px\" \/><\/figure>\n","protected":false},"excerpt":{"rendered":"<p>Der VfL Germania 94 zeigt weiter seine Ligatauglichkeit und kann seinen dritten Sieg in Folge feiern, bei T\u00fcrkg\u00fcc\u00fc Frankfurt siegten die Mannen von Siar Daudi mit 3:0. T\u00fcrkg\u00fcc\u00fc Frankfurt &#8211; VfL Germania 94 0:3 (0:0) Nach dem \u00fcberraschenden 2:2 gegen den T\u00fcrkischen SV Bad Nauheim vor einigen Wochen befindet sich der VfL Germania 94 auf [&hellip;]<\/p>\n","protected":false},"author":3,"featured_media":28100,"comment_status":"closed","ping_status":"open","sticky":true,"template":"","format":"standard","meta":{"footnotes":""},"categories":[13],"tags":[],"class_list":["post-28093","post","type-post","status-publish","format-standard","has-post-thumbnail","hentry","category-gruppenliga-frankfurt-west"],"_links":{"self":[{"href":"https:\/\/insideamateurfussball-ffm.de\/index.php?rest_route=\/wp\/v2\/posts\/28093","targetHints":{"allow":["GET"]}}],"collection":[{"href":"https:\/\/insideamateurfussball-ffm.de\/index.php?rest_route=\/wp\/v2\/posts"}],"about":[{"href":"https:\/\/insideamateurfussball-ffm.de\/index.php?rest_route=\/wp\/v2\/types\/post"}],"author":[{"embeddable":true,"href":"https:\/\/insideamateurfussball-ffm.de\/index.php?rest_route=\/wp\/v2\/users\/3"}],"replies":[{"embeddable":true,"href":"https:\/\/insideamateurfussball-ffm.de\/index.php?rest_route=%2Fwp%2Fv2%2Fcomments&post=28093"}],"version-history":[{"count":2,"href":"https:\/\/insideamateurfussball-ffm.de\/index.php?rest_route=\/wp\/v2\/posts\/28093\/revisions"}],"predecessor-version":[{"id":28104,"href":"https:\/\/insideamateurfussball-ffm.de\/index.php?rest_route=\/wp\/v2\/posts\/28093\/revisions\/28104"}],"wp:featuredmedia":[{"embeddable":true,"href":"https:\/\/insideamateurfussball-ffm.de\/index.php?rest_route=\/wp\/v2\/media\/28100"}],"wp:attachment":[{"href":"https:\/\/insideamateurfussball-ffm.de\/index.php?rest_route=%2Fwp%2Fv2%2Fmedia&parent=28093"}],"wp:term":[{"taxonomy":"category","embeddable":true,"href":"https:\/\/insideamateurfussball-ffm.de\/index.php?rest_route=%2Fwp%2Fv2%2Fcategories&post=28093"},{"taxonomy":"post_tag","embeddable":true,"href":"https:\/\/insideamateurfussball-ffm.de\/index.php?rest_route=%2Fwp%2Fv2%2Ftags&post=28093"}],"curies":[{"name":"wp","href":"https:\/\/api.w.org\/{rel}","templated":true}]}}