{"id":28087,"date":"2025-09-22T15:25:14","date_gmt":"2025-09-22T14:25:14","guid":{"rendered":"https:\/\/insideamateurfussball-ffm.de\/?p=28087"},"modified":"2025-09-22T15:25:14","modified_gmt":"2025-09-22T14:25:14","slug":"fehlstart-fuer-kosovas-neuen-trainer-gegen-seckbach","status":"publish","type":"post","link":"https:\/\/insideamateurfussball-ffm.de\/?p=28087","title":{"rendered":"Fehlstart f\u00fcr Kosovas neuen Trainer gegen Seckbach"},"content":{"rendered":"<h4>Im ersten Spiel unter dem neuen Trainer Erc\u00fcment Sahin musste sich der personell geplagte FC Kosova den G\u00e4sten der FG Seckbach mit 1:4 geschlagen geben und verbleibt im unteren Mittelfeld der Tabelle.<\/h4>\n<figure id=\"attachment_27154\" aria-describedby=\"caption-attachment-27154\" style=\"width: 2016px\" class=\"wp-caption alignnone\"><img loading=\"lazy\" decoding=\"async\" class=\"wp-image-27154 size-full\" src=\"http:\/\/insideamateurfussball-ffm.de\/wp-content\/uploads\/2025\/08\/kaichenseckbach09.jpg\" alt=\"\" width=\"2016\" height=\"1512\" srcset=\"https:\/\/insideamateurfussball-ffm.de\/wp-content\/uploads\/2025\/08\/kaichenseckbach09.jpg 2016w, https:\/\/insideamateurfussball-ffm.de\/wp-content\/uploads\/2025\/08\/kaichenseckbach09-300x225.jpg 300w, https:\/\/insideamateurfussball-ffm.de\/wp-content\/uploads\/2025\/08\/kaichenseckbach09-1024x768.jpg 1024w, https:\/\/insideamateurfussball-ffm.de\/wp-content\/uploads\/2025\/08\/kaichenseckbach09-768x576.jpg 768w, https:\/\/insideamateurfussball-ffm.de\/wp-content\/uploads\/2025\/08\/kaichenseckbach09-1536x1152.jpg 1536w\" sizes=\"auto, (max-width: 2016px) 100vw, 2016px\" \/><figcaption id=\"caption-attachment-27154\" class=\"wp-caption-text\">Die Seckbacher Mannschaft sprang durch den Sieg auf Platz 4. Foto: Archiv MZ<\/figcaption><\/figure>\n<h4>FC Kosova &#8211; FG Seckbach 1:4 (0:1)<\/h4>\n<p><img loading=\"lazy\" decoding=\"async\" class=\"alignnone size-full wp-image-9\" src=\"http:\/\/insideamateurfussball-ffm.de\/wp-content\/uploads\/2021\/11\/Kosova.jpg\" alt=\"\" width=\"65\" height=\"80\" \/><img loading=\"lazy\" decoding=\"async\" class=\"alignnone size-full wp-image-544\" src=\"http:\/\/insideamateurfussball-ffm.de\/wp-content\/uploads\/2022\/06\/Seckbach.jpg\" alt=\"\" width=\"80\" height=\"80\" \/><\/p>\n<p>Kosovas neuer Trainer Erc\u00fcment Sahin hatte arge Personalprobleme vor dem Spiel gegen die FG Seckbach und hatte nur 4 Ersatzspieler aufgeboten, von denen nur zwei einsetzbar waren. Vor allen Dingen im Sturm musste Sahin improvisieren und wie er es nannte \u201epositionsfremd\u201c aufstellen, die Seckbacher mussten auf ihren Toptorsch\u00fctzen Florian Schuberth verzichten. In der ersten H\u00e4lfte entwickelte sich nach den Worten von Seckbachs Spielertrainer Manuel May ein \u201e\u00fcberschaubares Spiel\u201c, in dem die G\u00e4ste fr\u00fch in der 6.Minute mit 1:0 in F\u00fchrung gingen. Kosovas Trainer Sahin meinte: \u201edie Spieler haben es zu Anfang gut gemacht, wir hatten mehr Ballkontrolle in der ersten Halbzeit, hatten in der gegnerischen H\u00e4lfte aber nicht viel Aktionen.\u201c<\/p>\n<p>In der zweiten Halbzeit agierten die G\u00e4ste nach Aussagen ihres Trainers May \u201eaggressiver&#8220;: \u201ewir haben es besser gemacht und sch\u00f6ne Tore geschossen.\u201c In der 59.Minute erh\u00f6hte Adnan Allali auf 2:0 und mit einem Doppelpack in der 75. und 79.Minute stellte Raphael Sahl dann das Ergebnis auf 4:0, ehe der eingewechselte angeschlagene Flakron Thaci in der 89. Minute per Foulelfmeter den Ehrentreffer und 1:4-Endstand erzielte. May: \u201edas Spiel war kein Zuckerschlecken, dem regnerischen Wetter angepasst, aber es sind auch drei wichtige Punkte.\u201c<\/p>\n<p>F\u00fcr Kosovas neuen Trainer Sahin begann sein Engagement mit einer Niederlage, aber er hofft, dass sich die Personalsituation in den n\u00e4chsten Wochen \u00e4ndert. Sahin: \u201edie n\u00e4chsten drei Wochen werden wir wie eine Vorbereitung nutzen, an den n\u00e4chsten beiden Spieltagen erwartet man von uns gegen die Bosnier und gegen Bad Nauheim nicht allzu viel, danach sind wir spielfrei. Wir werden hart arbeiten und sehen, welche Spieler mitziehen. Ich bin trotz der Niederlage stolz auf die Jungs, wir haben auch viele \u00fcberragende Ans\u00e4tze gesehen.\u201c<\/p>\n<p>Am n\u00e4chsten Wochenende empf\u00e4ngt der FC Kosova den souver\u00e4nen Tabellenf\u00fchrer SV Bosnien\/Herzegowina, die Seckbacher versuchen zu Hause gegen den Aufsteiger SG Wehrheim\/Pfaffenwiesbach, ihren jetzigen 4.Tabellenplatz zu festigen.<\/p>\n<h4>Schiedsrichter: Florian Tesch (SC Hassia Dieburg). Zuschauer: 70.<\/h4>\n<h4>Tore: 0:1 Benedict Linzenmeier (6.), 0:2 Adnan Allali (59.), 0:3 Raphael Sahl (75.), 0:4 Raphael Sahl (79.), 1:4 Flakron Thaci (89., Elfmeter)<\/h4>\n","protected":false},"excerpt":{"rendered":"<p>Im ersten Spiel unter dem neuen Trainer Erc\u00fcment Sahin musste sich der personell geplagte FC Kosova den G\u00e4sten der FG Seckbach mit 1:4 geschlagen geben und verbleibt im unteren Mittelfeld der Tabelle. FC Kosova &#8211; FG Seckbach 1:4 (0:1) Kosovas neuer Trainer Erc\u00fcment Sahin hatte arge Personalprobleme vor dem Spiel gegen die FG Seckbach und [&hellip;]<\/p>\n","protected":false},"author":3,"featured_media":27154,"comment_status":"closed","ping_status":"open","sticky":true,"template":"","format":"standard","meta":{"footnotes":""},"categories":[13],"tags":[],"class_list":["post-28087","post","type-post","status-publish","format-standard","has-post-thumbnail","hentry","category-gruppenliga-frankfurt-west"],"_links":{"self":[{"href":"https:\/\/insideamateurfussball-ffm.de\/index.php?rest_route=\/wp\/v2\/posts\/28087","targetHints":{"allow":["GET"]}}],"collection":[{"href":"https:\/\/insideamateurfussball-ffm.de\/index.php?rest_route=\/wp\/v2\/posts"}],"about":[{"href":"https:\/\/insideamateurfussball-ffm.de\/index.php?rest_route=\/wp\/v2\/types\/post"}],"author":[{"embeddable":true,"href":"https:\/\/insideamateurfussball-ffm.de\/index.php?rest_route=\/wp\/v2\/users\/3"}],"replies":[{"embeddable":true,"href":"https:\/\/insideamateurfussball-ffm.de\/index.php?rest_route=%2Fwp%2Fv2%2Fcomments&post=28087"}],"version-history":[{"count":2,"href":"https:\/\/insideamateurfussball-ffm.de\/index.php?rest_route=\/wp\/v2\/posts\/28087\/revisions"}],"predecessor-version":[{"id":28089,"href":"https:\/\/insideamateurfussball-ffm.de\/index.php?rest_route=\/wp\/v2\/posts\/28087\/revisions\/28089"}],"wp:featuredmedia":[{"embeddable":true,"href":"https:\/\/insideamateurfussball-ffm.de\/index.php?rest_route=\/wp\/v2\/media\/27154"}],"wp:attachment":[{"href":"https:\/\/insideamateurfussball-ffm.de\/index.php?rest_route=%2Fwp%2Fv2%2Fmedia&parent=28087"}],"wp:term":[{"taxonomy":"category","embeddable":true,"href":"https:\/\/insideamateurfussball-ffm.de\/index.php?rest_route=%2Fwp%2Fv2%2Fcategories&post=28087"},{"taxonomy":"post_tag","embeddable":true,"href":"https:\/\/insideamateurfussball-ffm.de\/index.php?rest_route=%2Fwp%2Fv2%2Ftags&post=28087"}],"curies":[{"name":"wp","href":"https:\/\/api.w.org\/{rel}","templated":true}]}}