{"id":28053,"date":"2025-09-22T13:52:03","date_gmt":"2025-09-22T12:52:03","guid":{"rendered":"https:\/\/insideamateurfussball-ffm.de\/?p=28053"},"modified":"2025-09-23T09:48:04","modified_gmt":"2025-09-23T08:48:04","slug":"bornheimer-verdienen-sich-sieg-durch-starke-zweite-halbzeit","status":"publish","type":"post","link":"https:\/\/insideamateurfussball-ffm.de\/?p=28053","title":{"rendered":"Bornheimer verdienen sich Sieg durch starke zweite Halbzeit"},"content":{"rendered":"<h4>Die SG Bornheim ist weiter auf Erfolgskurs, aufgrund einer hervorragenden zweiten Halbzeit verdienten sich die Gastgeber den 2:0-Sieg gegen den VfR Gro\u00df-Gerau.<\/h4>\n<figure id=\"attachment_28136\" aria-describedby=\"caption-attachment-28136\" style=\"width: 2560px\" class=\"wp-caption alignnone\"><img loading=\"lazy\" decoding=\"async\" class=\"wp-image-28136 size-full\" src=\"http:\/\/insideamateurfussball-ffm.de\/wp-content\/uploads\/2025\/09\/SGB-VfRGG_250921-866-scaled.jpg\" alt=\"\" width=\"2560\" height=\"1707\" srcset=\"https:\/\/insideamateurfussball-ffm.de\/wp-content\/uploads\/2025\/09\/SGB-VfRGG_250921-866-scaled.jpg 2560w, https:\/\/insideamateurfussball-ffm.de\/wp-content\/uploads\/2025\/09\/SGB-VfRGG_250921-866-300x200.jpg 300w, https:\/\/insideamateurfussball-ffm.de\/wp-content\/uploads\/2025\/09\/SGB-VfRGG_250921-866-1024x683.jpg 1024w, https:\/\/insideamateurfussball-ffm.de\/wp-content\/uploads\/2025\/09\/SGB-VfRGG_250921-866-768x512.jpg 768w, https:\/\/insideamateurfussball-ffm.de\/wp-content\/uploads\/2025\/09\/SGB-VfRGG_250921-866-1536x1024.jpg 1536w, https:\/\/insideamateurfussball-ffm.de\/wp-content\/uploads\/2025\/09\/SGB-VfRGG_250921-866-2048x1365.jpg 2048w\" sizes=\"auto, (max-width: 2560px) 100vw, 2560px\" \/><figcaption id=\"caption-attachment-28136\" class=\"wp-caption-text\">Die Bornheimer konnten einen erneuten Heimsieg bejubeln. Foto: Andre Sturmeit<\/figcaption><\/figure>\n<h4>SG Bornheim &#8211; VfR Gro\u00df-Gerau 2:0 (0:0)<\/h4>\n<p><img loading=\"lazy\" decoding=\"async\" class=\"alignnone size-full wp-image-119\" src=\"http:\/\/insideamateurfussball-ffm.de\/wp-content\/uploads\/2022\/05\/Bornheim.jpg\" alt=\"\" width=\"80\" height=\"80\" \/><img loading=\"lazy\" decoding=\"async\" class=\"alignnone size-full wp-image-16322\" src=\"http:\/\/insideamateurfussball-ffm.de\/wp-content\/uploads\/2024\/02\/vfr-gross-gerau.png\" alt=\"\" width=\"80\" height=\"80\" \/><\/p>\n<p>Nach dem Sieg letzte Woche beim 1.FC Langen wollte die SG Bornheim zu Hause nachlegen und weiter etwas f\u00fcr das Punktekonto machen, am Ende war es ein verdienter 2:0-Sieg gegen den VfR Gro\u00df-Gerau, zu dem auch die Einwechselspieler viel beitrugen. In der ersten Halbzeit entwickelte sich ein z\u00e4hes Spiel, beide Mannschaften neutralisierten sich gegenseitig, sodass es in den ersten 45 Minuten kaum nennenswerte Torchancen gab. Die zweite Halbzeit entsch\u00e4digte dann die einheimischen Zuschauer, die trotz anhaltendem Regens zum Spiel erschienen waren, SG-Trainer Taner Yalcin sprach nachher von \u201eder besten Halbzeit, die wir bisher in dieser Saison gespielt haben\u201c.<\/p>\n<p>Die Bornheimer nahmen das Heft des Handelns in die Hand und erspielten sich einige Torchancen, f\u00fcr das F\u00fchrungstor brauchten sie allerdings die Hilfe der G\u00e4ste, als nach einem Abpraller nach einer scharfen Hereingabe der Ball den Weg von den F\u00fc\u00dfen von Pedro Araujo da Silva zum 1:0 ins Netz fand, 53 Minuten waren da gespielt. Die Gastgeber, die zum ersten Mal in dieser Saison nur Spieler der ersten Mannschaft auf der Bank hatten, lie\u00dfen einige Chancen zum 2:0 liegen, konnten aber von der Bank nachlegen, Yalcin nachher: \u201ewir hatten vorher gesagt, dass wir das Spiel von der Bank aus entscheiden, und die Spieler von der Bank haben dem Gegner dann auch den Stecker gezogen.\u201c<\/p>\n<p>Es waren dann auch drei Einwechselspieler, die in der 1.Minute der Nachspielzeit f\u00fcr die Entscheidung sorgten, Bilal Zerouali leitete in der eigenen H\u00e4lfte einen Angriff ein und \u00fcber die beiden Einwechselspieler Valerio Lettieri und Alexander Bauscher landete der Ball wieder bei Zerouali, der den 2:0-Endstand erzielte. Trainer Yalcin war stolz auf die Mannschaft: \u201ees ist toll, wenn das Trainerteam die Prinzipien, die man trainiert, im Spiel wiedersieht, und das mit Ball und gegen den Ball.\u201c Am n\u00e4chsten Sonntag treten die Bornheimer zur Mittagszeit bei der zweiten Mannschaft von RW Walldorf an, im Kreispokal hat man aufgrund der Absage von Gegner FC Frankfurt City kampflos das Achtelfinale erreicht.<\/p>\n<h4>Schiedsrichter: Fabien Mink (TSV 05 Reichenbach). Zuschauer: 150.<\/h4>\n<h4>Tore: 1:0 Pedro Araujo da Silva (53., Eigentor), 2:0 Bilal Zerouali (90.+1)<\/h4>\n<blockquote>\n<h4>Andre Sturmeit stellte uns noch eine Bildergalerie zur Verf\u00fcgung.<\/h4>\n<\/blockquote>\n\n\n<figure class=\"wp-block-image size-large\"><img loading=\"lazy\" decoding=\"async\" width=\"1024\" height=\"683\" src=\"http:\/\/insideamateurfussball-ffm.de\/wp-content\/uploads\/2025\/09\/SGB-VfRGG_250921-17-1024x683.jpg\" alt=\"\" class=\"wp-image-28120\" srcset=\"https:\/\/insideamateurfussball-ffm.de\/wp-content\/uploads\/2025\/09\/SGB-VfRGG_250921-17-1024x683.jpg 1024w, https:\/\/insideamateurfussball-ffm.de\/wp-content\/uploads\/2025\/09\/SGB-VfRGG_250921-17-300x200.jpg 300w, https:\/\/insideamateurfussball-ffm.de\/wp-content\/uploads\/2025\/09\/SGB-VfRGG_250921-17-768x512.jpg 768w, https:\/\/insideamateurfussball-ffm.de\/wp-content\/uploads\/2025\/09\/SGB-VfRGG_250921-17-1536x1024.jpg 1536w, https:\/\/insideamateurfussball-ffm.de\/wp-content\/uploads\/2025\/09\/SGB-VfRGG_250921-17-2048x1365.jpg 2048w\" sizes=\"auto, (max-width: 1024px) 100vw, 1024px\" \/><\/figure>\n\n\n\n<figure class=\"wp-block-image size-large\"><img loading=\"lazy\" decoding=\"async\" width=\"1024\" height=\"683\" src=\"http:\/\/insideamateurfussball-ffm.de\/wp-content\/uploads\/2025\/09\/SGB-VfRGG_250921-32-1024x683.jpg\" alt=\"\" class=\"wp-image-28121\" srcset=\"https:\/\/insideamateurfussball-ffm.de\/wp-content\/uploads\/2025\/09\/SGB-VfRGG_250921-32-1024x683.jpg 1024w, https:\/\/insideamateurfussball-ffm.de\/wp-content\/uploads\/2025\/09\/SGB-VfRGG_250921-32-300x200.jpg 300w, https:\/\/insideamateurfussball-ffm.de\/wp-content\/uploads\/2025\/09\/SGB-VfRGG_250921-32-768x512.jpg 768w, https:\/\/insideamateurfussball-ffm.de\/wp-content\/uploads\/2025\/09\/SGB-VfRGG_250921-32-1536x1024.jpg 1536w, https:\/\/insideamateurfussball-ffm.de\/wp-content\/uploads\/2025\/09\/SGB-VfRGG_250921-32-2048x1365.jpg 2048w\" sizes=\"auto, (max-width: 1024px) 100vw, 1024px\" \/><\/figure>\n\n\n\n<figure class=\"wp-block-image size-large\"><img loading=\"lazy\" decoding=\"async\" width=\"1024\" height=\"683\" src=\"http:\/\/insideamateurfussball-ffm.de\/wp-content\/uploads\/2025\/09\/SGB-VfRGG_250921-53-1024x683.jpg\" alt=\"\" class=\"wp-image-28122\" srcset=\"https:\/\/insideamateurfussball-ffm.de\/wp-content\/uploads\/2025\/09\/SGB-VfRGG_250921-53-1024x683.jpg 1024w, https:\/\/insideamateurfussball-ffm.de\/wp-content\/uploads\/2025\/09\/SGB-VfRGG_250921-53-300x200.jpg 300w, https:\/\/insideamateurfussball-ffm.de\/wp-content\/uploads\/2025\/09\/SGB-VfRGG_250921-53-768x512.jpg 768w, https:\/\/insideamateurfussball-ffm.de\/wp-content\/uploads\/2025\/09\/SGB-VfRGG_250921-53-1536x1024.jpg 1536w, https:\/\/insideamateurfussball-ffm.de\/wp-content\/uploads\/2025\/09\/SGB-VfRGG_250921-53-2048x1365.jpg 2048w\" sizes=\"auto, (max-width: 1024px) 100vw, 1024px\" \/><\/figure>\n\n\n\n<figure class=\"wp-block-image size-large\"><img loading=\"lazy\" decoding=\"async\" width=\"1024\" height=\"683\" src=\"http:\/\/insideamateurfussball-ffm.de\/wp-content\/uploads\/2025\/09\/SGB-VfRGG_250921-134-1024x683.jpg\" alt=\"\" class=\"wp-image-28123\" srcset=\"https:\/\/insideamateurfussball-ffm.de\/wp-content\/uploads\/2025\/09\/SGB-VfRGG_250921-134-1024x683.jpg 1024w, https:\/\/insideamateurfussball-ffm.de\/wp-content\/uploads\/2025\/09\/SGB-VfRGG_250921-134-300x200.jpg 300w, https:\/\/insideamateurfussball-ffm.de\/wp-content\/uploads\/2025\/09\/SGB-VfRGG_250921-134-768x512.jpg 768w, https:\/\/insideamateurfussball-ffm.de\/wp-content\/uploads\/2025\/09\/SGB-VfRGG_250921-134-1536x1024.jpg 1536w, https:\/\/insideamateurfussball-ffm.de\/wp-content\/uploads\/2025\/09\/SGB-VfRGG_250921-134-2048x1365.jpg 2048w\" sizes=\"auto, (max-width: 1024px) 100vw, 1024px\" \/><\/figure>\n\n\n\n<figure class=\"wp-block-image size-large\"><img loading=\"lazy\" decoding=\"async\" width=\"1024\" height=\"683\" src=\"http:\/\/insideamateurfussball-ffm.de\/wp-content\/uploads\/2025\/09\/SGB-VfRGG_250921-136-1024x683.jpg\" alt=\"\" class=\"wp-image-28124\" srcset=\"https:\/\/insideamateurfussball-ffm.de\/wp-content\/uploads\/2025\/09\/SGB-VfRGG_250921-136-1024x683.jpg 1024w, https:\/\/insideamateurfussball-ffm.de\/wp-content\/uploads\/2025\/09\/SGB-VfRGG_250921-136-300x200.jpg 300w, https:\/\/insideamateurfussball-ffm.de\/wp-content\/uploads\/2025\/09\/SGB-VfRGG_250921-136-768x512.jpg 768w, https:\/\/insideamateurfussball-ffm.de\/wp-content\/uploads\/2025\/09\/SGB-VfRGG_250921-136-1536x1024.jpg 1536w, https:\/\/insideamateurfussball-ffm.de\/wp-content\/uploads\/2025\/09\/SGB-VfRGG_250921-136-2048x1365.jpg 2048w\" sizes=\"auto, (max-width: 1024px) 100vw, 1024px\" \/><\/figure>\n\n\n\n<figure class=\"wp-block-image size-large\"><img loading=\"lazy\" decoding=\"async\" width=\"1024\" height=\"683\" src=\"http:\/\/insideamateurfussball-ffm.de\/wp-content\/uploads\/2025\/09\/SGB-VfRGG_250921-189-1024x683.jpg\" alt=\"\" class=\"wp-image-28125\" srcset=\"https:\/\/insideamateurfussball-ffm.de\/wp-content\/uploads\/2025\/09\/SGB-VfRGG_250921-189-1024x683.jpg 1024w, https:\/\/insideamateurfussball-ffm.de\/wp-content\/uploads\/2025\/09\/SGB-VfRGG_250921-189-300x200.jpg 300w, https:\/\/insideamateurfussball-ffm.de\/wp-content\/uploads\/2025\/09\/SGB-VfRGG_250921-189-768x512.jpg 768w, https:\/\/insideamateurfussball-ffm.de\/wp-content\/uploads\/2025\/09\/SGB-VfRGG_250921-189-1536x1024.jpg 1536w, https:\/\/insideamateurfussball-ffm.de\/wp-content\/uploads\/2025\/09\/SGB-VfRGG_250921-189-2048x1366.jpg 2048w\" sizes=\"auto, (max-width: 1024px) 100vw, 1024px\" \/><\/figure>\n\n\n\n<figure class=\"wp-block-image size-large\"><img loading=\"lazy\" decoding=\"async\" width=\"1024\" height=\"683\" src=\"http:\/\/insideamateurfussball-ffm.de\/wp-content\/uploads\/2025\/09\/SGB-VfRGG_250921-224-1024x683.jpg\" alt=\"\" class=\"wp-image-28127\" srcset=\"https:\/\/insideamateurfussball-ffm.de\/wp-content\/uploads\/2025\/09\/SGB-VfRGG_250921-224-1024x683.jpg 1024w, https:\/\/insideamateurfussball-ffm.de\/wp-content\/uploads\/2025\/09\/SGB-VfRGG_250921-224-300x200.jpg 300w, https:\/\/insideamateurfussball-ffm.de\/wp-content\/uploads\/2025\/09\/SGB-VfRGG_250921-224-768x512.jpg 768w, https:\/\/insideamateurfussball-ffm.de\/wp-content\/uploads\/2025\/09\/SGB-VfRGG_250921-224-1536x1024.jpg 1536w, https:\/\/insideamateurfussball-ffm.de\/wp-content\/uploads\/2025\/09\/SGB-VfRGG_250921-224-2048x1365.jpg 2048w\" sizes=\"auto, (max-width: 1024px) 100vw, 1024px\" \/><\/figure>\n\n\n\n<figure class=\"wp-block-image size-large\"><img loading=\"lazy\" decoding=\"async\" width=\"1024\" height=\"683\" src=\"http:\/\/insideamateurfussball-ffm.de\/wp-content\/uploads\/2025\/09\/SGB-VfRGG_250921-303-1024x683.jpg\" alt=\"\" class=\"wp-image-28128\" srcset=\"https:\/\/insideamateurfussball-ffm.de\/wp-content\/uploads\/2025\/09\/SGB-VfRGG_250921-303-1024x683.jpg 1024w, https:\/\/insideamateurfussball-ffm.de\/wp-content\/uploads\/2025\/09\/SGB-VfRGG_250921-303-300x200.jpg 300w, https:\/\/insideamateurfussball-ffm.de\/wp-content\/uploads\/2025\/09\/SGB-VfRGG_250921-303-768x512.jpg 768w, https:\/\/insideamateurfussball-ffm.de\/wp-content\/uploads\/2025\/09\/SGB-VfRGG_250921-303-1536x1024.jpg 1536w, https:\/\/insideamateurfussball-ffm.de\/wp-content\/uploads\/2025\/09\/SGB-VfRGG_250921-303-2048x1365.jpg 2048w\" sizes=\"auto, (max-width: 1024px) 100vw, 1024px\" \/><\/figure>\n\n\n\n<figure class=\"wp-block-image size-large\"><img loading=\"lazy\" decoding=\"async\" width=\"1024\" height=\"683\" src=\"http:\/\/insideamateurfussball-ffm.de\/wp-content\/uploads\/2025\/09\/SGB-VfRGG_250921-346-1024x683.jpg\" alt=\"\" class=\"wp-image-28129\" srcset=\"https:\/\/insideamateurfussball-ffm.de\/wp-content\/uploads\/2025\/09\/SGB-VfRGG_250921-346-1024x683.jpg 1024w, https:\/\/insideamateurfussball-ffm.de\/wp-content\/uploads\/2025\/09\/SGB-VfRGG_250921-346-300x200.jpg 300w, https:\/\/insideamateurfussball-ffm.de\/wp-content\/uploads\/2025\/09\/SGB-VfRGG_250921-346-768x512.jpg 768w, https:\/\/insideamateurfussball-ffm.de\/wp-content\/uploads\/2025\/09\/SGB-VfRGG_250921-346-1536x1024.jpg 1536w, https:\/\/insideamateurfussball-ffm.de\/wp-content\/uploads\/2025\/09\/SGB-VfRGG_250921-346-2048x1365.jpg 2048w\" sizes=\"auto, (max-width: 1024px) 100vw, 1024px\" \/><\/figure>\n\n\n\n<figure class=\"wp-block-image size-large\"><img loading=\"lazy\" decoding=\"async\" width=\"1024\" height=\"683\" src=\"http:\/\/insideamateurfussball-ffm.de\/wp-content\/uploads\/2025\/09\/SGB-VfRGG_250921-369-1024x683.jpg\" alt=\"\" class=\"wp-image-28130\" srcset=\"https:\/\/insideamateurfussball-ffm.de\/wp-content\/uploads\/2025\/09\/SGB-VfRGG_250921-369-1024x683.jpg 1024w, https:\/\/insideamateurfussball-ffm.de\/wp-content\/uploads\/2025\/09\/SGB-VfRGG_250921-369-300x200.jpg 300w, https:\/\/insideamateurfussball-ffm.de\/wp-content\/uploads\/2025\/09\/SGB-VfRGG_250921-369-768x512.jpg 768w, https:\/\/insideamateurfussball-ffm.de\/wp-content\/uploads\/2025\/09\/SGB-VfRGG_250921-369-1536x1024.jpg 1536w, https:\/\/insideamateurfussball-ffm.de\/wp-content\/uploads\/2025\/09\/SGB-VfRGG_250921-369-2048x1365.jpg 2048w\" sizes=\"auto, (max-width: 1024px) 100vw, 1024px\" \/><\/figure>\n\n\n\n<figure class=\"wp-block-image size-large\"><img loading=\"lazy\" decoding=\"async\" width=\"1024\" height=\"683\" src=\"http:\/\/insideamateurfussball-ffm.de\/wp-content\/uploads\/2025\/09\/SGB-VfRGG_250921-679-1024x683.jpg\" alt=\"\" class=\"wp-image-28131\" srcset=\"https:\/\/insideamateurfussball-ffm.de\/wp-content\/uploads\/2025\/09\/SGB-VfRGG_250921-679-1024x683.jpg 1024w, https:\/\/insideamateurfussball-ffm.de\/wp-content\/uploads\/2025\/09\/SGB-VfRGG_250921-679-300x200.jpg 300w, https:\/\/insideamateurfussball-ffm.de\/wp-content\/uploads\/2025\/09\/SGB-VfRGG_250921-679-768x512.jpg 768w, https:\/\/insideamateurfussball-ffm.de\/wp-content\/uploads\/2025\/09\/SGB-VfRGG_250921-679-1536x1024.jpg 1536w, https:\/\/insideamateurfussball-ffm.de\/wp-content\/uploads\/2025\/09\/SGB-VfRGG_250921-679-2048x1365.jpg 2048w\" sizes=\"auto, (max-width: 1024px) 100vw, 1024px\" \/><\/figure>\n\n\n\n<figure class=\"wp-block-image size-large\"><img loading=\"lazy\" decoding=\"async\" width=\"1024\" height=\"683\" src=\"http:\/\/insideamateurfussball-ffm.de\/wp-content\/uploads\/2025\/09\/SGB-VfRGG_250921-686-1024x683.jpg\" alt=\"\" class=\"wp-image-28132\" srcset=\"https:\/\/insideamateurfussball-ffm.de\/wp-content\/uploads\/2025\/09\/SGB-VfRGG_250921-686-1024x683.jpg 1024w, https:\/\/insideamateurfussball-ffm.de\/wp-content\/uploads\/2025\/09\/SGB-VfRGG_250921-686-300x200.jpg 300w, https:\/\/insideamateurfussball-ffm.de\/wp-content\/uploads\/2025\/09\/SGB-VfRGG_250921-686-768x512.jpg 768w, https:\/\/insideamateurfussball-ffm.de\/wp-content\/uploads\/2025\/09\/SGB-VfRGG_250921-686-1536x1024.jpg 1536w, https:\/\/insideamateurfussball-ffm.de\/wp-content\/uploads\/2025\/09\/SGB-VfRGG_250921-686-2048x1365.jpg 2048w\" sizes=\"auto, (max-width: 1024px) 100vw, 1024px\" \/><\/figure>\n\n\n\n<figure class=\"wp-block-image size-large\"><img loading=\"lazy\" decoding=\"async\" width=\"1024\" height=\"683\" src=\"http:\/\/insideamateurfussball-ffm.de\/wp-content\/uploads\/2025\/09\/SGB-VfRGG_250921-694-1024x683.jpg\" alt=\"\" class=\"wp-image-28133\" srcset=\"https:\/\/insideamateurfussball-ffm.de\/wp-content\/uploads\/2025\/09\/SGB-VfRGG_250921-694-1024x683.jpg 1024w, https:\/\/insideamateurfussball-ffm.de\/wp-content\/uploads\/2025\/09\/SGB-VfRGG_250921-694-300x200.jpg 300w, https:\/\/insideamateurfussball-ffm.de\/wp-content\/uploads\/2025\/09\/SGB-VfRGG_250921-694-768x512.jpg 768w, https:\/\/insideamateurfussball-ffm.de\/wp-content\/uploads\/2025\/09\/SGB-VfRGG_250921-694-1536x1024.jpg 1536w, https:\/\/insideamateurfussball-ffm.de\/wp-content\/uploads\/2025\/09\/SGB-VfRGG_250921-694-2048x1365.jpg 2048w\" sizes=\"auto, (max-width: 1024px) 100vw, 1024px\" \/><\/figure>\n\n\n\n<figure class=\"wp-block-image size-large\"><img loading=\"lazy\" decoding=\"async\" width=\"1024\" height=\"683\" src=\"http:\/\/insideamateurfussball-ffm.de\/wp-content\/uploads\/2025\/09\/SGB-VfRGG_250921-747-1024x683.jpg\" alt=\"\" class=\"wp-image-28134\" srcset=\"https:\/\/insideamateurfussball-ffm.de\/wp-content\/uploads\/2025\/09\/SGB-VfRGG_250921-747-1024x683.jpg 1024w, https:\/\/insideamateurfussball-ffm.de\/wp-content\/uploads\/2025\/09\/SGB-VfRGG_250921-747-300x200.jpg 300w, https:\/\/insideamateurfussball-ffm.de\/wp-content\/uploads\/2025\/09\/SGB-VfRGG_250921-747-768x512.jpg 768w, https:\/\/insideamateurfussball-ffm.de\/wp-content\/uploads\/2025\/09\/SGB-VfRGG_250921-747-1536x1024.jpg 1536w, https:\/\/insideamateurfussball-ffm.de\/wp-content\/uploads\/2025\/09\/SGB-VfRGG_250921-747-2048x1365.jpg 2048w\" sizes=\"auto, (max-width: 1024px) 100vw, 1024px\" \/><\/figure>\n\n\n\n<figure class=\"wp-block-image size-large\"><img loading=\"lazy\" decoding=\"async\" width=\"1024\" height=\"683\" src=\"http:\/\/insideamateurfussball-ffm.de\/wp-content\/uploads\/2025\/09\/SGB-VfRGG_250921-854-1024x683.jpg\" alt=\"\" class=\"wp-image-28135\" srcset=\"https:\/\/insideamateurfussball-ffm.de\/wp-content\/uploads\/2025\/09\/SGB-VfRGG_250921-854-1024x683.jpg 1024w, https:\/\/insideamateurfussball-ffm.de\/wp-content\/uploads\/2025\/09\/SGB-VfRGG_250921-854-300x200.jpg 300w, https:\/\/insideamateurfussball-ffm.de\/wp-content\/uploads\/2025\/09\/SGB-VfRGG_250921-854-768x512.jpg 768w, https:\/\/insideamateurfussball-ffm.de\/wp-content\/uploads\/2025\/09\/SGB-VfRGG_250921-854-1536x1024.jpg 1536w, https:\/\/insideamateurfussball-ffm.de\/wp-content\/uploads\/2025\/09\/SGB-VfRGG_250921-854-2048x1365.jpg 2048w\" sizes=\"auto, (max-width: 1024px) 100vw, 1024px\" \/><\/figure>\n\n\n\n<figure class=\"wp-block-image size-large\"><img loading=\"lazy\" decoding=\"async\" width=\"1024\" height=\"683\" src=\"http:\/\/insideamateurfussball-ffm.de\/wp-content\/uploads\/2025\/09\/SGB-VfRGG_250921-887-1024x683.jpg\" alt=\"\" class=\"wp-image-28137\" srcset=\"https:\/\/insideamateurfussball-ffm.de\/wp-content\/uploads\/2025\/09\/SGB-VfRGG_250921-887-1024x683.jpg 1024w, https:\/\/insideamateurfussball-ffm.de\/wp-content\/uploads\/2025\/09\/SGB-VfRGG_250921-887-300x200.jpg 300w, https:\/\/insideamateurfussball-ffm.de\/wp-content\/uploads\/2025\/09\/SGB-VfRGG_250921-887-768x512.jpg 768w, https:\/\/insideamateurfussball-ffm.de\/wp-content\/uploads\/2025\/09\/SGB-VfRGG_250921-887-1536x1024.jpg 1536w, https:\/\/insideamateurfussball-ffm.de\/wp-content\/uploads\/2025\/09\/SGB-VfRGG_250921-887-2048x1365.jpg 2048w\" sizes=\"auto, (max-width: 1024px) 100vw, 1024px\" \/><\/figure>\n","protected":false},"excerpt":{"rendered":"<p>Die SG Bornheim ist weiter auf Erfolgskurs, aufgrund einer hervorragenden zweiten Halbzeit verdienten sich die Gastgeber den 2:0-Sieg gegen den VfR Gro\u00df-Gerau. SG Bornheim &#8211; VfR Gro\u00df-Gerau 2:0 (0:0) Nach dem Sieg letzte Woche beim 1.FC Langen wollte die SG Bornheim zu Hause nachlegen und weiter etwas f\u00fcr das Punktekonto machen, am Ende war es [&hellip;]<\/p>\n","protected":false},"author":3,"featured_media":28136,"comment_status":"closed","ping_status":"open","sticky":true,"template":"","format":"standard","meta":{"footnotes":""},"categories":[10],"tags":[],"class_list":["post-28053","post","type-post","status-publish","format-standard","has-post-thumbnail","hentry","category-verbandsliga-sued"],"_links":{"self":[{"href":"https:\/\/insideamateurfussball-ffm.de\/index.php?rest_route=\/wp\/v2\/posts\/28053","targetHints":{"allow":["GET"]}}],"collection":[{"href":"https:\/\/insideamateurfussball-ffm.de\/index.php?rest_route=\/wp\/v2\/posts"}],"about":[{"href":"https:\/\/insideamateurfussball-ffm.de\/index.php?rest_route=\/wp\/v2\/types\/post"}],"author":[{"embeddable":true,"href":"https:\/\/insideamateurfussball-ffm.de\/index.php?rest_route=\/wp\/v2\/users\/3"}],"replies":[{"embeddable":true,"href":"https:\/\/insideamateurfussball-ffm.de\/index.php?rest_route=%2Fwp%2Fv2%2Fcomments&post=28053"}],"version-history":[{"count":4,"href":"https:\/\/insideamateurfussball-ffm.de\/index.php?rest_route=\/wp\/v2\/posts\/28053\/revisions"}],"predecessor-version":[{"id":28138,"href":"https:\/\/insideamateurfussball-ffm.de\/index.php?rest_route=\/wp\/v2\/posts\/28053\/revisions\/28138"}],"wp:featuredmedia":[{"embeddable":true,"href":"https:\/\/insideamateurfussball-ffm.de\/index.php?rest_route=\/wp\/v2\/media\/28136"}],"wp:attachment":[{"href":"https:\/\/insideamateurfussball-ffm.de\/index.php?rest_route=%2Fwp%2Fv2%2Fmedia&parent=28053"}],"wp:term":[{"taxonomy":"category","embeddable":true,"href":"https:\/\/insideamateurfussball-ffm.de\/index.php?rest_route=%2Fwp%2Fv2%2Fcategories&post=28053"},{"taxonomy":"post_tag","embeddable":true,"href":"https:\/\/insideamateurfussball-ffm.de\/index.php?rest_route=%2Fwp%2Fv2%2Ftags&post=28053"}],"curies":[{"name":"wp","href":"https:\/\/api.w.org\/{rel}","templated":true}]}}