{"id":28050,"date":"2025-09-22T13:45:19","date_gmt":"2025-09-22T12:45:19","guid":{"rendered":"https:\/\/insideamateurfussball-ffm.de\/?p=28050"},"modified":"2025-09-22T13:45:19","modified_gmt":"2025-09-22T12:45:19","slug":"rw-schickt-langen-mit-51-nach-hause","status":"publish","type":"post","link":"https:\/\/insideamateurfussball-ffm.de\/?p=28050","title":{"rendered":"RW schickt Langen mit 5:1 nach Hause"},"content":{"rendered":"<h4>Rot-Wei\u00df Frankfurt bleibt an der Spitzengruppe in der Verbandsliga dran, der Aufsteiger 1.FC Langen wurde trotz 45-min\u00fctiger Unterzahl mit 5:1 geschlagen und damit der 6.Tabellenplatz untermauert.<\/h4>\n<figure id=\"attachment_26979\" aria-describedby=\"caption-attachment-26979\" style=\"width: 2016px\" class=\"wp-caption alignnone\"><img loading=\"lazy\" decoding=\"async\" class=\"wp-image-26979 size-full\" src=\"http:\/\/insideamateurfussball-ffm.de\/wp-content\/uploads\/2025\/08\/kalbachrw09.jpg\" alt=\"\" width=\"2016\" height=\"1512\" srcset=\"https:\/\/insideamateurfussball-ffm.de\/wp-content\/uploads\/2025\/08\/kalbachrw09.jpg 2016w, https:\/\/insideamateurfussball-ffm.de\/wp-content\/uploads\/2025\/08\/kalbachrw09-300x225.jpg 300w, https:\/\/insideamateurfussball-ffm.de\/wp-content\/uploads\/2025\/08\/kalbachrw09-1024x768.jpg 1024w, https:\/\/insideamateurfussball-ffm.de\/wp-content\/uploads\/2025\/08\/kalbachrw09-768x576.jpg 768w, https:\/\/insideamateurfussball-ffm.de\/wp-content\/uploads\/2025\/08\/kalbachrw09-1536x1152.jpg 1536w\" sizes=\"auto, (max-width: 2016px) 100vw, 2016px\" \/><figcaption id=\"caption-attachment-26979\" class=\"wp-caption-text\">Die Mannschaft von RW Frankfurt kam zu einem klaren Sieg gegen den 1.FC Langen. Foto: Archiv MZ<\/figcaption><\/figure>\n<h4 data-wp-editing=\"1\">SG Rot-Wei\u00df Frankfurt &#8211; 1.FC Langen 5:1 (2:0)<\/h4>\n<p><img loading=\"lazy\" decoding=\"async\" class=\"alignnone  wp-image-4032\" src=\"http:\/\/insideamateurfussball-ffm.de\/wp-content\/uploads\/2022\/11\/rot-weiss.png\" alt=\"\" width=\"102\" height=\"89\" \/><img loading=\"lazy\" decoding=\"async\" class=\"alignnone size-full wp-image-27924\" src=\"http:\/\/insideamateurfussball-ffm.de\/wp-content\/uploads\/2025\/09\/FC-Langen.jpg\" alt=\"\" width=\"80\" height=\"80\" \/><\/p>\n<p>Nach dem letzten spielfreien Wochenende und dem Einzug in das Achtelfinale des Frankfurter Kreispokals durch das 7:0 beim SV Eritrea empfingen die ausgeruhten Frankfurter den Aufsteiger aus Langen, der zuletzt 3 Spiele in Folge verloren hatte. Am Ende stand ein klarer 5:1-Sieg zu Buche, der die Rot-Wei\u00dfen in Sichtweite zur Tabellenspitze auf Platz 6 der Tabelle sieht, 4 Punkte bei einem Spiel weniger hinter dem Tabellenf\u00fchrer von RW Darmstadt.<\/p>\n<p>Die Gastgeber hatten das Spiel schnell unter Kontrolle, waren zu Beginn des Spiels aber nicht konsequent genug beim Ausspielen der Torchancen, w\u00e4hrend der Gegner aus Langen nur Gef\u00e4hrlichkeit durch Standards ausstrahlte. Es dauerte bis zur 37.Minute, ehe Sinan Salih nach einem Eckball aus dem R\u00fcckraum das 1:0 erzielen konnte, dem Lian Feridani nur drei Minuten sp\u00e4ter nach Vorarbeit von Leo Yan Djaleu Deula mit einem Schuss aus 16 Metern das 2:0 folgen lie\u00df, kurz vor der Pause dann ein kleiner D\u00e4mpfer, als Verteidiger Georgi Georgiev in der 44.Minute mit der gelb-roten Karte des Platzes verwiesen wurde.<\/p>\n<p>Doch in der zweiten Halbzeit war es nicht sp\u00fcrbar, dass die Rot-Wei\u00dfen in Unterzahl spielten, im Gegenteil, die Gastgeber hatten weiter mehr Ballbesitz und auch mehr Torchancen. Da kam es nicht von ungef\u00e4hr, dass Sinan Salih mit seinem zweiten Tor in der 57.Minute das Ergebnis auf 3:0 erh\u00f6hte und Lian Feridani, ebenfalls mit seinem zweiten Treffer, das 4:0 in der 72.Minute folgen lie\u00df. Das Spiel war zu diesem Zeitpunkt entschieden, die G\u00e4ste aus Langen kamen in der 89.Minute durch Fabio Mola noch zum Ehrentreffer, dem eine Minute sp\u00e4ter der eingewechselte Jovan Petkovic sofort das 5:1 folgen lie\u00df. RW-Trainer Ibo Cigdem war zufrieden: \u201ees war ein verdienter Sieg, man hat in der zweiten Halbzeit die Unterzahl nicht gemerkt.\u201c Am n\u00e4chsten Wochenende reisen die Frankfurter dann zum Ausw\u00e4rtsspiel zum VfR Gro\u00df-Gerau, wie meistens der Gegner, gegen den gerade die SG Bornheim gespielt hat.<\/p>\n<h4>Schiedsrichter: Marcel Bandemer (SG Barockstadt Fulda-Lehnerz). Zuschauer: 120.<\/h4>\n<h4>Tore: 1:0 Sinan Salih (37.), 2:0 Lian Feridani (40.), 3:0 Sinan Salih (57.), 4:0 Lian Feridani (72.), 4:1 Fabio Mola (89.), 5:1 Jovan Petkovic (90.)<\/h4>\n","protected":false},"excerpt":{"rendered":"<p>Rot-Wei\u00df Frankfurt bleibt an der Spitzengruppe in der Verbandsliga dran, der Aufsteiger 1.FC Langen wurde trotz 45-min\u00fctiger Unterzahl mit 5:1 geschlagen und damit der 6.Tabellenplatz untermauert. SG Rot-Wei\u00df Frankfurt &#8211; 1.FC Langen 5:1 (2:0) Nach dem letzten spielfreien Wochenende und dem Einzug in das Achtelfinale des Frankfurter Kreispokals durch das 7:0 beim SV Eritrea empfingen [&hellip;]<\/p>\n","protected":false},"author":3,"featured_media":26979,"comment_status":"closed","ping_status":"open","sticky":true,"template":"","format":"standard","meta":{"footnotes":""},"categories":[10],"tags":[],"class_list":["post-28050","post","type-post","status-publish","format-standard","has-post-thumbnail","hentry","category-verbandsliga-sued"],"_links":{"self":[{"href":"https:\/\/insideamateurfussball-ffm.de\/index.php?rest_route=\/wp\/v2\/posts\/28050","targetHints":{"allow":["GET"]}}],"collection":[{"href":"https:\/\/insideamateurfussball-ffm.de\/index.php?rest_route=\/wp\/v2\/posts"}],"about":[{"href":"https:\/\/insideamateurfussball-ffm.de\/index.php?rest_route=\/wp\/v2\/types\/post"}],"author":[{"embeddable":true,"href":"https:\/\/insideamateurfussball-ffm.de\/index.php?rest_route=\/wp\/v2\/users\/3"}],"replies":[{"embeddable":true,"href":"https:\/\/insideamateurfussball-ffm.de\/index.php?rest_route=%2Fwp%2Fv2%2Fcomments&post=28050"}],"version-history":[{"count":2,"href":"https:\/\/insideamateurfussball-ffm.de\/index.php?rest_route=\/wp\/v2\/posts\/28050\/revisions"}],"predecessor-version":[{"id":28052,"href":"https:\/\/insideamateurfussball-ffm.de\/index.php?rest_route=\/wp\/v2\/posts\/28050\/revisions\/28052"}],"wp:featuredmedia":[{"embeddable":true,"href":"https:\/\/insideamateurfussball-ffm.de\/index.php?rest_route=\/wp\/v2\/media\/26979"}],"wp:attachment":[{"href":"https:\/\/insideamateurfussball-ffm.de\/index.php?rest_route=%2Fwp%2Fv2%2Fmedia&parent=28050"}],"wp:term":[{"taxonomy":"category","embeddable":true,"href":"https:\/\/insideamateurfussball-ffm.de\/index.php?rest_route=%2Fwp%2Fv2%2Fcategories&post=28050"},{"taxonomy":"post_tag","embeddable":true,"href":"https:\/\/insideamateurfussball-ffm.de\/index.php?rest_route=%2Fwp%2Fv2%2Ftags&post=28050"}],"curies":[{"name":"wp","href":"https:\/\/api.w.org\/{rel}","templated":true}]}}