{"id":28038,"date":"2025-09-20T15:32:00","date_gmt":"2025-09-20T14:32:00","guid":{"rendered":"https:\/\/insideamateurfussball-ffm.de\/?p=28038"},"modified":"2025-09-20T22:50:59","modified_gmt":"2025-09-20T21:50:59","slug":"seckbachs-hessenweite-pokalreise-beendet","status":"publish","type":"post","link":"https:\/\/insideamateurfussball-ffm.de\/?p=28038","title":{"rendered":"Seckbachs hessenweite Pokalreise beendet"},"content":{"rendered":"<h5><span style=\"font-size: 16px;\">F\u00fcr den Frankfurter Kreispokalsieger FG Seckbach endete das Abenteuer Hessen-Pokal in der 2. Runde mit der 2:5-Niederlage gegen Verbandsliga-Tabellenf\u00fchrer Germania Ober-Roden. Nachdem das Team von Spielertrainer Manuel May im Juni im Finale gegen den letztj\u00e4hrigen Ligakonkurrenten FC Kalbach erstmals den Kreispokal gewinnen konnte, schaltete die Fu\u00dfball-Gesellschaft in der 1. Runde des landesweiten Pokalwettbewerbes den aktuellen Verbandsliga-Zweiten Sportfreunde Seligenstadt im Elfmeterschie\u00dfen aus.\u00a0<\/span><\/h5>\n<figure id=\"attachment_28039\" aria-describedby=\"caption-attachment-28039\" style=\"width: 652px\" class=\"wp-caption alignleft\"><img loading=\"lazy\" decoding=\"async\" class=\"wp-image-28039\" src=\"http:\/\/insideamateurfussball-ffm.de\/wp-content\/uploads\/2025\/09\/Seck-O-1024x768.jpg\" alt=\"\" width=\"652\" height=\"489\" srcset=\"https:\/\/insideamateurfussball-ffm.de\/wp-content\/uploads\/2025\/09\/Seck-O-1024x768.jpg 1024w, https:\/\/insideamateurfussball-ffm.de\/wp-content\/uploads\/2025\/09\/Seck-O-300x225.jpg 300w, https:\/\/insideamateurfussball-ffm.de\/wp-content\/uploads\/2025\/09\/Seck-O-768x576.jpg 768w, https:\/\/insideamateurfussball-ffm.de\/wp-content\/uploads\/2025\/09\/Seck-O-1536x1152.jpg 1536w, https:\/\/insideamateurfussball-ffm.de\/wp-content\/uploads\/2025\/09\/Seck-O.jpg 2048w\" sizes=\"auto, (max-width: 652px) 100vw, 652px\" \/><figcaption id=\"caption-attachment-28039\" class=\"wp-caption-text\">Seckbachs Kapit\u00e4n Milad Wardaks zwei Tore waren zu wenig, um die 3. Runde zu erreichen. Foto: PA.<\/figcaption><\/figure>\n<h5><span style=\"font-size: 16px;\">FG Seckbach &#8211; Germania Ober-Roden 2:5 (1:2)<\/span><\/h5>\n<p><img loading=\"lazy\" decoding=\"async\" class=\"alignnone size-full wp-image-544\" src=\"http:\/\/insideamateurfussball-ffm.de\/wp-content\/uploads\/2022\/06\/Seckbach.jpg\" alt=\"\" width=\"80\" height=\"80\" \/><img loading=\"lazy\" decoding=\"async\" class=\"alignnone size-full wp-image-28040\" src=\"http:\/\/insideamateurfussball-ffm.de\/wp-content\/uploads\/2025\/09\/Ger-OR.png\" alt=\"\" width=\"80\" height=\"80\" \/><\/p>\n<p><span style=\"font-size: 16px;\"> Vor 175 Zuschauern auf dem Kunstrasenplatz an der Hochst\u00e4dter Stra\u00dfe war die intensive Partie jedoch tats\u00e4chlich viel enger, als es das Resultat aussagt. <\/span><\/p>\n<p><span style=\"font-size: 16px;\">Die Gastgeber waren sogar durch einen \u00fcberlegten Schuss von Kapit\u00e4n Milad Wardak in F\u00fchrung gegangen (9.). Die von Fabian B\u00e4cker trainierten G\u00e4ste glichen per sehenswertem Freisto\u00df durch Spielmacher Abdulrahman Sancak aus (27.). Mittelst\u00fcrmer Adnan Voloder brachte die R\u00f6dermarker dann in F\u00fchrung (32.).<\/span><\/p>\n<ul>\n<li><strong><span style=\"font-size: 16px;\">Nach Wardaks 2:3 lag der Ausgleich in der Luft<\/span><\/strong><\/li>\n<\/ul>\n<p><span style=\"font-size: 16px;\">Nach dem Seitenwechsel machten die Seckbacher Druck. Torj\u00e4ger Florian Schuberth vergab eine Gro\u00dfchance freistehend \u00fcber das Tor (54.). Die G\u00e4ste setzten dann zum Konterspiel an und trafen durch Kapit\u00e4n Marc Z\u00fcge zum 3:1 (65.). Der ausgewechselte Seckbacher Lukas Berens erhielt dann wegen eines Zwischenrufes von der Ersatzbank die Gelb-Rote Karte (70.). Seckbach kam am Ende noch mal auf, nach Wardaks Distanzschuss zum 2:3 (78.) lag der Ausgleich in der Luft. Doch just in der Drangphase vollendete Voloder einen weiteren Konter (78.). In der Nachspielzeit erh\u00f6hte der eingewechselte Luciano Pepe noch zum Endstand (90.+5) f\u00fcr die R\u00f6dermarker, die im Achtelfinale auf den Hessenligisten FC Gie\u00dfen treffen. <\/span><\/p>\n<p><span style=\"font-size: 16px;\">Seckbachs Spielertrainer Manuel May sagte:&#8220;Nach der F\u00fchrung waren wir nicht mutig genug. Nach dem Seitenwechsel haben wir den Gegner aber zu Fehlern gezwungen und den Verbandsligisten ins Wanken gebracht.&#8220; Die FG Seckbach kann sich nach dem &#8222;sch\u00f6nen Erlebnis&#8220; Hessen-Pokal wieder auf den Ligaalltag konzentrieren, w\u00fcrde aber gerne den Kreispokal verteidigen, um in der n\u00e4chsten Saison erneut hessenweite Pokalspiele absolvieren zu k\u00f6nnen. Spielertrainer Manuel May richtete nach dem Aus gegen den Verbandsliga-Tabellenf\u00fchrer Ober-Roden den Blick sofort auf das Gruppenliga-Spiel beim FC Kosova: &#8222;Wir m\u00fcssen die K\u00f6pfe wieder hoch kriegen. Kosova wird unangenehm, mit Flakron Thaci haben sie einen Ausnahmespieler, aber wir sind bereit f\u00fcr die Aufgabe.&#8220;\u00a0<\/span><\/p>\n<ul>\n<li><strong><span style=\"font-size: 16px;\">Schiedsrichter: Devin Kakmaci (JSG Aarbergen).\u00a0<\/span><\/strong><\/li>\n<li><span style=\"font-size: 16px;\"><strong>Zuschauer:175.\u00a0<\/strong><\/span><\/li>\n<li><strong><span style=\"font-size: 16px;\">Tore: 1:0 Milad Wardak (9.), 1:1 Abdulrahman Sancak (27.), 1:2 Adnan Voloder (32.), 1:3 Marc Z\u00fcge (65.), 2:3 Milad Wardak (75.), 2:4 Adnan Voloder (78.), 2:5 Luciano Pepe (90.\/+5).\u00a0<\/span><\/strong><\/li>\n<\/ul>\n","protected":false},"excerpt":{"rendered":"<p>F\u00fcr den Frankfurter Kreispokalsieger FG Seckbach endete das Abenteuer Hessen-Pokal in der 2. Runde mit der 2:5-Niederlage gegen Verbandsliga-Tabellenf\u00fchrer Germania Ober-Roden. Nachdem das Team von Spielertrainer Manuel May im Juni im Finale gegen den letztj\u00e4hrigen Ligakonkurrenten FC Kalbach erstmals den Kreispokal gewinnen konnte, schaltete die Fu\u00dfball-Gesellschaft in der 1. Runde des landesweiten Pokalwettbewerbes den aktuellen [&hellip;]<\/p>\n","protected":false},"author":1,"featured_media":28039,"comment_status":"closed","ping_status":"closed","sticky":true,"template":"","format":"standard","meta":{"footnotes":""},"categories":[30],"tags":[],"class_list":["post-28038","post","type-post","status-publish","format-standard","has-post-thumbnail","hentry","category-hessenpokal"],"_links":{"self":[{"href":"https:\/\/insideamateurfussball-ffm.de\/index.php?rest_route=\/wp\/v2\/posts\/28038","targetHints":{"allow":["GET"]}}],"collection":[{"href":"https:\/\/insideamateurfussball-ffm.de\/index.php?rest_route=\/wp\/v2\/posts"}],"about":[{"href":"https:\/\/insideamateurfussball-ffm.de\/index.php?rest_route=\/wp\/v2\/types\/post"}],"author":[{"embeddable":true,"href":"https:\/\/insideamateurfussball-ffm.de\/index.php?rest_route=\/wp\/v2\/users\/1"}],"replies":[{"embeddable":true,"href":"https:\/\/insideamateurfussball-ffm.de\/index.php?rest_route=%2Fwp%2Fv2%2Fcomments&post=28038"}],"version-history":[{"count":2,"href":"https:\/\/insideamateurfussball-ffm.de\/index.php?rest_route=\/wp\/v2\/posts\/28038\/revisions"}],"predecessor-version":[{"id":28042,"href":"https:\/\/insideamateurfussball-ffm.de\/index.php?rest_route=\/wp\/v2\/posts\/28038\/revisions\/28042"}],"wp:featuredmedia":[{"embeddable":true,"href":"https:\/\/insideamateurfussball-ffm.de\/index.php?rest_route=\/wp\/v2\/media\/28039"}],"wp:attachment":[{"href":"https:\/\/insideamateurfussball-ffm.de\/index.php?rest_route=%2Fwp%2Fv2%2Fmedia&parent=28038"}],"wp:term":[{"taxonomy":"category","embeddable":true,"href":"https:\/\/insideamateurfussball-ffm.de\/index.php?rest_route=%2Fwp%2Fv2%2Fcategories&post=28038"},{"taxonomy":"post_tag","embeddable":true,"href":"https:\/\/insideamateurfussball-ffm.de\/index.php?rest_route=%2Fwp%2Fv2%2Ftags&post=28038"}],"curies":[{"name":"wp","href":"https:\/\/api.w.org\/{rel}","templated":true}]}}