{"id":28031,"date":"2025-09-20T05:00:00","date_gmt":"2025-09-20T04:00:00","guid":{"rendered":"https:\/\/insideamateurfussball-ffm.de\/?p=28031"},"modified":"2025-09-20T21:56:45","modified_gmt":"2025-09-20T20:56:45","slug":"germania-94-letzter-zweitrundenteilnehmer","status":"publish","type":"post","link":"https:\/\/insideamateurfussball-ffm.de\/?p=28031","title":{"rendered":"Germania 94 letzter Zweitrundenteilnehmer"},"content":{"rendered":"<h5><span style=\"font-size: 16px;\">Als letzter Verein erreichte der VfL Germania 94 am Dienstagabend die 2. Runde im Kreispokal. Der Gruppenliga-Aufsteiger siegte beim Kreisoberligisten SV 07 Heddernheim mit 2:1 (1:1). N\u00e4chster Gegner ist mit Union Niederrad ein weiterer Verein aus der KOL. Die f\u00fcr 7. Oktober terminierte Partie hat zudem noch Derby-Charakter.\u00a0<\/span><\/h5>\n<figure id=\"attachment_28032\" aria-describedby=\"caption-attachment-28032\" style=\"width: 654px\" class=\"wp-caption alignleft\"><img loading=\"lazy\" decoding=\"async\" class=\"wp-image-28032\" src=\"http:\/\/insideamateurfussball-ffm.de\/wp-content\/uploads\/2025\/09\/Hed-Ger-1024x577.jpg\" alt=\"\" width=\"654\" height=\"368\" srcset=\"https:\/\/insideamateurfussball-ffm.de\/wp-content\/uploads\/2025\/09\/Hed-Ger-1024x577.jpg 1024w, https:\/\/insideamateurfussball-ffm.de\/wp-content\/uploads\/2025\/09\/Hed-Ger-300x169.jpg 300w, https:\/\/insideamateurfussball-ffm.de\/wp-content\/uploads\/2025\/09\/Hed-Ger-768x432.jpg 768w, https:\/\/insideamateurfussball-ffm.de\/wp-content\/uploads\/2025\/09\/Hed-Ger-1536x865.jpg 1536w, https:\/\/insideamateurfussball-ffm.de\/wp-content\/uploads\/2025\/09\/Hed-Ger.jpg 2048w\" sizes=\"auto, (max-width: 654px) 100vw, 654px\" \/><figcaption id=\"caption-attachment-28032\" class=\"wp-caption-text\">SVH-Kapit\u00e4n Antonie Willef\u00fchr schirmt den Ball ab. Foto: PA.<\/figcaption><\/figure>\n<h5><span style=\"font-size: 16px;\">SV 07 Heddernheim &#8211; VfL Germania 94 1:2 (1:1)<\/span><\/h5>\n<p><img loading=\"lazy\" decoding=\"async\" class=\"alignnone size-full wp-image-302\" src=\"http:\/\/insideamateurfussball-ffm.de\/wp-content\/uploads\/2022\/05\/1sv07_news2_4511-1.jpg\" alt=\"\" width=\"80\" height=\"80\" \/><img loading=\"lazy\" decoding=\"async\" class=\"alignnone size-full wp-image-11577\" src=\"http:\/\/insideamateurfussball-ffm.de\/wp-content\/uploads\/2023\/08\/Germania-94.jpg\" alt=\"\" width=\"80\" height=\"80\" \/><\/p>\n<p><span style=\"font-size: 16px;\">Der Pokal war f\u00fcr SVH-Trainer Andreas Berggold die willkommene Gelegenheit, um m\u00f6glichst allen Spielern, die in der Meisterschaftsrunde bisher wenig bis gar nicht gespielt haben, Einsatzminuten zu geben. So ging eine bessere B-Elf an den Start, gegen\u00fcber dem R\u00f6delheim-Spiel gab es sieben Ver\u00e4nderungen in der Startformation. <\/span><\/p>\n<p><span style=\"font-size: 16px;\">Aber auch Germania-Trainer Siar Daudi, der fortan von Jens Mlaka und Mohamed Uadeh unterst\u00fctzt wird, warf die Rotationsmaschine an, brachte acht Ver\u00e4nderungen gegen\u00fcber dem Friedrichsdorf-Spiel (3:1) auf den Bogen. Heddernheim startete mit Elan. \u00d6mer G\u00fcng\u00f6r passte im Strafraum zu Mouad Aqil. Der St\u00fcrmer traf zum 1:0 (4.). Mit der F\u00fchrung im R\u00fccken wurden die Gr\u00fcn-Wei\u00dfen &#8211; Heddernheim spielte erstmals in der neuen Saison in klassischer Vereinsfarbe &#8211; mutiger und kontrollierte das Spiel. Nach etwas mehr als einer halben Stunde passte die Abwehr aber nach einer Ecke nicht auf und lie\u00df Lars Lange eink\u00f6pfen (32.). Nach dem Ausgleich sahen die 84 Zuschauer eine weiter ausgeglichene Begegnung. Nach dem Seitenwechsel f\u00fchrte eine umstrittene Entscheidung zum entscheidenden Tor.<\/span><\/p>\n<ul>\n<li><strong><span style=\"font-size: 16px;\">Heddernheim mit Chancen, aber zu inkonsequent im Abschluss<\/span><\/strong><\/li>\n<\/ul>\n<p><span style=\"font-size: 16px;\">Nach einer Flanke spitzelte Noah Charkaoui den Ball ins Tor (57.), einer der Assistenten hatte die Fahne gehoben. M\u00f6glicherweise wegen Abseits oder dem Zusammenprall mit 07-Torwart Marc Tomczyk. Der Schiedsrichter gab jedoch das Tor der G\u00e4ste (57.). In der letzten halben Stunde versuchten beide Teams mit dem Aussch\u00f6pfen der 5-Wechsel-Regel neue Impulse zu setzen. Heddernheim erarbeitete sich Chancen wie jene von Luka Filip Brnas, man agierte aber bei weiteren drei Gelegenheiten zu inkonsequent vor dem Tor. Nicht unerw\u00e4hnt bleiben sollen noch Sch\u00fcsse an die Latte durch Okan G\u00f6t\u00fcrmens Freisto\u00df und Martin Semere bei einem Konter an den Pfosten. <\/span><span style=\"font-size: 16px;\">Berggold war dann auch nicht sauer wegen des Ausscheidens: &#8222;Wir haben ein gutes Spiel gemacht, wichtig war mir eine andere Einstellung zuzeigen als am letzten Sonntag gegen R\u00f6delheim. Auf dieses Augenmerk haben wir uns fokussiert. In der Anfangsphase waren wir spritziger und sind verdient in F\u00fchrung gegangen. Das 1:1 war \u00e4rgerlich nach einer Standardsituation, das k\u00f6nnen wir besser verteidigen. Nach dem Seitenwechsel waren wir die bessere Mannschaft. Germania 94 hat sich nach ihrer F\u00fchrung zur\u00fcckgezogen. Unsere Mannschaft hat in dieser Zusammensetzung so noch nie gespielt.&#8220; <\/span><\/p>\n<p><span style=\"font-size: 16px;\">Und wird es auch nicht am Sonntag im Ligaspiel gegen den FC Gudesding (15 Uhr), wo das Aufbieten der Stammelf prophezeit wird. Die G\u00e4ste spielen dann eine Etage h\u00f6her beim TSKV T\u00fcrkg\u00fcc\u00fc (15.30 Uhr). Germania-Trainer Siar Daudi freute sich \u00fcber den Einzug in Runde zwei: &#8222;Das Spiel haben wir ernst genommen, sind sehr froh \u00fcber den Einzug in die 2. Runde. So k\u00f6nnen wir auch da Spieler einsetzen, die Minuten brauchen. Heddernheim ist ein guter Gegner, die haben nicht umsonst in der KOL eine gute Serie hingelegt, auch wenn sie zuletzt zweimal ungl\u00fccklich verloren haben.&#8220;<\/span><\/p>\n<ul>\n<li><strong><span style=\"font-size: 16px;\">Schiedsrichter: Rajinder Mahey (Concordia Eschersheim).<\/span><\/strong><\/li>\n<li><strong><span style=\"font-size: 16px;\">Zuschauer: 84. <\/span><\/strong><\/li>\n<li><strong><span style=\"font-size: 16px;\">Tore: 1:0 Mouad Aqil (4.), 1:1 Lars Lange (32.), 1:2 Noah Charkaoui (90.+7).\u00a0<\/span><\/strong><\/li>\n<\/ul>\n<p><span style=\"font-size: 16px;\">\u00a0 \u00a0 \u00a0\u00a0<\/span><\/p>\n","protected":false},"excerpt":{"rendered":"<p>Als letzter Verein erreichte der VfL Germania 94 am Dienstagabend die 2. Runde im Kreispokal. Der Gruppenliga-Aufsteiger siegte beim Kreisoberligisten SV 07 Heddernheim mit 2:1 (1:1). N\u00e4chster Gegner ist mit Union Niederrad ein weiterer Verein aus der KOL. Die f\u00fcr 7. Oktober terminierte Partie hat zudem noch Derby-Charakter.\u00a0 SV 07 Heddernheim &#8211; VfL Germania 94 [&hellip;]<\/p>\n","protected":false},"author":1,"featured_media":28032,"comment_status":"open","ping_status":"open","sticky":true,"template":"","format":"standard","meta":{"footnotes":""},"categories":[9],"tags":[],"class_list":["post-28031","post","type-post","status-publish","format-standard","has-post-thumbnail","hentry","category-kreispokal"],"_links":{"self":[{"href":"https:\/\/insideamateurfussball-ffm.de\/index.php?rest_route=\/wp\/v2\/posts\/28031","targetHints":{"allow":["GET"]}}],"collection":[{"href":"https:\/\/insideamateurfussball-ffm.de\/index.php?rest_route=\/wp\/v2\/posts"}],"about":[{"href":"https:\/\/insideamateurfussball-ffm.de\/index.php?rest_route=\/wp\/v2\/types\/post"}],"author":[{"embeddable":true,"href":"https:\/\/insideamateurfussball-ffm.de\/index.php?rest_route=\/wp\/v2\/users\/1"}],"replies":[{"embeddable":true,"href":"https:\/\/insideamateurfussball-ffm.de\/index.php?rest_route=%2Fwp%2Fv2%2Fcomments&post=28031"}],"version-history":[{"count":2,"href":"https:\/\/insideamateurfussball-ffm.de\/index.php?rest_route=\/wp\/v2\/posts\/28031\/revisions"}],"predecessor-version":[{"id":28034,"href":"https:\/\/insideamateurfussball-ffm.de\/index.php?rest_route=\/wp\/v2\/posts\/28031\/revisions\/28034"}],"wp:featuredmedia":[{"embeddable":true,"href":"https:\/\/insideamateurfussball-ffm.de\/index.php?rest_route=\/wp\/v2\/media\/28032"}],"wp:attachment":[{"href":"https:\/\/insideamateurfussball-ffm.de\/index.php?rest_route=%2Fwp%2Fv2%2Fmedia&parent=28031"}],"wp:term":[{"taxonomy":"category","embeddable":true,"href":"https:\/\/insideamateurfussball-ffm.de\/index.php?rest_route=%2Fwp%2Fv2%2Fcategories&post=28031"},{"taxonomy":"post_tag","embeddable":true,"href":"https:\/\/insideamateurfussball-ffm.de\/index.php?rest_route=%2Fwp%2Fv2%2Ftags&post=28031"}],"curies":[{"name":"wp","href":"https:\/\/api.w.org\/{rel}","templated":true}]}}