{"id":28028,"date":"2025-09-20T17:33:11","date_gmt":"2025-09-20T16:33:11","guid":{"rendered":"https:\/\/insideamateurfussball-ffm.de\/?p=28028"},"modified":"2025-09-20T17:33:31","modified_gmt":"2025-09-20T16:33:31","slug":"tempo-geraet-in-bad-nauheim-unter-die-raeder","status":"publish","type":"post","link":"https:\/\/insideamateurfussball-ffm.de\/?p=28028","title":{"rendered":"Tempo ger\u00e4t in Bad Nauheim \u201eunter die R\u00e4der\u201c"},"content":{"rendered":"<h4>Die junge Mannschaft des FC Tempo musste mit vielen Ausf\u00e4llen Lehrgeld bezahlen. Bei der zweiten Topmannschaft der Liga, dem T\u00fcrkischen SV Bad Nauheim, mussten sich die Frankfurter mit 2:8 geschlagen geben.<\/h4>\n<figure id=\"attachment_26761\" aria-describedby=\"caption-attachment-26761\" style=\"width: 2560px\" class=\"wp-caption alignnone\"><img loading=\"lazy\" decoding=\"async\" class=\"wp-image-26761 size-full\" src=\"http:\/\/insideamateurfussball-ffm.de\/wp-content\/uploads\/2025\/07\/TuerkBadNauheim-SGB_250720-106-scaled.jpg\" alt=\"\" width=\"2560\" height=\"1707\" srcset=\"https:\/\/insideamateurfussball-ffm.de\/wp-content\/uploads\/2025\/07\/TuerkBadNauheim-SGB_250720-106-scaled.jpg 2560w, https:\/\/insideamateurfussball-ffm.de\/wp-content\/uploads\/2025\/07\/TuerkBadNauheim-SGB_250720-106-300x200.jpg 300w, https:\/\/insideamateurfussball-ffm.de\/wp-content\/uploads\/2025\/07\/TuerkBadNauheim-SGB_250720-106-1024x683.jpg 1024w, https:\/\/insideamateurfussball-ffm.de\/wp-content\/uploads\/2025\/07\/TuerkBadNauheim-SGB_250720-106-768x512.jpg 768w, https:\/\/insideamateurfussball-ffm.de\/wp-content\/uploads\/2025\/07\/TuerkBadNauheim-SGB_250720-106-1536x1024.jpg 1536w, https:\/\/insideamateurfussball-ffm.de\/wp-content\/uploads\/2025\/07\/TuerkBadNauheim-SGB_250720-106-2048x1365.jpg 2048w\" sizes=\"auto, (max-width: 2560px) 100vw, 2560px\" \/><figcaption id=\"caption-attachment-26761\" class=\"wp-caption-text\">Noah P\u00f6litz (Nr. 99) war einer der Torsch\u00fctzen beim T\u00fcrkischen SV Bad Nauheim. Foto: Archiv Andre Sturmeit<\/figcaption><\/figure>\n<h4>T\u00fcrkischer SV Bad Nauheim &#8211; FC Tempo 8:2 (4:0)<\/h4>\n<p><img loading=\"lazy\" decoding=\"async\" class=\"alignnone  wp-image-25899\" src=\"http:\/\/insideamateurfussball-ffm.de\/wp-content\/uploads\/2025\/05\/Tuerkischer-SV.jpg\" alt=\"\" width=\"77\" height=\"77\" \/><img loading=\"lazy\" decoding=\"async\" class=\"alignnone size-full wp-image-31\" src=\"http:\/\/insideamateurfussball-ffm.de\/wp-content\/uploads\/2021\/11\/Tempo.jpg\" alt=\"\" width=\"80\" height=\"80\" \/><\/p>\n<p>Das Spiel zwischen dem T\u00fcrkischen SV Bad Nauheim und dem FC Tempo sollte ein Spitzenspiel werden, schlie\u00dflich trafen nicht nur der Tabellenzweite und der Tabellenvierte aufeinander, sondern die mit 6 (Bad Nauheim) und mit 8 (Tempo) Gegentoren besten Abwehrreihen, am Ende sahen die Zuschauer einen eindeutigen Sieg und insgesamt 10 Tore. Die junge Mannschaft des FC Tempo, die am vergangenen Wochenende ihre erste Niederlage gegen Tabellenf\u00fchrer Bosnien\/Herzegowina einstecken musste, hatte viele Ausf\u00e4lle zu beklagen und ging gegen die zweite Topmannschaft der Gruppenliga unter.<\/p>\n<p>Schon fr\u00fch gingen die Gastgeber durch einen Schuss in den Winkel von Mohamed Eldrissi Errahhali in der 3.Minute in F\u00fchrung, trotz weiterer Chancen inklusive eines Lattentreffers von Noah P\u00f6litz dauerte es bis zur 32.Minute, ehe Ozan Keskin nach einem Eckball auf 2:0 erh\u00f6hen konnte. Omar Eldrissi Errahhali in der 34.Minute und erneut Keskin in der 39.Minute erh\u00f6hten bis zur Halbzeit auf 4:0, die Gastgeber hatten zus\u00e4tzlich kurz vor dem Halbzeitpfiff noch zwei Alu-Treffer zu verzeichnen. Bad Nauheims Trainer Mehmet Tunay Somun meinte \u00fcber die ersten 45.Minuten: \u201ewir haben eine fulminante erste Halbzeit gespielt und haben noch einige Chancen liegengelassen, die Chancenverwertung war nicht gut und wir h\u00e4tten sicherlich mit zwei Toren mehr in die Pause gehen m\u00fcssen.\u201c<\/p>\n<p>Tempo kam nach der Pause durch einen verwandelten Handelfmeter von Nikola Dokovic in der 49.Minute zum Anschlusstreffer, doch Bad Nauheim dominierte weiter das Spiel, Keskin mit seinem dritten Tor erh\u00f6hte in der 65.Minute nach einer Flanke auf 5:1, ehe P\u00f6litz nur zwei Minuten sp\u00e4ter das 6:1 erzielen konnte. Dem erneuten Gegentor des FC Tempo durch einen Kopfball von David Ristic in der 72.Minuten lie\u00dfen die Gastgeber noch zwei weitere Tore durch Taha Idrisoglu (84.) und Omar Eldrissi Errahhali (88.) zum 8:2-Endstand folgen.<\/p>\n<p>Trainer Somun weiter: \u201ees war die beste erste Halbzeit, die wir diese Saison gespielt haben, generell war die Perfomance eine geschlossene und reife Mannschaftsleistung, wir haben eindrucksvoll bewiesen, dass wir zu Recht da oben stehen. Einzige Hiobsbotschaft ist die Verletzung unseres Torwarts Bennet (Karrer), der auf die Schulter gefallen ist und ins Krankenhaus musste.\u201c Tempos Sportlicher Leiter Zoran Marcetic lie\u00df sich nur zu einem kurzen Statement verleiten: \u201eviele Ausf\u00e4lle, schlechter Tag, Spiel so schnell wie m\u00f6glich vergessen, und es geht weiter.\u201c Dazu hat Tempo erst in zwei Wochen wieder Gelegenheit, am n\u00e4chsten Spieltag ist die Mannschaft spielfrei.<\/p>\n<p>An dieser Stelle ein Dank an Bad Nauheims Trainer Somun, der uns die n\u00f6tigen Informationen zu dem Spiel lieferte, bei fussnall.de waren leider bis zu diesem Zeitpunkt au\u00dfer dem Endergebnis keine Daten verf\u00fcgbar.<\/p>\n<h4>Schiedsrichter: Sven Marquardt (SG Orlen). Zuschauer: 80.<\/h4>\n<h4>Tore: 1:0 Mohamed Eldrissi Errahhali (3.), 2:0 Ozan Keskin (32.), 3:0 Omar Eldrissi Errahhali (34.), 4:0 Ozan Keskin (39.), 4:1 Nikola Dokovic (49., Elfmeter), 5:1 Ozan Keskin (65.), 6:1 Noah P\u00f6litz (67.), 6:2 David Ristic (72.), 7:2 Taha Idrisoglu (84.), 8:2 Omar Eldrissi Errahhali (88.)<\/h4>\n","protected":false},"excerpt":{"rendered":"<p>Die junge Mannschaft des FC Tempo musste mit vielen Ausf\u00e4llen Lehrgeld bezahlen. Bei der zweiten Topmannschaft der Liga, dem T\u00fcrkischen SV Bad Nauheim, mussten sich die Frankfurter mit 2:8 geschlagen geben. T\u00fcrkischer SV Bad Nauheim &#8211; FC Tempo 8:2 (4:0) Das Spiel zwischen dem T\u00fcrkischen SV Bad Nauheim und dem FC Tempo sollte ein Spitzenspiel [&hellip;]<\/p>\n","protected":false},"author":3,"featured_media":26761,"comment_status":"closed","ping_status":"open","sticky":true,"template":"","format":"standard","meta":{"footnotes":""},"categories":[13],"tags":[],"class_list":["post-28028","post","type-post","status-publish","format-standard","has-post-thumbnail","hentry","category-gruppenliga-frankfurt-west"],"_links":{"self":[{"href":"https:\/\/insideamateurfussball-ffm.de\/index.php?rest_route=\/wp\/v2\/posts\/28028","targetHints":{"allow":["GET"]}}],"collection":[{"href":"https:\/\/insideamateurfussball-ffm.de\/index.php?rest_route=\/wp\/v2\/posts"}],"about":[{"href":"https:\/\/insideamateurfussball-ffm.de\/index.php?rest_route=\/wp\/v2\/types\/post"}],"author":[{"embeddable":true,"href":"https:\/\/insideamateurfussball-ffm.de\/index.php?rest_route=\/wp\/v2\/users\/3"}],"replies":[{"embeddable":true,"href":"https:\/\/insideamateurfussball-ffm.de\/index.php?rest_route=%2Fwp%2Fv2%2Fcomments&post=28028"}],"version-history":[{"count":2,"href":"https:\/\/insideamateurfussball-ffm.de\/index.php?rest_route=\/wp\/v2\/posts\/28028\/revisions"}],"predecessor-version":[{"id":28030,"href":"https:\/\/insideamateurfussball-ffm.de\/index.php?rest_route=\/wp\/v2\/posts\/28028\/revisions\/28030"}],"wp:featuredmedia":[{"embeddable":true,"href":"https:\/\/insideamateurfussball-ffm.de\/index.php?rest_route=\/wp\/v2\/media\/26761"}],"wp:attachment":[{"href":"https:\/\/insideamateurfussball-ffm.de\/index.php?rest_route=%2Fwp%2Fv2%2Fmedia&parent=28028"}],"wp:term":[{"taxonomy":"category","embeddable":true,"href":"https:\/\/insideamateurfussball-ffm.de\/index.php?rest_route=%2Fwp%2Fv2%2Fcategories&post=28028"},{"taxonomy":"post_tag","embeddable":true,"href":"https:\/\/insideamateurfussball-ffm.de\/index.php?rest_route=%2Fwp%2Fv2%2Ftags&post=28028"}],"curies":[{"name":"wp","href":"https:\/\/api.w.org\/{rel}","templated":true}]}}