{"id":28024,"date":"2025-09-18T17:19:58","date_gmt":"2025-09-18T16:19:58","guid":{"rendered":"https:\/\/insideamateurfussball-ffm.de\/?p=28024"},"modified":"2025-09-18T17:19:58","modified_gmt":"2025-09-18T16:19:58","slug":"posavinas-lauf-geht-bei-punktlosen-speuzern-weiter","status":"publish","type":"post","link":"https:\/\/insideamateurfussball-ffm.de\/?p=28024","title":{"rendered":"Posavinas Lauf geht bei punktlosen Speuzern weiter"},"content":{"rendered":"<h5><span style=\"font-size: 16px;\">Der FC Posavina setzte seinen Lauf in der Kreisoberliga Frankfurt mit dem vierten Sieg in Folge fort. Die Mannschaft von Trainer Danijel Koturic gewann deutlich mit 5:0 beim Gruppenliga-Absteiger und punktlosem Schlusslicht FFV Sportfreunde 04 und r\u00fcckte mit zw\u00f6lf Punkten auf Rang sechs vor. F\u00fcr die &#8222;Speuzer&#8220; sieht es hingegen auch im dritten Jahr in Folge am Tabellenende schon zappenduster aus.\u00a0<\/span><\/h5>\n<figure id=\"attachment_28025\" aria-describedby=\"caption-attachment-28025\" style=\"width: 649px\" class=\"wp-caption alignleft\"><img loading=\"lazy\" decoding=\"async\" class=\"wp-image-28025\" src=\"http:\/\/insideamateurfussball-ffm.de\/wp-content\/uploads\/2025\/09\/Sport-Po-819x1024.jpg\" alt=\"\" width=\"649\" height=\"811\" srcset=\"https:\/\/insideamateurfussball-ffm.de\/wp-content\/uploads\/2025\/09\/Sport-Po-819x1024.jpg 819w, https:\/\/insideamateurfussball-ffm.de\/wp-content\/uploads\/2025\/09\/Sport-Po-240x300.jpg 240w, https:\/\/insideamateurfussball-ffm.de\/wp-content\/uploads\/2025\/09\/Sport-Po-768x960.jpg 768w, https:\/\/insideamateurfussball-ffm.de\/wp-content\/uploads\/2025\/09\/Sport-Po.jpg 1080w\" sizes=\"auto, (max-width: 649px) 100vw, 649px\" \/><figcaption id=\"caption-attachment-28025\" class=\"wp-caption-text\">Grafik: FC Posavina.\u00a0<\/figcaption><\/figure>\n<h5><span style=\"font-size: 16px;\">FFV Sportfreunde 04 &#8211; FC Posavina 0:5 (0:2)<\/span><\/h5>\n<p><img loading=\"lazy\" decoding=\"async\" class=\"alignnone size-full wp-image-141\" src=\"http:\/\/insideamateurfussball-ffm.de\/wp-content\/uploads\/2022\/05\/Speuzer.jpg\" alt=\"\" width=\"80\" height=\"80\" \/><img loading=\"lazy\" decoding=\"async\" class=\"alignnone size-full wp-image-22\" src=\"http:\/\/insideamateurfussball-ffm.de\/wp-content\/uploads\/2021\/11\/posavina.jpg\" alt=\"\" width=\"63\" height=\"80\" \/><\/p>\n<p><span style=\"font-size: 16px;\">Das letzte Duell dieser beiden Clubs datierte aus der Saison 2016\/17. Seinerzeit wurden die Sportfreunde KOL-Meister, spielten dann acht Jahre lang h\u00f6herklassig (sechs Jahre Verbandsliga S\u00fcd, zwei Jahre Gruppenliga West). <\/span><\/p>\n<p><span style=\"font-size: 16px;\">Im dritten Jahr in Folge befindet sich der derzeit am Rebstock spielende Club in der Abw\u00e4rtsspirale und ein Ende ist nicht in Sicht.<\/span><\/p>\n<ul>\n<li><strong><span style=\"font-size: 16px;\">&#8222;Es kam nicht das zustande, was wir uns vorgenommen haben&#8220; (Speuzer-Trainer Melih Yilmaz)<\/span><\/strong><\/li>\n<\/ul>\n<p><span style=\"font-size: 16px;\"> &#8222;Wir sind nach dem Abstieg in einer sehr schwierigen Situation. Wir haben eine komplett neue Mannschaft mit einigen A-Jugendlichen. Uns fehlt die Anzahl an Spielern und die n\u00f6tige Qualit\u00e4t. Wir konnten kaum Gegenwehr leisten. Es kam nicht das zustande, was wir uns vorgenommen haben.&#8220;, haderte &#8222;Speuzer&#8220;-Trainer Melih Yilmaz. <\/span><\/p>\n<p><span style=\"font-size: 16px;\">Die G\u00e4ste kamen zwangsl\u00e4ufig zu ihren Toren durch Kapit\u00e4n Mato Djukic (7.) und den \u00fcberragenden vierfachen Torsch\u00fctzen Anto Arlovic (44.\/60.\/62.\/73.). &#8222;<\/span><span style=\"font-size: 16px;\"><span style=\"color: initial;\">Wir hatten den Ball, dominierten das Spiel und erspielten uns viele Chancen \u2013 das Ergebnis h\u00e4tte sogar noch h\u00f6her ausfallen k\u00f6nnen! <\/span><span class=\"html-span xexx8yu xyri2b x18d9i69 x1c1uobl x1hl2dhg x16tdsg8 x1vvkbs x3nfvp2 x1j61x8r x1fcty0u xdj266r xat24cr xm2jcoa x1mpyi22 xxymvpz xlup9mm x1kky2od\" style=\"color: initial;\"><span style=\"color: initial;\">Weiter geht\u2019s mit harter Arbeit und Training \u2013 die n\u00e4chsten Siege kommen bestimmt!&#8220;, res\u00fcmierte Posavina-Pressewart Ante Pejic. Am Sonntag geht es schon um 15 Uhr weiter im Heimspiel gegen die SG Westend &#8211; der Neuauflage des Relegationsspiels vom Juni 2024 (1:3). Die &#8222;Speuzer&#8220; gastieren am Sonntag erst um 17 Uhr zum Kellerduell bei Aufsteiger GSU Hellas an der Hahnstra\u00dfe in Niederrad.\u00a0\u00a0<\/span><\/span><\/span><\/p>\n<ul>\n<li><strong><span style=\"font-size: 16px;\">Schiedsrichter: G\u00fcnther H\u00e4berle (FC Ober-Rosbach).\u00a0<\/span><\/strong><\/li>\n<li><strong><span style=\"font-size: 16px;\">Zuschauer: 70.\u00a0<\/span><\/strong><\/li>\n<li><strong><span style=\"font-size: 16px;\">Tore: 0:1 Mato Djukic (7.), 0:2, 0:3, 0:4, 0:5 Anto Arlovic (44.\/60.\/62.\/73.).<\/span><\/strong><\/li>\n<\/ul>\n<p><span style=\"font-size: 16px;\">\u00a0<\/span><\/p>\n","protected":false},"excerpt":{"rendered":"<p>Der FC Posavina setzte seinen Lauf in der Kreisoberliga Frankfurt mit dem vierten Sieg in Folge fort. Die Mannschaft von Trainer Danijel Koturic gewann deutlich mit 5:0 beim Gruppenliga-Absteiger und punktlosem Schlusslicht FFV Sportfreunde 04 und r\u00fcckte mit zw\u00f6lf Punkten auf Rang sechs vor. F\u00fcr die &#8222;Speuzer&#8220; sieht es hingegen auch im dritten Jahr in [&hellip;]<\/p>\n","protected":false},"author":1,"featured_media":28025,"comment_status":"closed","ping_status":"closed","sticky":true,"template":"","format":"standard","meta":{"footnotes":""},"categories":[2],"tags":[],"class_list":["post-28024","post","type-post","status-publish","format-standard","has-post-thumbnail","hentry","category-kreisoberliga-frankfurt"],"_links":{"self":[{"href":"https:\/\/insideamateurfussball-ffm.de\/index.php?rest_route=\/wp\/v2\/posts\/28024","targetHints":{"allow":["GET"]}}],"collection":[{"href":"https:\/\/insideamateurfussball-ffm.de\/index.php?rest_route=\/wp\/v2\/posts"}],"about":[{"href":"https:\/\/insideamateurfussball-ffm.de\/index.php?rest_route=\/wp\/v2\/types\/post"}],"author":[{"embeddable":true,"href":"https:\/\/insideamateurfussball-ffm.de\/index.php?rest_route=\/wp\/v2\/users\/1"}],"replies":[{"embeddable":true,"href":"https:\/\/insideamateurfussball-ffm.de\/index.php?rest_route=%2Fwp%2Fv2%2Fcomments&post=28024"}],"version-history":[{"count":1,"href":"https:\/\/insideamateurfussball-ffm.de\/index.php?rest_route=\/wp\/v2\/posts\/28024\/revisions"}],"predecessor-version":[{"id":28026,"href":"https:\/\/insideamateurfussball-ffm.de\/index.php?rest_route=\/wp\/v2\/posts\/28024\/revisions\/28026"}],"wp:featuredmedia":[{"embeddable":true,"href":"https:\/\/insideamateurfussball-ffm.de\/index.php?rest_route=\/wp\/v2\/media\/28025"}],"wp:attachment":[{"href":"https:\/\/insideamateurfussball-ffm.de\/index.php?rest_route=%2Fwp%2Fv2%2Fmedia&parent=28024"}],"wp:term":[{"taxonomy":"category","embeddable":true,"href":"https:\/\/insideamateurfussball-ffm.de\/index.php?rest_route=%2Fwp%2Fv2%2Fcategories&post=28024"},{"taxonomy":"post_tag","embeddable":true,"href":"https:\/\/insideamateurfussball-ffm.de\/index.php?rest_route=%2Fwp%2Fv2%2Ftags&post=28024"}],"curies":[{"name":"wp","href":"https:\/\/api.w.org\/{rel}","templated":true}]}}