{"id":28021,"date":"2025-09-18T16:36:43","date_gmt":"2025-09-18T15:36:43","guid":{"rendered":"https:\/\/insideamateurfussball-ffm.de\/?p=28021"},"modified":"2025-09-18T16:36:43","modified_gmt":"2025-09-18T15:36:43","slug":"befreiungsschlag-westend-gelingt-erster-saisonsieg","status":"publish","type":"post","link":"https:\/\/insideamateurfussball-ffm.de\/?p=28021","title":{"rendered":"Befreiungsschlag: Westend gelingt erster Saisonsieg"},"content":{"rendered":"<h5><span style=\"font-size: 16px;\">Mit dem 5:2-Heimsieg gegen die SG Harheim gelang Wiederaufsteiger SG Westend der erste Saisondreier und der ersehnte Befreiungsschlag. Mit f\u00fcnf Punkten r\u00fcckte das Team des neuen Trainers Amine Kamboua auf Rang 15 vor. F\u00fcr Harheim gibt es in dieser Spielzeit weiterhin nur Siege oder Niederlagen. Dreimal gewann Harheim, viermal verloren sie. Ein Remis sucht man im Gegensatz zum Vorjahr noch vergeblich.\u00a0<\/span><\/h5>\n<figure id=\"attachment_28022\" aria-describedby=\"caption-attachment-28022\" style=\"width: 150px\" class=\"wp-caption alignleft\"><img loading=\"lazy\" decoding=\"async\" class=\"wp-image-28022 size-thumbnail\" src=\"http:\/\/insideamateurfussball-ffm.de\/wp-content\/uploads\/2025\/09\/west7-12-150x150.jpg\" alt=\"\" width=\"150\" height=\"150\" \/><figcaption id=\"caption-attachment-28022\" class=\"wp-caption-text\">Die SG Westend sch\u00f6pfte ihr Potenzial ab. Foto: Archiv Mithat G\u00fcrser.\u00a0\u00a0<\/figcaption><\/figure>\n<h5><span style=\"font-size: 16px;\">SG Westend &#8211; SG Harheim 5:2 (0:0)<\/span><\/h5>\n<p><img loading=\"lazy\" decoding=\"async\" class=\"alignnone size-full wp-image-611\" src=\"http:\/\/insideamateurfussball-ffm.de\/wp-content\/uploads\/2022\/06\/Westend.png\" alt=\"\" width=\"69\" height=\"80\" \/><img loading=\"lazy\" decoding=\"async\" class=\"alignnone size-full wp-image-284\" src=\"http:\/\/insideamateurfussball-ffm.de\/wp-content\/uploads\/2022\/05\/Harheim.jpg\" alt=\"\" width=\"78\" height=\"80\" \/><\/p>\n<p><span style=\"font-size: 16px;\">Nachdem es zur Pause noch 0:0 stand, erfolgte dann laut dem Sportlichen Leiter Thomas Horn &#8222;eine wellenf\u00f6rmige zweite Halbzeit.&#8220; Zun\u00e4chst brachte Westends Kapit\u00e4n Ismail Sy die Gastgeber in F\u00fchrung (47.). <\/span><\/p>\n<p><span style=\"font-size: 16px;\">Torj\u00e4ger Amin Anedam erh\u00f6hte (54.). &#8222;Man of the match&#8220; war aber Rechtsverteidiger Justin Pierre, lange Stammspieler bei Verbandsligist SG Rot-Weiss. Er markierte die restlichen drei Tore (65.\/87.\/90.+1) und lieferte die Vorlagen zu den ersten beiden Toren. Die G\u00e4ste aus Harheim kamen zwischendurch auf 3:2 heran.<\/span><\/p>\n<ul>\n<li><strong><span style=\"font-size: 16px;\">&#8222;Leider haben wir die Gro\u00dfchance zum 3:3 nicht genutzt und f\u00fcnf Kontertore kassiert&#8220; (Harheims Spielausschuss-Vorsitzender Markus G\u00e4rtner).<\/span><\/strong><\/li>\n<\/ul>\n<p><span style=\"font-size: 16px;\">Kapit\u00e4n Lukas G\u00e4rtner (75.) und Julian Waschkau (78.) verk\u00fcrzten, letzteres Tor sei laut Horn aber &#8222;irregul\u00e4r anerkannt worden, da unser Tormann Salim Akaouch angerempelt wurde. Die Jungs waren stabil, kamen aus den Wellen heraus&#8220;, freute sich Horn vor dem Ausw\u00e4rtsspiel am Sonntag beim aufstrebenden FC Posavina (15.30 Uhr), der Neuauflage des Relegationsspiels von 2024 (1:3). <\/span><\/p>\n<p><span style=\"font-size: 16px;\">Der Harheimer Spielausschuss-Vorsitzende Markus G\u00e4rtner fand diese Niederlage &#8222;sehr bitter. Wir haben viel investiert, aber keinen Ertrag erzielt. Leider haben wir die Gro\u00dfchance zum 3:3 nicht genutzt und f\u00fcnf Kontertore kassiert.&#8220; F\u00fcr Harheim geht es am Sonntag im Heimspiel gegen den R\u00f6delheimer FC weiter (15 Uhr).\u00a0<\/span><\/p>\n<ul>\n<li><strong><span style=\"font-size: 16px;\">Schiedsrichter: Andreas Schweinsberg (SG Kelkheim). <\/span><\/strong><\/li>\n<li><strong><span style=\"font-size: 16px;\">Zuschauer: 30.\u00a0<\/span><\/strong><\/li>\n<li><strong><span style=\"font-size: 16px;\">Tore: 1:0 Ismail Sy (47.), 2:0 Amin Anedam (53.), 3:0 Justin Pierre (65.), 3:1 Lukas G\u00e4rtner (75.), 3:2 Julian Waschkau (78.), 4:2, 5:2 Justin Pierre (97.\/90.+1).<\/span><\/strong><\/li>\n<\/ul>\n","protected":false},"excerpt":{"rendered":"<p>Mit dem 5:2-Heimsieg gegen die SG Harheim gelang Wiederaufsteiger SG Westend der erste Saisondreier und der ersehnte Befreiungsschlag. Mit f\u00fcnf Punkten r\u00fcckte das Team des neuen Trainers Amine Kamboua auf Rang 15 vor. F\u00fcr Harheim gibt es in dieser Spielzeit weiterhin nur Siege oder Niederlagen. Dreimal gewann Harheim, viermal verloren sie. Ein Remis sucht man [&hellip;]<\/p>\n","protected":false},"author":1,"featured_media":28022,"comment_status":"closed","ping_status":"closed","sticky":true,"template":"","format":"standard","meta":{"footnotes":""},"categories":[2],"tags":[],"class_list":["post-28021","post","type-post","status-publish","format-standard","has-post-thumbnail","hentry","category-kreisoberliga-frankfurt"],"_links":{"self":[{"href":"https:\/\/insideamateurfussball-ffm.de\/index.php?rest_route=\/wp\/v2\/posts\/28021","targetHints":{"allow":["GET"]}}],"collection":[{"href":"https:\/\/insideamateurfussball-ffm.de\/index.php?rest_route=\/wp\/v2\/posts"}],"about":[{"href":"https:\/\/insideamateurfussball-ffm.de\/index.php?rest_route=\/wp\/v2\/types\/post"}],"author":[{"embeddable":true,"href":"https:\/\/insideamateurfussball-ffm.de\/index.php?rest_route=\/wp\/v2\/users\/1"}],"replies":[{"embeddable":true,"href":"https:\/\/insideamateurfussball-ffm.de\/index.php?rest_route=%2Fwp%2Fv2%2Fcomments&post=28021"}],"version-history":[{"count":1,"href":"https:\/\/insideamateurfussball-ffm.de\/index.php?rest_route=\/wp\/v2\/posts\/28021\/revisions"}],"predecessor-version":[{"id":28023,"href":"https:\/\/insideamateurfussball-ffm.de\/index.php?rest_route=\/wp\/v2\/posts\/28021\/revisions\/28023"}],"wp:featuredmedia":[{"embeddable":true,"href":"https:\/\/insideamateurfussball-ffm.de\/index.php?rest_route=\/wp\/v2\/media\/28022"}],"wp:attachment":[{"href":"https:\/\/insideamateurfussball-ffm.de\/index.php?rest_route=%2Fwp%2Fv2%2Fmedia&parent=28021"}],"wp:term":[{"taxonomy":"category","embeddable":true,"href":"https:\/\/insideamateurfussball-ffm.de\/index.php?rest_route=%2Fwp%2Fv2%2Fcategories&post=28021"},{"taxonomy":"post_tag","embeddable":true,"href":"https:\/\/insideamateurfussball-ffm.de\/index.php?rest_route=%2Fwp%2Fv2%2Ftags&post=28021"}],"curies":[{"name":"wp","href":"https:\/\/api.w.org\/{rel}","templated":true}]}}