{"id":28005,"date":"2025-09-17T17:04:56","date_gmt":"2025-09-17T16:04:56","guid":{"rendered":"https:\/\/insideamateurfussball-ffm.de\/?p=28005"},"modified":"2025-09-17T17:04:56","modified_gmt":"2025-09-17T16:04:56","slug":"roedelheim-stuerzt-heddernheim-von-der-spitze","status":"publish","type":"post","link":"https:\/\/insideamateurfussball-ffm.de\/?p=28005","title":{"rendered":"R\u00f6delheim st\u00fcrzt Heddernheim von der Spitze"},"content":{"rendered":"<h5><span style=\"font-size: 16px;\">Der 1. R\u00f6delheimer FC 02 lieferte ein ganz starkes Heimspiel ab, landete mit dem 5:3 (2:1) gegen den SV 07 Heddernheim den zweiten Saisonsieg und st\u00fcrzte die als Tabellenf\u00fchrer angereisten G\u00e4ste von der Tabellenspitze. Es war allgemein kein guter Nachmittag f\u00fcr die Kicker von der Br\u00fchlwiese. Schon im Vorspiel ging die Heddernheimer &#8222;Zweite&#8220; in der B-Klasse mit 2:6 unter.\u00a0<\/span><\/h5>\n<figure id=\"attachment_28006\" aria-describedby=\"caption-attachment-28006\" style=\"width: 150px\" class=\"wp-caption alignleft\"><img loading=\"lazy\" decoding=\"async\" class=\"wp-image-28006 size-thumbnail\" src=\"http:\/\/insideamateurfussball-ffm.de\/wp-content\/uploads\/2025\/09\/roed-hedd5-150x150.jpg\" alt=\"\" width=\"150\" height=\"150\" \/><figcaption id=\"caption-attachment-28006\" class=\"wp-caption-text\">R\u00f6delheims Teklu Tewelde (in blau) gegen Heddernheims Marco Yatci. Foto: Mithat G\u00fcrser.\u00a0\u00a0<\/figcaption><\/figure>\n<h5><span style=\"font-size: 16px;\">1. R\u00f6delheimer FC 02 &#8211; SV 07 Heddernheim 5:3 (2:1)<\/span><\/h5>\n<p><img loading=\"lazy\" decoding=\"async\" class=\"alignnone size-full wp-image-932\" src=\"http:\/\/insideamateurfussball-ffm.de\/wp-content\/uploads\/2022\/06\/Roedelheim.jpg\" alt=\"\" width=\"80\" height=\"73\" \/><img loading=\"lazy\" decoding=\"async\" class=\"alignnone size-full wp-image-302\" src=\"http:\/\/insideamateurfussball-ffm.de\/wp-content\/uploads\/2022\/05\/1sv07_news2_4511-1.jpg\" alt=\"\" width=\"80\" height=\"80\" \/><\/p>\n<p><span style=\"font-size: 16px;\">Die erste Schrecksekunde mussten die Platzherren nach 90 Sekunden \u00fcberstehen. RFC-Torh\u00fcter Theo Wedel schoss SVH-St\u00fcrmer Christos Papadopoulos an, der Ball ging knapp dr\u00fcber. An der Seitenlinie stand bei Heddernheim Vereinsikone Philipp Siegel in Vertretung des verhinderten Trainers Andreas Berggold. Er musste mit ansehen, wie R\u00f6delheim durch einen schnellen Angriff, den Ertap Turgut vollendete, in F\u00fchrung ging (21.). \u00dcberragend im Mittelfeld der fr\u00fchere Bornheimer Verbandsliga-Fu\u00dfballer Teklu Tewelde als &#8222;abkippender Sechser&#8220;. Das Fu\u00dfballspielen hat der Regisseur trotz zweij\u00e4hriger Verletzungspause nicht verlernt. Tewelde ist Jugendtrainer bei Rot-Weiss Frankfurt, wohnt in R\u00f6delheim und hatte sich im Sommer dem RFC angeschlossen. <\/span><\/p>\n<p><span style=\"font-size: 16px;\">Zahlreiche Eckb\u00e4lle f\u00fcr die Heimelf f\u00fchrten zwangsl\u00e4ufig zum 2:0. Niklas Vogt umkurvte Torh\u00fcter Marc Tomczyk und schob ein (27.). Erst danach besann sich Heddernheim auf seine St\u00e4rken. Cherano Willef\u00fchr setzte Marco Yatci ein, der zum Anschluss traf (34.). Der stark vertretene Heddernheimer Anhang unter den rund 120 Zuschauern am Bottenhorner Weg durfte jubeln. Und zum Ende der ersten Halbzeit h\u00e4tte dies erneut der Fall sein m\u00fcssen, doch erst vergab Cherano alleinstehend gegen Wedel (45.), in der gleichen Szene traf Papadopoulos im Nachschuss den Pfosten und setzte kurz danach einen Kopfball ans Au\u00dfennetz (45.+1). Nach dem Seitenwechsel dr\u00fcckten die G\u00e4ste weiter, brachten ab Minute 65 mit \u00d6mer G\u00fcng\u00f6r einen frischen Mann f\u00fcr die rechte Seite. Erneut den Ausgleich auf dem Kopf hatte Papadopoulos. Der Grieche setzte die Flanke von Deniz Yatci \u00fcber den Kasten.<\/span><\/p>\n<ul>\n<li><strong><span style=\"font-size: 16px;\">Sieg der Hausherren h\u00e4tte auch h\u00f6her ausfallen k\u00f6nnen<\/span><\/strong><\/li>\n<\/ul>\n<p><span style=\"font-size: 16px;\">Fortan agierte man aber hinten wieder offen und zeigte Schw\u00e4chen wie in den desolatesten Abwehrzeiten. Ali Osman wurde steil geschickt und konnte ungest\u00f6rt zum 3:1 treffen (69.). Cherano verk\u00fcrzte postwendend im zweiten Versuch (71.), doch wieder konnte Osman mit viel Platz durchlaufen und das 4:2 markieren (74.). Ebenso sein Sturmpartner Adam Zazoua beim Konter zum 5:2 (79.). Der Sieg der Hausherren h\u00e4tte sogar h\u00f6her ausfallen k\u00f6nnen, der eingewechselte Linus Sehn traf den Pfosten (90.). Alle Bem\u00fchungen der erneut in grau spielenden Heddernheimer m\u00fcndeten lediglich noch in die Resultatsverbesserung durch Cheranos siebten Saisontreffer zum 5:3 (90.). F\u00fcr RFC-Trainer Arazm Saghafi hatte sein Team &#8222;eine deutliche Leistungssteigerung gezeigt gegen den Ball. Ich fand aber auch unser Spiel mit Ball durch das Zentrum super. Heute haben wir die Tore mal gemacht durch Konter und verdient gewonnen.&#8220; <\/span><\/p>\n<p><span style=\"font-size: 16px;\">Auf der Gegenseite war Siegel mit der Einstellung der Akteure nicht einverstanden: &#8222;Wir waren von Anfang an sehr \u00fcberheblich, auch etwas arrogant, indem wir den Gegner ein St\u00fcck weit untersch\u00e4tzt haben. Wir waren nicht scharf genug darauf, das Spiel zu gewinnen. Es gibt zwei Arten von Niederlagen, so wie gegen Croatia klar besser sein, ein gutes Spiel machen und ungl\u00fccklich verlieren. Und dann gibt es die andere Variante wie heute: Ein Spiel machen, was nicht gut ist, sehr fahrig und Geschenke verteilen.&#8220; Am Dienstag dann schied der SV 07 mit der zweiten Garnitur mit 1:2 gegen Gruppenliga-Aufsteiger VfL Germania 94 aus dem Kreispokal aus (gesonderter Bericht folgt). In der Liga will der SVH am Sonntag gegen den FC Gudesding in die Erfolgsspur zur\u00fcckfinden, nachdem man in der Tabelle von eins auf vier fiel. R\u00f6delheim f\u00e4hrt Sonntag gen Norden zur SG Harheim.\u00a0<\/span><\/p>\n<ul>\n<li><span style=\"font-size: 16px;\"><strong>Schiedsrichter: Neil Kenneth Arthur Waterman (TSG W\u00f6rsdorf).\u00a0<\/strong><\/span><\/li>\n<li><span style=\"font-size: 16px;\"><strong>Zuschauer: 121.\u00a0<\/strong><\/span><\/li>\n<li><span style=\"font-size: 16px;\"><strong>Tore: 1:0 Ertap Turgut (21.), 2:0 Niklas Vogt (27.), 2:1 Marco Yatci (34.), 3:1 Ali Osman (69.), 3:2 Cherano Willef\u00fchr (71.), 4:2 Ali Osman (74.), 5:2 Adam Zazoua (79.), 5:3 Cherano Willef\u00fchr (90.).<\/strong><\/span><\/li>\n<li><span style=\"font-size: 16px;\"><strong>Bildergalerie: Mithat G\u00fcrser!\u00a0<\/strong> \u00a0 \u00a0<\/span><\/li>\n<\/ul>\n\n\n<figure class=\"wp-block-image size-full\"><img loading=\"lazy\" decoding=\"async\" width=\"886\" height=\"644\" src=\"https:\/\/insideamateurfussball-ffm.de\/wp-content\/uploads\/2025\/09\/roed-hedd10.jpg\" alt=\"\" class=\"wp-image-28007\" srcset=\"https:\/\/insideamateurfussball-ffm.de\/wp-content\/uploads\/2025\/09\/roed-hedd10.jpg 886w, https:\/\/insideamateurfussball-ffm.de\/wp-content\/uploads\/2025\/09\/roed-hedd10-300x218.jpg 300w, https:\/\/insideamateurfussball-ffm.de\/wp-content\/uploads\/2025\/09\/roed-hedd10-768x558.jpg 768w\" sizes=\"auto, (max-width: 886px) 100vw, 886px\" \/><\/figure>\n\n\n\n<figure class=\"wp-block-gallery has-nested-images columns-default is-cropped wp-block-gallery-1 is-layout-flex wp-block-gallery-is-layout-flex\">\n<figure class=\"wp-block-image size-large\"><img loading=\"lazy\" decoding=\"async\" width=\"886\" height=\"653\" data-id=\"28008\" src=\"https:\/\/insideamateurfussball-ffm.de\/wp-content\/uploads\/2025\/09\/roed-hedd3.jpg\" alt=\"\" class=\"wp-image-28008\" srcset=\"https:\/\/insideamateurfussball-ffm.de\/wp-content\/uploads\/2025\/09\/roed-hedd3.jpg 886w, https:\/\/insideamateurfussball-ffm.de\/wp-content\/uploads\/2025\/09\/roed-hedd3-300x221.jpg 300w, https:\/\/insideamateurfussball-ffm.de\/wp-content\/uploads\/2025\/09\/roed-hedd3-768x566.jpg 768w\" sizes=\"auto, (max-width: 886px) 100vw, 886px\" \/><\/figure>\n<\/figure>\n\n\n\n<figure class=\"wp-block-image size-full\"><img loading=\"lazy\" decoding=\"async\" width=\"886\" height=\"708\" src=\"https:\/\/insideamateurfussball-ffm.de\/wp-content\/uploads\/2025\/09\/roed-hedd8.jpg\" alt=\"\" class=\"wp-image-28009\" srcset=\"https:\/\/insideamateurfussball-ffm.de\/wp-content\/uploads\/2025\/09\/roed-hedd8.jpg 886w, https:\/\/insideamateurfussball-ffm.de\/wp-content\/uploads\/2025\/09\/roed-hedd8-300x240.jpg 300w, https:\/\/insideamateurfussball-ffm.de\/wp-content\/uploads\/2025\/09\/roed-hedd8-768x614.jpg 768w\" sizes=\"auto, (max-width: 886px) 100vw, 886px\" \/><\/figure>\n\n\n\n<figure class=\"wp-block-image size-full\"><img loading=\"lazy\" decoding=\"async\" width=\"886\" height=\"622\" src=\"https:\/\/insideamateurfussball-ffm.de\/wp-content\/uploads\/2025\/09\/roed-hedd1.jpg\" alt=\"\" class=\"wp-image-28010\" srcset=\"https:\/\/insideamateurfussball-ffm.de\/wp-content\/uploads\/2025\/09\/roed-hedd1.jpg 886w, https:\/\/insideamateurfussball-ffm.de\/wp-content\/uploads\/2025\/09\/roed-hedd1-300x211.jpg 300w, https:\/\/insideamateurfussball-ffm.de\/wp-content\/uploads\/2025\/09\/roed-hedd1-768x539.jpg 768w\" sizes=\"auto, (max-width: 886px) 100vw, 886px\" \/><\/figure>\n\n\n\n<figure class=\"wp-block-image size-full\"><img loading=\"lazy\" decoding=\"async\" width=\"886\" height=\"655\" src=\"https:\/\/insideamateurfussball-ffm.de\/wp-content\/uploads\/2025\/09\/roed-hedd6.jpg\" alt=\"\" class=\"wp-image-28011\" srcset=\"https:\/\/insideamateurfussball-ffm.de\/wp-content\/uploads\/2025\/09\/roed-hedd6.jpg 886w, https:\/\/insideamateurfussball-ffm.de\/wp-content\/uploads\/2025\/09\/roed-hedd6-300x222.jpg 300w, https:\/\/insideamateurfussball-ffm.de\/wp-content\/uploads\/2025\/09\/roed-hedd6-768x568.jpg 768w\" sizes=\"auto, (max-width: 886px) 100vw, 886px\" \/><\/figure>\n\n\n\n<figure class=\"wp-block-image size-full\"><img loading=\"lazy\" decoding=\"async\" width=\"886\" height=\"648\" src=\"https:\/\/insideamateurfussball-ffm.de\/wp-content\/uploads\/2025\/09\/roed-hedd11.jpg\" alt=\"\" class=\"wp-image-28012\" srcset=\"https:\/\/insideamateurfussball-ffm.de\/wp-content\/uploads\/2025\/09\/roed-hedd11.jpg 886w, https:\/\/insideamateurfussball-ffm.de\/wp-content\/uploads\/2025\/09\/roed-hedd11-300x219.jpg 300w, https:\/\/insideamateurfussball-ffm.de\/wp-content\/uploads\/2025\/09\/roed-hedd11-768x562.jpg 768w\" sizes=\"auto, (max-width: 886px) 100vw, 886px\" \/><\/figure>\n\n\n\n<figure class=\"wp-block-image size-full\"><img loading=\"lazy\" decoding=\"async\" width=\"886\" height=\"604\" src=\"https:\/\/insideamateurfussball-ffm.de\/wp-content\/uploads\/2025\/09\/roed-hedd4.jpg\" alt=\"\" class=\"wp-image-28013\" srcset=\"https:\/\/insideamateurfussball-ffm.de\/wp-content\/uploads\/2025\/09\/roed-hedd4.jpg 886w, https:\/\/insideamateurfussball-ffm.de\/wp-content\/uploads\/2025\/09\/roed-hedd4-300x205.jpg 300w, https:\/\/insideamateurfussball-ffm.de\/wp-content\/uploads\/2025\/09\/roed-hedd4-768x524.jpg 768w\" sizes=\"auto, (max-width: 886px) 100vw, 886px\" \/><\/figure>\n\n\n\n<figure class=\"wp-block-image size-full\"><img loading=\"lazy\" decoding=\"async\" width=\"886\" height=\"645\" src=\"https:\/\/insideamateurfussball-ffm.de\/wp-content\/uploads\/2025\/09\/roed-hedd9.jpg\" alt=\"\" class=\"wp-image-28014\" srcset=\"https:\/\/insideamateurfussball-ffm.de\/wp-content\/uploads\/2025\/09\/roed-hedd9.jpg 886w, https:\/\/insideamateurfussball-ffm.de\/wp-content\/uploads\/2025\/09\/roed-hedd9-300x218.jpg 300w, https:\/\/insideamateurfussball-ffm.de\/wp-content\/uploads\/2025\/09\/roed-hedd9-768x559.jpg 768w\" sizes=\"auto, (max-width: 886px) 100vw, 886px\" \/><\/figure>\n\n\n\n<figure class=\"wp-block-image size-full\"><img loading=\"lazy\" decoding=\"async\" width=\"886\" height=\"583\" src=\"https:\/\/insideamateurfussball-ffm.de\/wp-content\/uploads\/2025\/09\/roed-hedd2.jpg\" alt=\"\" class=\"wp-image-28015\" srcset=\"https:\/\/insideamateurfussball-ffm.de\/wp-content\/uploads\/2025\/09\/roed-hedd2.jpg 886w, https:\/\/insideamateurfussball-ffm.de\/wp-content\/uploads\/2025\/09\/roed-hedd2-300x197.jpg 300w, https:\/\/insideamateurfussball-ffm.de\/wp-content\/uploads\/2025\/09\/roed-hedd2-768x505.jpg 768w\" sizes=\"auto, (max-width: 886px) 100vw, 886px\" \/><\/figure>\n\n\n\n<figure class=\"wp-block-image size-large\"><img loading=\"lazy\" decoding=\"async\" width=\"1024\" height=\"678\" src=\"https:\/\/insideamateurfussball-ffm.de\/wp-content\/uploads\/2025\/09\/roed-hedd7-1024x678.jpg\" alt=\"\" class=\"wp-image-28016\" srcset=\"https:\/\/insideamateurfussball-ffm.de\/wp-content\/uploads\/2025\/09\/roed-hedd7-1024x678.jpg 1024w, https:\/\/insideamateurfussball-ffm.de\/wp-content\/uploads\/2025\/09\/roed-hedd7-300x199.jpg 300w, https:\/\/insideamateurfussball-ffm.de\/wp-content\/uploads\/2025\/09\/roed-hedd7-768x508.jpg 768w, https:\/\/insideamateurfussball-ffm.de\/wp-content\/uploads\/2025\/09\/roed-hedd7.jpg 1086w\" sizes=\"auto, (max-width: 1024px) 100vw, 1024px\" \/><\/figure>\n\n\n\n<figure class=\"wp-block-image size-full\"><img loading=\"lazy\" decoding=\"async\" width=\"886\" height=\"627\" src=\"https:\/\/insideamateurfussball-ffm.de\/wp-content\/uploads\/2025\/09\/roed-hedd12.jpg\" alt=\"\" class=\"wp-image-28017\" srcset=\"https:\/\/insideamateurfussball-ffm.de\/wp-content\/uploads\/2025\/09\/roed-hedd12.jpg 886w, https:\/\/insideamateurfussball-ffm.de\/wp-content\/uploads\/2025\/09\/roed-hedd12-300x212.jpg 300w, https:\/\/insideamateurfussball-ffm.de\/wp-content\/uploads\/2025\/09\/roed-hedd12-768x543.jpg 768w\" sizes=\"auto, (max-width: 886px) 100vw, 886px\" \/><\/figure>\n","protected":false},"excerpt":{"rendered":"<p>Der 1. R\u00f6delheimer FC 02 lieferte ein ganz starkes Heimspiel ab, landete mit dem 5:3 (2:1) gegen den SV 07 Heddernheim den zweiten Saisonsieg und st\u00fcrzte die als Tabellenf\u00fchrer angereisten G\u00e4ste von der Tabellenspitze. Es war allgemein kein guter Nachmittag f\u00fcr die Kicker von der Br\u00fchlwiese. Schon im Vorspiel ging die Heddernheimer &#8222;Zweite&#8220; in der [&hellip;]<\/p>\n","protected":false},"author":1,"featured_media":28006,"comment_status":"closed","ping_status":"closed","sticky":true,"template":"","format":"standard","meta":{"footnotes":""},"categories":[2],"tags":[],"class_list":["post-28005","post","type-post","status-publish","format-standard","has-post-thumbnail","hentry","category-kreisoberliga-frankfurt"],"_links":{"self":[{"href":"https:\/\/insideamateurfussball-ffm.de\/index.php?rest_route=\/wp\/v2\/posts\/28005","targetHints":{"allow":["GET"]}}],"collection":[{"href":"https:\/\/insideamateurfussball-ffm.de\/index.php?rest_route=\/wp\/v2\/posts"}],"about":[{"href":"https:\/\/insideamateurfussball-ffm.de\/index.php?rest_route=\/wp\/v2\/types\/post"}],"author":[{"embeddable":true,"href":"https:\/\/insideamateurfussball-ffm.de\/index.php?rest_route=\/wp\/v2\/users\/1"}],"replies":[{"embeddable":true,"href":"https:\/\/insideamateurfussball-ffm.de\/index.php?rest_route=%2Fwp%2Fv2%2Fcomments&post=28005"}],"version-history":[{"count":1,"href":"https:\/\/insideamateurfussball-ffm.de\/index.php?rest_route=\/wp\/v2\/posts\/28005\/revisions"}],"predecessor-version":[{"id":28018,"href":"https:\/\/insideamateurfussball-ffm.de\/index.php?rest_route=\/wp\/v2\/posts\/28005\/revisions\/28018"}],"wp:featuredmedia":[{"embeddable":true,"href":"https:\/\/insideamateurfussball-ffm.de\/index.php?rest_route=\/wp\/v2\/media\/28006"}],"wp:attachment":[{"href":"https:\/\/insideamateurfussball-ffm.de\/index.php?rest_route=%2Fwp%2Fv2%2Fmedia&parent=28005"}],"wp:term":[{"taxonomy":"category","embeddable":true,"href":"https:\/\/insideamateurfussball-ffm.de\/index.php?rest_route=%2Fwp%2Fv2%2Fcategories&post=28005"},{"taxonomy":"post_tag","embeddable":true,"href":"https:\/\/insideamateurfussball-ffm.de\/index.php?rest_route=%2Fwp%2Fv2%2Ftags&post=28005"}],"curies":[{"name":"wp","href":"https:\/\/api.w.org\/{rel}","templated":true}]}}