{"id":27966,"date":"2025-09-15T21:33:17","date_gmt":"2025-09-15T20:33:17","guid":{"rendered":"https:\/\/insideamateurfussball-ffm.de\/?p=27966"},"modified":"2025-09-15T21:33:17","modified_gmt":"2025-09-15T20:33:17","slug":"seckbach-22-vor-wichtigen-hessen-pokalspiel","status":"publish","type":"post","link":"https:\/\/insideamateurfussball-ffm.de\/?p=27966","title":{"rendered":"Seckbach 2:2 vor wichtigen Hessen-Pokalspiel"},"content":{"rendered":"<h3>Die FG Seckbach kam in der Gruppenliga Frankfurt West gegen den FC Karben nicht \u00fcber ein 2:2 hinaus. Im Hinterkopf war schon das wichtige Spiel der 2. Runde im Hessen-Pokal gegen Verbandsliga-Tabellenf\u00fchrer Germania Ober-Roden. Im Falle des Weiterkommens w\u00fcrde Hessenligist FC Gie\u00dfen im Achtelfinale an die Hochst\u00e4dter Stra\u00dfe kommen.<\/h3>\n<figure id=\"attachment_27467\" aria-describedby=\"caption-attachment-27467\" style=\"width: 892px\" class=\"wp-caption alignnone\"><img loading=\"lazy\" decoding=\"async\" class=\"wp-image-27467 size-full\" src=\"http:\/\/insideamateurfussball-ffm.de\/wp-content\/uploads\/2025\/08\/tguecue-karb-6.jpg\" alt=\"\" width=\"892\" height=\"591\" srcset=\"https:\/\/insideamateurfussball-ffm.de\/wp-content\/uploads\/2025\/08\/tguecue-karb-6.jpg 892w, https:\/\/insideamateurfussball-ffm.de\/wp-content\/uploads\/2025\/08\/tguecue-karb-6-300x199.jpg 300w, https:\/\/insideamateurfussball-ffm.de\/wp-content\/uploads\/2025\/08\/tguecue-karb-6-768x509.jpg 768w\" sizes=\"auto, (max-width: 892px) 100vw, 892px\" \/><figcaption id=\"caption-attachment-27467\" class=\"wp-caption-text\">Karben nahm einen Punkt aus Seckbach mit. Foto: Archiv Mithat G\u00fcrser.\u00a0<\/figcaption><\/figure>\n<h3>FG Seckbach &#8211; FC Karben 2:2 (1:1)<\/h3>\n<p><img loading=\"lazy\" decoding=\"async\" class=\"alignnone size-full wp-image-544\" src=\"http:\/\/insideamateurfussball-ffm.de\/wp-content\/uploads\/2022\/06\/Seckbach.jpg\" alt=\"\" width=\"80\" height=\"80\" \/><img loading=\"lazy\" decoding=\"async\" class=\"alignnone size-full wp-image-2525\" src=\"http:\/\/insideamateurfussball-ffm.de\/wp-content\/uploads\/2022\/09\/karben.jpg\" alt=\"\" width=\"65\" height=\"80\" \/><\/p>\n<p>Die FG Seckbach erwartete den FC Karben, der am Donnerstag beim FV Stierstadt ebenfalls 2:2 spielte. Der Tabellensechste empfing den punktgleichen F\u00fcnften zum Duell auf Augenh\u00f6he. Im Hinterkopf hatten die Seckbacher aber auch schon das Hessen-Pokalspiel der 2. Runde am kommenden Donnerstag gegen Verbandsliga-Tabellenf\u00fchrer Germania Ober-Roden (20 Uhr).<\/p>\n<p>Die weitere Auslosung am Samstag ergab dann f\u00fcr das Achtelfinale den nach dem Regionalliga-Abstieg nun in der Hessenliga spielenden FC Gie\u00dfen.<\/p>\n<h3><span style=\"text-decoration: underline;\">Torj\u00e4ger Florian Schuberth mit Doppelpack<\/span><\/h3>\n<p>Vejlko Vlajic brachte die Wetterauer am Sonntag im Ligaspiel in F\u00fchrung (7.). Seckbachs Torj\u00e4ger Florian Schuberth markierte den Ausgleich (13.). Nach der Pause traf erneut Schuberth zum 2:1 (63.). Der Seckbacher Sven Schreiber erhielt die Gelb-Rote Karte (71.).<\/p>\n<p>Die \u00dcberzahl wusste Karben zu nutzen, denn Dorian Music staubte zum 2:2 ab (76.). Seckbachs Spielausschuss-Chef Jo Nareike war &#8222;zufrieden mit dem 2:2. Man muss anerkennen, dass es nach dem Platzverweis brenzlig wurde. Unser Torwart Christoph Lange hat gut gehalten.&#8220;<\/p>\n<h3><span style=\"text-decoration: underline;\">Schiedsrichter: Thomas Vogel (TSV Gro\u00dfen-Linden). Zuschauer: 110. <\/span><\/h3>\n<h3><span style=\"text-decoration: underline;\">Tore: 0:1 Veljko Vlajic (7.), 1:1, 2:1 Florian Schuberth (13.\/63.), 2:2 Dorian Music (76.).<\/span><\/h3>\n<h3><span style=\"text-decoration: underline;\"> Gelb-Rote Karte: Sven Schreiber (Seckbach\/71.).<\/span><\/h3>\n","protected":false},"excerpt":{"rendered":"<p>Die FG Seckbach kam in der Gruppenliga Frankfurt West gegen den FC Karben nicht \u00fcber ein 2:2 hinaus. Im Hinterkopf war schon das wichtige Spiel der 2. Runde im Hessen-Pokal gegen Verbandsliga-Tabellenf\u00fchrer Germania Ober-Roden. Im Falle des Weiterkommens w\u00fcrde Hessenligist FC Gie\u00dfen im Achtelfinale an die Hochst\u00e4dter Stra\u00dfe kommen. FG Seckbach &#8211; FC Karben 2:2 [&hellip;]<\/p>\n","protected":false},"author":1,"featured_media":27467,"comment_status":"closed","ping_status":"closed","sticky":true,"template":"","format":"standard","meta":{"footnotes":""},"categories":[13],"tags":[],"class_list":["post-27966","post","type-post","status-publish","format-standard","has-post-thumbnail","hentry","category-gruppenliga-frankfurt-west"],"_links":{"self":[{"href":"https:\/\/insideamateurfussball-ffm.de\/index.php?rest_route=\/wp\/v2\/posts\/27966","targetHints":{"allow":["GET"]}}],"collection":[{"href":"https:\/\/insideamateurfussball-ffm.de\/index.php?rest_route=\/wp\/v2\/posts"}],"about":[{"href":"https:\/\/insideamateurfussball-ffm.de\/index.php?rest_route=\/wp\/v2\/types\/post"}],"author":[{"embeddable":true,"href":"https:\/\/insideamateurfussball-ffm.de\/index.php?rest_route=\/wp\/v2\/users\/1"}],"replies":[{"embeddable":true,"href":"https:\/\/insideamateurfussball-ffm.de\/index.php?rest_route=%2Fwp%2Fv2%2Fcomments&post=27966"}],"version-history":[{"count":1,"href":"https:\/\/insideamateurfussball-ffm.de\/index.php?rest_route=\/wp\/v2\/posts\/27966\/revisions"}],"predecessor-version":[{"id":27967,"href":"https:\/\/insideamateurfussball-ffm.de\/index.php?rest_route=\/wp\/v2\/posts\/27966\/revisions\/27967"}],"wp:featuredmedia":[{"embeddable":true,"href":"https:\/\/insideamateurfussball-ffm.de\/index.php?rest_route=\/wp\/v2\/media\/27467"}],"wp:attachment":[{"href":"https:\/\/insideamateurfussball-ffm.de\/index.php?rest_route=%2Fwp%2Fv2%2Fmedia&parent=27966"}],"wp:term":[{"taxonomy":"category","embeddable":true,"href":"https:\/\/insideamateurfussball-ffm.de\/index.php?rest_route=%2Fwp%2Fv2%2Fcategories&post=27966"},{"taxonomy":"post_tag","embeddable":true,"href":"https:\/\/insideamateurfussball-ffm.de\/index.php?rest_route=%2Fwp%2Fv2%2Ftags&post=27966"}],"curies":[{"name":"wp","href":"https:\/\/api.w.org\/{rel}","templated":true}]}}