{"id":27944,"date":"2025-09-15T21:13:50","date_gmt":"2025-09-15T20:13:50","guid":{"rendered":"https:\/\/insideamateurfussball-ffm.de\/?p=27944"},"modified":"2025-09-15T21:15:12","modified_gmt":"2025-09-15T20:15:12","slug":"bosnier-bauen-vorsprung-nach-sieg-bei-tempo-aus","status":"publish","type":"post","link":"https:\/\/insideamateurfussball-ffm.de\/?p=27944","title":{"rendered":"Bosnier bauen Vorsprung nach Sieg bei Tempo aus"},"content":{"rendered":"<h3>Der SV Bosnien\/Herzegowina baute in der Gruppenliga Frankfurt West vor 500 Zuschauern die Tabellenf\u00fchrung durch den 4:1-Sieg im Spitzenspiel beim bisher ungeschlagenen Tabellenzweiten FC Tempo auf vier Punkte Vorsprung vor dem T\u00fcrkischen SV Bad Nauheim aus.<\/h3>\n<figure id=\"attachment_27945\" aria-describedby=\"caption-attachment-27945\" style=\"width: 886px\" class=\"wp-caption alignnone\"><img loading=\"lazy\" decoding=\"async\" class=\"wp-image-27945 size-full\" src=\"http:\/\/insideamateurfussball-ffm.de\/wp-content\/uploads\/2025\/09\/temp-bos12.jpg\" alt=\"\" width=\"886\" height=\"589\" srcset=\"https:\/\/insideamateurfussball-ffm.de\/wp-content\/uploads\/2025\/09\/temp-bos12.jpg 886w, https:\/\/insideamateurfussball-ffm.de\/wp-content\/uploads\/2025\/09\/temp-bos12-300x199.jpg 300w, https:\/\/insideamateurfussball-ffm.de\/wp-content\/uploads\/2025\/09\/temp-bos12-768x511.jpg 768w\" sizes=\"auto, (max-width: 886px) 100vw, 886px\" \/><figcaption id=\"caption-attachment-27945\" class=\"wp-caption-text\">Einlaufkinder begleiteten die Senioren auf das Spielfeld. Foto: Mithat G\u00fcrser.<\/figcaption><\/figure>\n<h3>FC Tempo &#8211; SV Bosnien\/Herzegowina 1:4 (0:2)<\/h3>\n<p><img loading=\"lazy\" decoding=\"async\" class=\"alignnone size-full wp-image-31\" src=\"http:\/\/insideamateurfussball-ffm.de\/wp-content\/uploads\/2021\/11\/Tempo.jpg\" alt=\"\" width=\"80\" height=\"80\" \/><img loading=\"lazy\" decoding=\"async\" class=\"alignnone size-full wp-image-139\" src=\"http:\/\/insideamateurfussball-ffm.de\/wp-content\/uploads\/2022\/05\/Bosnien.jpg\" alt=\"\" width=\"79\" height=\"80\" \/><\/p>\n<p>Es war das absolute Spitzenspiel zwischen dem FC Tempo und dem SV Bosnien\/Herzegowina in einem &#8222;Balkan-Derby&#8220; das Duell zwischen dem ungeschlagenen Zweiten und dem Spitzenreiter. Der FC Tempo freute sich im Topspiel an der Ginnheimer Woogwiese auf eine stattliche Kulisse. Die Balkan-Duelle gegen den SV Bosnien\/Herzegowina ziehen immer viele Zuschauer an und diesmal trafen die bisher besten Mannschaften der Liga aufeinander. Besondere Sicherheitsma\u00dfnahmen waren in diesem Duell nicht n\u00f6tig, seit dem Tempo-Aufstieg vor zwei Jahren in die Gruppenliga gab es bei den vier Aufeinandertreffen keine besonderen Vorkommnisse. &#8222;Bosnien ist Favorit, sie wollen Meister werden. Wir wollten uns mit unserem neuen Team verj\u00fcngen &#8211; das haben wir bisher erfolgreich geschafft&#8220;, erkl\u00e4rte Tempo-Sportchef Zoran Marcetic.<\/p>\n<p>Denn w\u00e4hrend die G\u00e4ste zwar schon 21 Punkte gesammelt hatten, verloren sie die Partie in Karben 1:2. Tempo, die Ginnheimer Serben, war mit 18 Z\u00e4hlern, davon drei 0:0-Remis in Folge ungeschlagen und wies mit vier Gegentreffern die mit Abstand beste Abwehr der Liga auf. Da sollte es selbst f\u00fcr den offensivstarken SV Bosnien\/Herzegowina schwer werden, trotz der schon 27 erzielten Treffer, den starken Tempo-Torh\u00fcter Filip Stojilkovic zu \u00fcberwinden. Trainer Amir Mustafic hat aber eine Mannschaft beisammen, die zurecht mit sieben Siegen aus acht Partien an der Tabellenspitze stand und als Topfavorit f\u00fcr den Aufstieg gilt.<\/p>\n<h3><span style=\"text-decoration: underline;\">Secouba Diatta fehlte im Balkan-Derby rotgesperrt<\/span><\/h3>\n<p>Einen gro\u00dfen Anteil daran hat St\u00fcrmer Almir Derdemez, der schon elfmal traf und vom VfR Kesselstadt an die Ackermannwiese zur\u00fcckkam. Fehlen sollte hingegen Secouba Diatta. Der kr\u00e4ftige St\u00fcrmer sah gegen Beienheim die Rote Karte. &#8222;Die F\u00fchrungskr\u00e4fte der Vereine kennen sich sehr gut, insofern erwarten wir keine Probleme&#8220;, sagte auch Bosniens Pressesprecher Admir Malohodzic im Vorfeld. Am Sonntag kamen dann tats\u00e4chlich um die 500 Zuschauer. Das &#8222;Balkan-Derby&#8220; ging mit einem Rahmenprogramm friedlich \u00fcber die B\u00fchne. Es gab ein Vorspiel der F-Jugend und diese liefen dann auch als Einlaufkinder ein. Die defensivstarken Gastgeber kassierten gegen den Spitzenreiter genauso viele Gegentore wie zuvor in acht Partien.<\/p>\n<p>St\u00fcrmer Almir Derdemez markierte drei Treffer (13.\/35.\/66.). Adis Hasecic erh\u00f6hte (76.). Erst in der Nachspielzeit konnte der Ex-Bosnier Dejan Misic per Foulelfmeter verk\u00fcrzen (90.\/+4). Tempo-Sportchef Zoran Marcetic sprach von einem &#8222;fairen Spiel. Der Sieg f\u00fcr Bosnien ist verdient. Wir gratulieren dem Gegner zur Tabellenf\u00fchrung. Wir konnten nicht dagegen halten.&#8220; Bosniens Pressesprecher Admir Malohodzic sah &#8222;das beste Spiel der Saison gegen einen sehr guten Gegner. Wir waren die \u00fcberlegene Mannschaft gegen eine sehr defensive Tempo-Elf. Unsere Laufst\u00e4rke und das Spielverm\u00f6gen waren entscheidend.&#8220; Tempo darf bereits am Freitag beim Tabellenzweiten T\u00fcrkischer SV Bad Nauheim ran (20.15 Uhr). Bosnien\/Herzegowina erwartet dann Sonntag die Spvgg. Oberrad (15 Uhr).\u00a0<\/p>\n<h3><span style=\"text-decoration: underline;\">Schiedsrichter: David Heizmann (FC Viktoria 09 Urberach). Zuschauer: 500. <\/span><\/h3>\n<h3><span style=\"text-decoration: underline;\">Tore: 0:1, 0:2, 0:3 Almir Derdemez (13.\/35.\/66.), 0:4 Adis Hasecic (76.), 1:4 Dejan Misic (90.\/+4, Foulelfmeter). <\/span><\/h3>\n<h3><span style=\"text-decoration: underline;\">Bildergalerie: Mithat G\u00fcrser! <\/span>\u00a0\u00a0<\/h3>\n\n\n<figure class=\"wp-block-gallery has-nested-images columns-default is-cropped wp-block-gallery-1 is-layout-flex wp-block-gallery-is-layout-flex\">\n<figure class=\"wp-block-image size-large\"><img loading=\"lazy\" decoding=\"async\" width=\"1024\" height=\"768\" data-id=\"27947\" src=\"https:\/\/insideamateurfussball-ffm.de\/wp-content\/uploads\/2025\/09\/Tem-Bos-F-1024x768.jpg\" alt=\"\" class=\"wp-image-27947\" srcset=\"https:\/\/insideamateurfussball-ffm.de\/wp-content\/uploads\/2025\/09\/Tem-Bos-F-1024x768.jpg 1024w, https:\/\/insideamateurfussball-ffm.de\/wp-content\/uploads\/2025\/09\/Tem-Bos-F-300x225.jpg 300w, https:\/\/insideamateurfussball-ffm.de\/wp-content\/uploads\/2025\/09\/Tem-Bos-F-768x576.jpg 768w, https:\/\/insideamateurfussball-ffm.de\/wp-content\/uploads\/2025\/09\/Tem-Bos-F-1536x1152.jpg 1536w, https:\/\/insideamateurfussball-ffm.de\/wp-content\/uploads\/2025\/09\/Tem-Bos-F.jpg 2048w\" sizes=\"auto, (max-width: 1024px) 100vw, 1024px\" \/><\/figure>\n<\/figure>\n\n\n\n<figure class=\"wp-block-gallery has-nested-images columns-default is-cropped wp-block-gallery-2 is-layout-flex wp-block-gallery-is-layout-flex\">\n<figure class=\"wp-block-image size-large\"><img loading=\"lazy\" decoding=\"async\" width=\"861\" height=\"614\" data-id=\"27948\" src=\"https:\/\/insideamateurfussball-ffm.de\/wp-content\/uploads\/2025\/09\/temp-bos15.jpg\" alt=\"\" class=\"wp-image-27948\" srcset=\"https:\/\/insideamateurfussball-ffm.de\/wp-content\/uploads\/2025\/09\/temp-bos15.jpg 861w, https:\/\/insideamateurfussball-ffm.de\/wp-content\/uploads\/2025\/09\/temp-bos15-300x214.jpg 300w, https:\/\/insideamateurfussball-ffm.de\/wp-content\/uploads\/2025\/09\/temp-bos15-768x548.jpg 768w\" sizes=\"auto, (max-width: 861px) 100vw, 861px\" \/><\/figure>\n<\/figure>\n\n\n\n<figure class=\"wp-block-gallery has-nested-images columns-default is-cropped wp-block-gallery-3 is-layout-flex wp-block-gallery-is-layout-flex\">\n<figure class=\"wp-block-image size-large\"><img loading=\"lazy\" decoding=\"async\" width=\"886\" height=\"589\" data-id=\"27949\" src=\"https:\/\/insideamateurfussball-ffm.de\/wp-content\/uploads\/2025\/09\/temp-bos18.jpg\" alt=\"\" class=\"wp-image-27949\" srcset=\"https:\/\/insideamateurfussball-ffm.de\/wp-content\/uploads\/2025\/09\/temp-bos18.jpg 886w, https:\/\/insideamateurfussball-ffm.de\/wp-content\/uploads\/2025\/09\/temp-bos18-300x199.jpg 300w, https:\/\/insideamateurfussball-ffm.de\/wp-content\/uploads\/2025\/09\/temp-bos18-768x511.jpg 768w\" sizes=\"auto, (max-width: 886px) 100vw, 886px\" \/><\/figure>\n<\/figure>\n\n\n\n<figure class=\"wp-block-gallery has-nested-images columns-default is-cropped wp-block-gallery-4 is-layout-flex wp-block-gallery-is-layout-flex\">\n<figure class=\"wp-block-image size-large\"><img loading=\"lazy\" decoding=\"async\" width=\"886\" height=\"628\" data-id=\"27950\" src=\"https:\/\/insideamateurfussball-ffm.de\/wp-content\/uploads\/2025\/09\/temp-bos21.jpg\" alt=\"\" class=\"wp-image-27950\" srcset=\"https:\/\/insideamateurfussball-ffm.de\/wp-content\/uploads\/2025\/09\/temp-bos21.jpg 886w, https:\/\/insideamateurfussball-ffm.de\/wp-content\/uploads\/2025\/09\/temp-bos21-300x213.jpg 300w, https:\/\/insideamateurfussball-ffm.de\/wp-content\/uploads\/2025\/09\/temp-bos21-768x544.jpg 768w\" sizes=\"auto, (max-width: 886px) 100vw, 886px\" \/><\/figure>\n<\/figure>\n\n\n\n<figure class=\"wp-block-gallery has-nested-images columns-default is-cropped wp-block-gallery-5 is-layout-flex wp-block-gallery-is-layout-flex\">\n<figure class=\"wp-block-image size-large\"><img loading=\"lazy\" decoding=\"async\" width=\"762\" height=\"591\" data-id=\"27951\" src=\"https:\/\/insideamateurfussball-ffm.de\/wp-content\/uploads\/2025\/09\/temp-bos24.jpg\" alt=\"\" class=\"wp-image-27951\" srcset=\"https:\/\/insideamateurfussball-ffm.de\/wp-content\/uploads\/2025\/09\/temp-bos24.jpg 762w, https:\/\/insideamateurfussball-ffm.de\/wp-content\/uploads\/2025\/09\/temp-bos24-300x233.jpg 300w\" sizes=\"auto, (max-width: 762px) 100vw, 762px\" \/><\/figure>\n<\/figure>\n\n\n\n<figure class=\"wp-block-gallery has-nested-images columns-default is-cropped wp-block-gallery-6 is-layout-flex wp-block-gallery-is-layout-flex\">\n<figure class=\"wp-block-image size-large\"><img loading=\"lazy\" decoding=\"async\" width=\"886\" height=\"591\" data-id=\"27952\" src=\"https:\/\/insideamateurfussball-ffm.de\/wp-content\/uploads\/2025\/09\/temp-bos10.jpg\" alt=\"\" class=\"wp-image-27952\" srcset=\"https:\/\/insideamateurfussball-ffm.de\/wp-content\/uploads\/2025\/09\/temp-bos10.jpg 886w, https:\/\/insideamateurfussball-ffm.de\/wp-content\/uploads\/2025\/09\/temp-bos10-300x200.jpg 300w, https:\/\/insideamateurfussball-ffm.de\/wp-content\/uploads\/2025\/09\/temp-bos10-768x512.jpg 768w\" sizes=\"auto, (max-width: 886px) 100vw, 886px\" \/><\/figure>\n<\/figure>\n\n\n\n<figure class=\"wp-block-gallery has-nested-images columns-default is-cropped wp-block-gallery-7 is-layout-flex wp-block-gallery-is-layout-flex\">\n<figure class=\"wp-block-image size-large\"><img loading=\"lazy\" decoding=\"async\" width=\"898\" height=\"630\" data-id=\"27953\" src=\"https:\/\/insideamateurfussball-ffm.de\/wp-content\/uploads\/2025\/09\/temp-bos13.jpg\" alt=\"\" class=\"wp-image-27953\" srcset=\"https:\/\/insideamateurfussball-ffm.de\/wp-content\/uploads\/2025\/09\/temp-bos13.jpg 898w, https:\/\/insideamateurfussball-ffm.de\/wp-content\/uploads\/2025\/09\/temp-bos13-300x210.jpg 300w, https:\/\/insideamateurfussball-ffm.de\/wp-content\/uploads\/2025\/09\/temp-bos13-768x539.jpg 768w\" sizes=\"auto, (max-width: 898px) 100vw, 898px\" \/><\/figure>\n<\/figure>\n\n\n\n<figure class=\"wp-block-gallery has-nested-images columns-default is-cropped wp-block-gallery-8 is-layout-flex wp-block-gallery-is-layout-flex\">\n<figure class=\"wp-block-image size-large\"><img loading=\"lazy\" decoding=\"async\" width=\"886\" height=\"590\" data-id=\"27954\" src=\"https:\/\/insideamateurfussball-ffm.de\/wp-content\/uploads\/2025\/09\/temp-bos16.jpg\" alt=\"\" class=\"wp-image-27954\" srcset=\"https:\/\/insideamateurfussball-ffm.de\/wp-content\/uploads\/2025\/09\/temp-bos16.jpg 886w, https:\/\/insideamateurfussball-ffm.de\/wp-content\/uploads\/2025\/09\/temp-bos16-300x200.jpg 300w, https:\/\/insideamateurfussball-ffm.de\/wp-content\/uploads\/2025\/09\/temp-bos16-768x511.jpg 768w\" sizes=\"auto, (max-width: 886px) 100vw, 886px\" \/><\/figure>\n<\/figure>\n\n\n\n<figure class=\"wp-block-gallery has-nested-images columns-default is-cropped wp-block-gallery-9 is-layout-flex wp-block-gallery-is-layout-flex\">\n<figure class=\"wp-block-image size-large\"><img loading=\"lazy\" decoding=\"async\" width=\"886\" height=\"616\" data-id=\"27955\" src=\"https:\/\/insideamateurfussball-ffm.de\/wp-content\/uploads\/2025\/09\/temp-bos19.jpg\" alt=\"\" class=\"wp-image-27955\" srcset=\"https:\/\/insideamateurfussball-ffm.de\/wp-content\/uploads\/2025\/09\/temp-bos19.jpg 886w, https:\/\/insideamateurfussball-ffm.de\/wp-content\/uploads\/2025\/09\/temp-bos19-300x209.jpg 300w, https:\/\/insideamateurfussball-ffm.de\/wp-content\/uploads\/2025\/09\/temp-bos19-768x534.jpg 768w\" sizes=\"auto, (max-width: 886px) 100vw, 886px\" \/><\/figure>\n<\/figure>\n\n\n\n<figure class=\"wp-block-gallery has-nested-images columns-default is-cropped wp-block-gallery-10 is-layout-flex wp-block-gallery-is-layout-flex\">\n<figure class=\"wp-block-image size-large\"><img loading=\"lazy\" decoding=\"async\" width=\"886\" height=\"590\" data-id=\"27956\" src=\"https:\/\/insideamateurfussball-ffm.de\/wp-content\/uploads\/2025\/09\/temp-bos22.jpg\" alt=\"\" class=\"wp-image-27956\" srcset=\"https:\/\/insideamateurfussball-ffm.de\/wp-content\/uploads\/2025\/09\/temp-bos22.jpg 886w, https:\/\/insideamateurfussball-ffm.de\/wp-content\/uploads\/2025\/09\/temp-bos22-300x200.jpg 300w, https:\/\/insideamateurfussball-ffm.de\/wp-content\/uploads\/2025\/09\/temp-bos22-768x511.jpg 768w\" sizes=\"auto, (max-width: 886px) 100vw, 886px\" \/><\/figure>\n<\/figure>\n\n\n\n<figure class=\"wp-block-gallery has-nested-images columns-default is-cropped wp-block-gallery-11 is-layout-flex wp-block-gallery-is-layout-flex\">\n<figure class=\"wp-block-image size-large\"><img loading=\"lazy\" decoding=\"async\" width=\"886\" height=\"589\" data-id=\"27957\" src=\"https:\/\/insideamateurfussball-ffm.de\/wp-content\/uploads\/2025\/09\/temp-bos25.jpg\" alt=\"\" class=\"wp-image-27957\" srcset=\"https:\/\/insideamateurfussball-ffm.de\/wp-content\/uploads\/2025\/09\/temp-bos25.jpg 886w, https:\/\/insideamateurfussball-ffm.de\/wp-content\/uploads\/2025\/09\/temp-bos25-300x199.jpg 300w, https:\/\/insideamateurfussball-ffm.de\/wp-content\/uploads\/2025\/09\/temp-bos25-768x511.jpg 768w\" sizes=\"auto, (max-width: 886px) 100vw, 886px\" \/><\/figure>\n<\/figure>\n\n\n\n<figure class=\"wp-block-gallery has-nested-images columns-default is-cropped wp-block-gallery-12 is-layout-flex wp-block-gallery-is-layout-flex\">\n<figure class=\"wp-block-image size-large\"><img loading=\"lazy\" decoding=\"async\" width=\"886\" height=\"589\" data-id=\"27958\" src=\"https:\/\/insideamateurfussball-ffm.de\/wp-content\/uploads\/2025\/09\/temp-bos11.jpg\" alt=\"\" class=\"wp-image-27958\" srcset=\"https:\/\/insideamateurfussball-ffm.de\/wp-content\/uploads\/2025\/09\/temp-bos11.jpg 886w, https:\/\/insideamateurfussball-ffm.de\/wp-content\/uploads\/2025\/09\/temp-bos11-300x199.jpg 300w, https:\/\/insideamateurfussball-ffm.de\/wp-content\/uploads\/2025\/09\/temp-bos11-768x511.jpg 768w\" sizes=\"auto, (max-width: 886px) 100vw, 886px\" \/><\/figure>\n<\/figure>\n\n\n\n<figure class=\"wp-block-gallery has-nested-images columns-default is-cropped wp-block-gallery-13 is-layout-flex wp-block-gallery-is-layout-flex\">\n<figure class=\"wp-block-image size-large\"><img loading=\"lazy\" decoding=\"async\" width=\"886\" height=\"611\" data-id=\"27959\" src=\"https:\/\/insideamateurfussball-ffm.de\/wp-content\/uploads\/2025\/09\/temp-bos14.jpg\" alt=\"\" class=\"wp-image-27959\" srcset=\"https:\/\/insideamateurfussball-ffm.de\/wp-content\/uploads\/2025\/09\/temp-bos14.jpg 886w, https:\/\/insideamateurfussball-ffm.de\/wp-content\/uploads\/2025\/09\/temp-bos14-300x207.jpg 300w, https:\/\/insideamateurfussball-ffm.de\/wp-content\/uploads\/2025\/09\/temp-bos14-768x530.jpg 768w\" sizes=\"auto, (max-width: 886px) 100vw, 886px\" \/><\/figure>\n<\/figure>\n\n\n\n<figure class=\"wp-block-gallery has-nested-images columns-default is-cropped wp-block-gallery-14 is-layout-flex wp-block-gallery-is-layout-flex\">\n<figure class=\"wp-block-image size-large\"><img loading=\"lazy\" decoding=\"async\" width=\"886\" height=\"587\" data-id=\"27960\" src=\"https:\/\/insideamateurfussball-ffm.de\/wp-content\/uploads\/2025\/09\/temp-bos17.jpg\" alt=\"\" class=\"wp-image-27960\" srcset=\"https:\/\/insideamateurfussball-ffm.de\/wp-content\/uploads\/2025\/09\/temp-bos17.jpg 886w, https:\/\/insideamateurfussball-ffm.de\/wp-content\/uploads\/2025\/09\/temp-bos17-300x199.jpg 300w, https:\/\/insideamateurfussball-ffm.de\/wp-content\/uploads\/2025\/09\/temp-bos17-768x509.jpg 768w\" sizes=\"auto, (max-width: 886px) 100vw, 886px\" \/><\/figure>\n<\/figure>\n\n\n\n<figure class=\"wp-block-gallery has-nested-images columns-default is-cropped wp-block-gallery-15 is-layout-flex wp-block-gallery-is-layout-flex\">\n<figure class=\"wp-block-image size-large\"><img loading=\"lazy\" decoding=\"async\" width=\"886\" height=\"691\" data-id=\"27961\" src=\"https:\/\/insideamateurfussball-ffm.de\/wp-content\/uploads\/2025\/09\/temp-bos20.jpg\" alt=\"\" class=\"wp-image-27961\" srcset=\"https:\/\/insideamateurfussball-ffm.de\/wp-content\/uploads\/2025\/09\/temp-bos20.jpg 886w, https:\/\/insideamateurfussball-ffm.de\/wp-content\/uploads\/2025\/09\/temp-bos20-300x234.jpg 300w, https:\/\/insideamateurfussball-ffm.de\/wp-content\/uploads\/2025\/09\/temp-bos20-768x599.jpg 768w\" sizes=\"auto, (max-width: 886px) 100vw, 886px\" \/><\/figure>\n<\/figure>\n\n\n\n<figure class=\"wp-block-gallery has-nested-images columns-default is-cropped wp-block-gallery-16 is-layout-flex wp-block-gallery-is-layout-flex\">\n<figure class=\"wp-block-image size-large\"><img loading=\"lazy\" decoding=\"async\" width=\"885\" height=\"643\" data-id=\"27962\" src=\"https:\/\/insideamateurfussball-ffm.de\/wp-content\/uploads\/2025\/09\/temp-bos23.jpg\" alt=\"\" class=\"wp-image-27962\" srcset=\"https:\/\/insideamateurfussball-ffm.de\/wp-content\/uploads\/2025\/09\/temp-bos23.jpg 885w, https:\/\/insideamateurfussball-ffm.de\/wp-content\/uploads\/2025\/09\/temp-bos23-300x218.jpg 300w, https:\/\/insideamateurfussball-ffm.de\/wp-content\/uploads\/2025\/09\/temp-bos23-768x558.jpg 768w\" sizes=\"auto, (max-width: 885px) 100vw, 885px\" \/><\/figure>\n<\/figure>\n\n\n\n<figure class=\"wp-block-gallery has-nested-images columns-default is-cropped wp-block-gallery-17 is-layout-flex wp-block-gallery-is-layout-flex\">\n<figure class=\"wp-block-image size-large\"><img loading=\"lazy\" decoding=\"async\" width=\"885\" height=\"691\" data-id=\"27963\" src=\"https:\/\/insideamateurfussball-ffm.de\/wp-content\/uploads\/2025\/09\/temp-bos26.jpg\" alt=\"\" class=\"wp-image-27963\" srcset=\"https:\/\/insideamateurfussball-ffm.de\/wp-content\/uploads\/2025\/09\/temp-bos26.jpg 885w, https:\/\/insideamateurfussball-ffm.de\/wp-content\/uploads\/2025\/09\/temp-bos26-300x234.jpg 300w, https:\/\/insideamateurfussball-ffm.de\/wp-content\/uploads\/2025\/09\/temp-bos26-768x600.jpg 768w\" sizes=\"auto, (max-width: 885px) 100vw, 885px\" \/><\/figure>\n<\/figure>\n","protected":false},"excerpt":{"rendered":"<p>Der SV Bosnien\/Herzegowina baute in der Gruppenliga Frankfurt West vor 500 Zuschauern die Tabellenf\u00fchrung durch den 4:1-Sieg im Spitzenspiel beim bisher ungeschlagenen Tabellenzweiten FC Tempo auf vier Punkte Vorsprung vor dem T\u00fcrkischen SV Bad Nauheim aus. FC Tempo &#8211; SV Bosnien\/Herzegowina 1:4 (0:2) Es war das absolute Spitzenspiel zwischen dem FC Tempo und dem SV [&hellip;]<\/p>\n","protected":false},"author":1,"featured_media":27945,"comment_status":"closed","ping_status":"closed","sticky":true,"template":"","format":"standard","meta":{"footnotes":""},"categories":[13],"tags":[],"class_list":["post-27944","post","type-post","status-publish","format-standard","has-post-thumbnail","hentry","category-gruppenliga-frankfurt-west"],"_links":{"self":[{"href":"https:\/\/insideamateurfussball-ffm.de\/index.php?rest_route=\/wp\/v2\/posts\/27944","targetHints":{"allow":["GET"]}}],"collection":[{"href":"https:\/\/insideamateurfussball-ffm.de\/index.php?rest_route=\/wp\/v2\/posts"}],"about":[{"href":"https:\/\/insideamateurfussball-ffm.de\/index.php?rest_route=\/wp\/v2\/types\/post"}],"author":[{"embeddable":true,"href":"https:\/\/insideamateurfussball-ffm.de\/index.php?rest_route=\/wp\/v2\/users\/1"}],"replies":[{"embeddable":true,"href":"https:\/\/insideamateurfussball-ffm.de\/index.php?rest_route=%2Fwp%2Fv2%2Fcomments&post=27944"}],"version-history":[{"count":3,"href":"https:\/\/insideamateurfussball-ffm.de\/index.php?rest_route=\/wp\/v2\/posts\/27944\/revisions"}],"predecessor-version":[{"id":27965,"href":"https:\/\/insideamateurfussball-ffm.de\/index.php?rest_route=\/wp\/v2\/posts\/27944\/revisions\/27965"}],"wp:featuredmedia":[{"embeddable":true,"href":"https:\/\/insideamateurfussball-ffm.de\/index.php?rest_route=\/wp\/v2\/media\/27945"}],"wp:attachment":[{"href":"https:\/\/insideamateurfussball-ffm.de\/index.php?rest_route=%2Fwp%2Fv2%2Fmedia&parent=27944"}],"wp:term":[{"taxonomy":"category","embeddable":true,"href":"https:\/\/insideamateurfussball-ffm.de\/index.php?rest_route=%2Fwp%2Fv2%2Fcategories&post=27944"},{"taxonomy":"post_tag","embeddable":true,"href":"https:\/\/insideamateurfussball-ffm.de\/index.php?rest_route=%2Fwp%2Fv2%2Ftags&post=27944"}],"curies":[{"name":"wp","href":"https:\/\/api.w.org\/{rel}","templated":true}]}}