{"id":27941,"date":"2025-09-15T20:40:50","date_gmt":"2025-09-15T19:40:50","guid":{"rendered":"https:\/\/insideamateurfussball-ffm.de\/?p=27941"},"modified":"2025-09-16T15:56:46","modified_gmt":"2025-09-16T14:56:46","slug":"casalino-bei-fechenheimer-51-ueberragend","status":"publish","type":"post","link":"https:\/\/insideamateurfussball-ffm.de\/?p=27941","title":{"rendered":"Casalino bei Fechenheimer 5:1 \u00fcberragend"},"content":{"rendered":"<h3>Die Spvgg. 03 Fechenheim konnte im Stadtduell ihre drei Spiele anhaltende Sieglosserie stoppen und gegen den TSKV T\u00fcrkg\u00fcc\u00fc Frankfurt letztlich deutlich mit 5:1 (2:1) gewinnen und nach Punkten mit dem Kontrahenten gleichziehen.<\/h3>\n<figure id=\"attachment_27942\" aria-describedby=\"caption-attachment-27942\" style=\"width: 886px\" class=\"wp-caption alignnone\"><img loading=\"lazy\" decoding=\"async\" class=\"wp-image-27942 size-full\" src=\"http:\/\/insideamateurfussball-ffm.de\/wp-content\/uploads\/2025\/09\/gsu-fech-7-1.jpg\" alt=\"\" width=\"886\" height=\"637\" srcset=\"https:\/\/insideamateurfussball-ffm.de\/wp-content\/uploads\/2025\/09\/gsu-fech-7-1.jpg 886w, https:\/\/insideamateurfussball-ffm.de\/wp-content\/uploads\/2025\/09\/gsu-fech-7-1-300x216.jpg 300w, https:\/\/insideamateurfussball-ffm.de\/wp-content\/uploads\/2025\/09\/gsu-fech-7-1-768x552.jpg 768w\" sizes=\"auto, (max-width: 886px) 100vw, 886px\" \/><figcaption id=\"caption-attachment-27942\" class=\"wp-caption-text\">Das Fechenheimer F\u00fchrungsduo Asghar Ali-Jaali (links) und Necip Incesu an der Seitenlinie. Foto: Archiv Mithat G\u00fcrser.<\/figcaption><\/figure>\n<h3>Spvgg. 03 Fechenheim &#8211; TSKV T\u00fcrkg\u00fcc\u00fc Frankfurt 5:1 (2:1)<\/h3>\n<p><img loading=\"lazy\" decoding=\"async\" class=\"alignnone size-full wp-image-603\" src=\"http:\/\/insideamateurfussball-ffm.de\/wp-content\/uploads\/2022\/06\/Fech03.jpg\" alt=\"\" width=\"52\" height=\"80\" \/><img loading=\"lazy\" decoding=\"async\" class=\"alignnone size-full wp-image-17\" src=\"http:\/\/insideamateurfussball-ffm.de\/wp-content\/uploads\/2021\/11\/Tuerkguecue.jpg\" alt=\"\" width=\"72\" height=\"80\" \/><\/p>\n<p>Die Spvgg. Fechenheim hinkte vor dem Heimspiel gegen T\u00fcrkg\u00fcc\u00fc Frankfurt ihren eigenen Anspr\u00fcchen hinterher. Da war zum einen der bisher entt\u00e4uschende elfte Rang, zum anderen hatte das Team von Trainer Necip Incesu schon 25 Gegentore kassiert. Im Sturm zeigte sich das Duo Yassin Chaouki (f\u00fcnf Tore) und Ihab Suleiman (vier) zwar treffsicher, beim 1:1 in Friedrichsdorf standen aber beide Spieler nicht in der Anfangsformation und nur Chaouki wurde Mitte der zweiten Halbzeit eingewechselt. Bei Suleiman war der Grund eine Verschleppung einer leichten Krankheit. Zumindest konnte Sportdirektor Asghar Ali-Jaali versichern, dass die Fechenheimer am Sonntag wieder mit einem gelernten Torh\u00fcter auflaufen w\u00fcrden, nachdem der 50-j\u00e4hrige Andre Siebertz, Vater von Simon Siebertz, zun\u00e4chst als Keeper in Friedrichsdorf einsprang.<\/p>\n<p>Nach dem 1:1 der Gastgeber verletzte sich dieser, sodass in Ali Wardak ein Feldspieler zwischen die Pfosten ging. Gegen T\u00fcrkg\u00fcc\u00fc stand dann Armin Buchholz im Tor, auf der Ersatzbank nahm Andre Siebertz Platz. Bei T\u00fcrkg\u00fcc\u00fc Frankfurt steht seit dieser Saison Dusan Zbiljic im Tor, in der letzten Spielzeit noch Stammkeeper bei Verbandsligist Rot-Weiss Frankfurt. Der 23-j\u00e4hrige hat sich seinen Stammplatz gesichert, stand in allen sieben Ligaspielen \u00fcber die volle Distanz auf dem Spielfeld. Auch im Gastspiel in Fechenheim baute Trainer Murtaza Taher auf den Tormann, den er aus seiner Zeit bei Rot-Weiss noch gut kennt: &#8222;Dusan ist trotz seines jungen Alters schon erfahren. Er dirigiert lautstark, ist pr\u00e4sent und eine tragende S\u00e4ule.&#8220;<\/p>\n<h3><span style=\"text-decoration: underline;\">Zugang Mohamed Youssef aus Fechenheim<\/span><\/h3>\n<p>In Fechenheim gelte es, &#8222;die Fehler zu minimieren.&#8220; Das gelang zuletzt beim 1:0 \u00fcber Aufsteiger FSG Burg-Gr\u00e4fenrode. T\u00fcrkg\u00fcc\u00fc hatte unterdessen in Mohamed Youssef einen Spieler vom kommenden Gegner verpflichtet, der seit \u00fcber sechs Monaten kein Pfichtspiel mehr bestritt und somit sofort spielberechtigt war. Nun gab Youssef ausgerechnet in Fechenheim sein Deb\u00fct. Treffen sollte aber der ebenfalls vor der Saison aus Fechenheim gekommene Bruder Mostafa Youssef. Er brachte die G\u00e4ste in F\u00fchrung (25.). Vor der Pause sorgte Felix Casalino mit zwei Toren f\u00fcr die Wende (44.\/45.+1). Nach dem Seitenwechsel erh\u00f6hte der kurz zuvor eingewechselte Ihab Suleiman (72.). Nach Diskussionen mit gegnerischen Spielern erhielt der bereits ausgewechselte Fechenheimer Yassin Chaouki die Gelb-Rote Karte (88.).<\/p>\n<p>Suleiman (90.+3) und Casalino (90.+5) schraubten das Resultat in der Nachspielzeit in die H\u00f6he. &#8222;Das war absolut verdient. Wir haben als Mannschaft agiert. Die Laufbereitschaft und der Kampf waren da&#8220;, freute sich Fechenheims Trainer Necip Incesu. T\u00fcrkg\u00fcc\u00fc-Coach Murtaza Taher sprach von einem &#8222;offenen Fight. Das Spiel haben wir in den letzten Minuten der ersten Halbzeit abgegeben.&#8220; Der letzte Saison noch als Trainer eingesprungene Murat Tiryaki gab sein Comeback als St\u00fcrmer. Weiter geht es im Programm f\u00fcr Fechenheim mit der Fahrt zum FC Kaichen am 21.9. (15 Uhr). Um 15.30 Uhr erwartet T\u00fcrkg\u00fcc\u00fc den Aufsteiger VfL Germania 94.<\/p>\n<h3><span style=\"text-decoration: underline;\">Schiedsrichter: Til Lange (SFV).\u00a0 Zuschauer: 120. <\/span><\/h3>\n<h3><span style=\"text-decoration: underline;\">Tore: 0:1 Mostafa Youssef (25.), 1:1, 2:1 Felix Casalino (44.\/45.+1), 3:1, 4:1 Ihab Suleiman (72.\/90.+3), 5:1 Felix Casalino (90.\/+5). <\/span><\/h3>\n<h3><span style=\"text-decoration: underline;\">Gelb-Rote Karte: Yassin Chaouki (Fechenheim\/88.).<\/span><\/h3>\n","protected":false},"excerpt":{"rendered":"<p>Die Spvgg. 03 Fechenheim konnte im Stadtduell ihre drei Spiele anhaltende Sieglosserie stoppen und gegen den TSKV T\u00fcrkg\u00fcc\u00fc Frankfurt letztlich deutlich mit 5:1 (2:1) gewinnen und nach Punkten mit dem Kontrahenten gleichziehen. Spvgg. 03 Fechenheim &#8211; TSKV T\u00fcrkg\u00fcc\u00fc Frankfurt 5:1 (2:1) Die Spvgg. Fechenheim hinkte vor dem Heimspiel gegen T\u00fcrkg\u00fcc\u00fc Frankfurt ihren eigenen Anspr\u00fcchen hinterher. [&hellip;]<\/p>\n","protected":false},"author":1,"featured_media":27942,"comment_status":"closed","ping_status":"closed","sticky":true,"template":"","format":"standard","meta":{"footnotes":""},"categories":[13],"tags":[],"class_list":["post-27941","post","type-post","status-publish","format-standard","has-post-thumbnail","hentry","category-gruppenliga-frankfurt-west"],"_links":{"self":[{"href":"https:\/\/insideamateurfussball-ffm.de\/index.php?rest_route=\/wp\/v2\/posts\/27941","targetHints":{"allow":["GET"]}}],"collection":[{"href":"https:\/\/insideamateurfussball-ffm.de\/index.php?rest_route=\/wp\/v2\/posts"}],"about":[{"href":"https:\/\/insideamateurfussball-ffm.de\/index.php?rest_route=\/wp\/v2\/types\/post"}],"author":[{"embeddable":true,"href":"https:\/\/insideamateurfussball-ffm.de\/index.php?rest_route=\/wp\/v2\/users\/1"}],"replies":[{"embeddable":true,"href":"https:\/\/insideamateurfussball-ffm.de\/index.php?rest_route=%2Fwp%2Fv2%2Fcomments&post=27941"}],"version-history":[{"count":2,"href":"https:\/\/insideamateurfussball-ffm.de\/index.php?rest_route=\/wp\/v2\/posts\/27941\/revisions"}],"predecessor-version":[{"id":27982,"href":"https:\/\/insideamateurfussball-ffm.de\/index.php?rest_route=\/wp\/v2\/posts\/27941\/revisions\/27982"}],"wp:featuredmedia":[{"embeddable":true,"href":"https:\/\/insideamateurfussball-ffm.de\/index.php?rest_route=\/wp\/v2\/media\/27942"}],"wp:attachment":[{"href":"https:\/\/insideamateurfussball-ffm.de\/index.php?rest_route=%2Fwp%2Fv2%2Fmedia&parent=27941"}],"wp:term":[{"taxonomy":"category","embeddable":true,"href":"https:\/\/insideamateurfussball-ffm.de\/index.php?rest_route=%2Fwp%2Fv2%2Fcategories&post=27941"},{"taxonomy":"post_tag","embeddable":true,"href":"https:\/\/insideamateurfussball-ffm.de\/index.php?rest_route=%2Fwp%2Fv2%2Ftags&post=27941"}],"curies":[{"name":"wp","href":"https:\/\/api.w.org\/{rel}","templated":true}]}}