{"id":27922,"date":"2025-09-15T20:18:09","date_gmt":"2025-09-15T19:18:09","guid":{"rendered":"https:\/\/insideamateurfussball-ffm.de\/?p=27922"},"modified":"2025-09-15T20:18:35","modified_gmt":"2025-09-15T19:18:35","slug":"bornheim-auswaertserfolg-bei-neuling-langen","status":"publish","type":"post","link":"https:\/\/insideamateurfussball-ffm.de\/?p=27922","title":{"rendered":"Bornheim: Ausw\u00e4rtserfolg bei Neuling Langen"},"content":{"rendered":"<h3>Die SG Bornheim\/Gr\u00fcn-Wei\u00df gewann in der Verbandsliga S\u00fcd beim Aufsteiger 1. FC Langen mit 3:1 und verbesserte sich auf Rang acht. Kapit\u00e4n Lukas Knell steuerte zwei Tore zum Ausw\u00e4rtserfolg bei.\u00a0<\/h3>\n<figure id=\"attachment_27923\" aria-describedby=\"caption-attachment-27923\" style=\"width: 640px\" class=\"wp-caption alignright\"><img loading=\"lazy\" decoding=\"async\" class=\"wp-image-27923 size-large\" src=\"http:\/\/insideamateurfussball-ffm.de\/wp-content\/uploads\/2025\/09\/FCLangen-SGB_250914-68-1024x683.jpg\" alt=\"\" width=\"640\" height=\"427\" srcset=\"https:\/\/insideamateurfussball-ffm.de\/wp-content\/uploads\/2025\/09\/FCLangen-SGB_250914-68-1024x683.jpg 1024w, https:\/\/insideamateurfussball-ffm.de\/wp-content\/uploads\/2025\/09\/FCLangen-SGB_250914-68-300x200.jpg 300w, https:\/\/insideamateurfussball-ffm.de\/wp-content\/uploads\/2025\/09\/FCLangen-SGB_250914-68-768x512.jpg 768w, https:\/\/insideamateurfussball-ffm.de\/wp-content\/uploads\/2025\/09\/FCLangen-SGB_250914-68-1536x1024.jpg 1536w, https:\/\/insideamateurfussball-ffm.de\/wp-content\/uploads\/2025\/09\/FCLangen-SGB_250914-68-2048x1365.jpg 2048w\" sizes=\"auto, (max-width: 640px) 100vw, 640px\" \/><figcaption id=\"caption-attachment-27923\" class=\"wp-caption-text\">Der Bornheimer Hicham Boujerad neben dem Langener Konstantin Ries. Foto: Andre Sturmeit.<\/figcaption><\/figure>\n<h3>1. FC Langen &#8211; SG Bornheim\/Gr\u00fcn-Wei\u00df 1:3 (0:2)<\/h3>\n<p><img loading=\"lazy\" decoding=\"async\" class=\"alignnone size-full wp-image-27924\" src=\"http:\/\/insideamateurfussball-ffm.de\/wp-content\/uploads\/2025\/09\/FC-Langen.jpg\" alt=\"\" width=\"80\" height=\"80\" \/><img loading=\"lazy\" decoding=\"async\" class=\"alignnone size-full wp-image-119\" src=\"http:\/\/insideamateurfussball-ffm.de\/wp-content\/uploads\/2022\/05\/Bornheim.jpg\" alt=\"\" width=\"80\" height=\"80\" \/><\/p>\n<p>Die SG Bornheim\/Gr\u00fcn-Wei\u00df war vor dem erstmaligen Auftritt in Langen spielfrei, stand mit zehn Punkten auf Rang neun und hatte zehn Tage Zeit, den schwachen Auftritt beim 2:2 in Kalbach zu analysieren.<\/p>\n<p>&#8222;Wir hatten einen Austausch am Dienstag. Bedingt durch die vielen Ausf\u00e4lle war das Ergebnis dann doch nicht so schlimm&#8220;, berichtet Trainer Taner Yalcin. \u00dcber Aufsteiger 1. FC Langen hatte der Coach nur wenige Infos, &#8222;denn es gibt kein Videomaterial \u00fcber den Gegner. Ich habe lediglich ein paar Infos von Trainerkollegen erhalten.&#8220;<\/p>\n<h3><span style=\"text-decoration: underline;\">&#8222;Der Fokus liegt auf uns und die Trainingsbeteiligung war besser&#8220; (Bornheims Trainer Taner Yalcin)<\/span><\/h3>\n<p>Tabellarisch lag das Team von Trainer Marco Betz nur einen Platz und Punkt dahinter. Die Bornheimer mussten sich mit einem gro\u00dfen Rasenplatz vertraut machen. &#8222;Der Fokus liegt auf uns und die Trainingsbeteiligung war besser&#8220;, verwies Yalcin auch auf die seit Saisonbeginn hohe personelle Fluktuation im Kader. &#8222;Unter diesen Umst\u00e4nden ist es super, was wir leisten. Und die Jungs die da sind, geben wirklich alles&#8220;, so Yalcin. Am Freitagabend gaben die neuen Spieler samt Yalcin als neuem Coach ihren Einstand &#8211; sozusagen als Einstimmung auf das Langen-Spiel.<\/p>\n<p>Auf dem ungewohnt gro\u00dfen Rasenplatz trumpfte am Sonntag Bornheims Kapit\u00e4n Lukas Knell mit zwei Toren auf (9.\/24.). Nach dem Seitenwechsel erh\u00f6hte Taha Azaitouni (50.). Erst in der Nachspielzeit konnte Langen durch Keano Castiglione verk\u00fcrzen (90.+4). Bornheims Trainer Taner Yalcin war zufrieden: &#8222;Die erste Halbzeit kann es h\u00f6her stehen f\u00fcr uns. Der Gegner war immer wieder gef\u00e4hrlich, vor allem in der zweiten Halbzeit. Das Tor zum 1:3 hat sich Langen verdient. Wenn das fr\u00fcher f\u00e4llt, wird es noch ein spannendes Spiel.&#8220; Weiter geht es f\u00fcr Bornheim mit dem Heimspiel am 21. September um 15.30 Uhr gegen den VfR Gro\u00df-Gerau.\u00a0<\/p>\n<h3><span style=\"text-decoration: underline;\">Schiedsrichter: Alexander Hauser (FC Waldbrunn). Zuschauer: 150. <\/span><\/h3>\n<h3><span style=\"text-decoration: underline;\">Tore: 0:1, 0:2 Lukas Knell (9.\/24.), 1:2 Taha Azaizouni (50.), 1:3 Keano Castglione (90.\/+4). <\/span><\/h3>\n<h3><span style=\"text-decoration: underline;\">Bildergalerie: Hier eine Auswahl der gro\u00dfen Bildergalerie unseres SGB-Fotografen!<\/span><\/h3>\n\n\n<figure class=\"wp-block-gallery has-nested-images columns-default is-cropped wp-block-gallery-1 is-layout-flex wp-block-gallery-is-layout-flex\">\n<figure class=\"wp-block-image size-large\"><img loading=\"lazy\" decoding=\"async\" width=\"1024\" height=\"683\" data-id=\"27925\" src=\"https:\/\/insideamateurfussball-ffm.de\/wp-content\/uploads\/2025\/09\/FCLangen-SGB_250914-15-1024x683.jpg\" alt=\"\" class=\"wp-image-27925\" srcset=\"https:\/\/insideamateurfussball-ffm.de\/wp-content\/uploads\/2025\/09\/FCLangen-SGB_250914-15-1024x683.jpg 1024w, https:\/\/insideamateurfussball-ffm.de\/wp-content\/uploads\/2025\/09\/FCLangen-SGB_250914-15-300x200.jpg 300w, https:\/\/insideamateurfussball-ffm.de\/wp-content\/uploads\/2025\/09\/FCLangen-SGB_250914-15-768x512.jpg 768w, https:\/\/insideamateurfussball-ffm.de\/wp-content\/uploads\/2025\/09\/FCLangen-SGB_250914-15-1536x1024.jpg 1536w, https:\/\/insideamateurfussball-ffm.de\/wp-content\/uploads\/2025\/09\/FCLangen-SGB_250914-15-2048x1365.jpg 2048w\" sizes=\"auto, (max-width: 1024px) 100vw, 1024px\" \/><\/figure>\n<\/figure>\n\n\n\n<figure class=\"wp-block-gallery has-nested-images columns-default is-cropped wp-block-gallery-2 is-layout-flex wp-block-gallery-is-layout-flex\">\n<figure class=\"wp-block-image size-large\"><img loading=\"lazy\" decoding=\"async\" width=\"1024\" height=\"683\" data-id=\"27926\" src=\"https:\/\/insideamateurfussball-ffm.de\/wp-content\/uploads\/2025\/09\/FCLangen-SGB_250914-84-1024x683.jpg\" alt=\"\" class=\"wp-image-27926\" srcset=\"https:\/\/insideamateurfussball-ffm.de\/wp-content\/uploads\/2025\/09\/FCLangen-SGB_250914-84-1024x683.jpg 1024w, https:\/\/insideamateurfussball-ffm.de\/wp-content\/uploads\/2025\/09\/FCLangen-SGB_250914-84-300x200.jpg 300w, https:\/\/insideamateurfussball-ffm.de\/wp-content\/uploads\/2025\/09\/FCLangen-SGB_250914-84-768x512.jpg 768w, https:\/\/insideamateurfussball-ffm.de\/wp-content\/uploads\/2025\/09\/FCLangen-SGB_250914-84-1536x1024.jpg 1536w, https:\/\/insideamateurfussball-ffm.de\/wp-content\/uploads\/2025\/09\/FCLangen-SGB_250914-84-2048x1365.jpg 2048w\" sizes=\"auto, (max-width: 1024px) 100vw, 1024px\" \/><\/figure>\n<\/figure>\n\n\n\n<figure class=\"wp-block-gallery has-nested-images columns-default is-cropped wp-block-gallery-3 is-layout-flex wp-block-gallery-is-layout-flex\">\n<figure class=\"wp-block-image size-large\"><img loading=\"lazy\" decoding=\"async\" width=\"1024\" height=\"683\" data-id=\"27927\" src=\"https:\/\/insideamateurfussball-ffm.de\/wp-content\/uploads\/2025\/09\/FCLangen-SGB_250914-125-1024x683.jpg\" alt=\"\" class=\"wp-image-27927\" srcset=\"https:\/\/insideamateurfussball-ffm.de\/wp-content\/uploads\/2025\/09\/FCLangen-SGB_250914-125-1024x683.jpg 1024w, https:\/\/insideamateurfussball-ffm.de\/wp-content\/uploads\/2025\/09\/FCLangen-SGB_250914-125-300x200.jpg 300w, https:\/\/insideamateurfussball-ffm.de\/wp-content\/uploads\/2025\/09\/FCLangen-SGB_250914-125-768x512.jpg 768w, https:\/\/insideamateurfussball-ffm.de\/wp-content\/uploads\/2025\/09\/FCLangen-SGB_250914-125-1536x1024.jpg 1536w, https:\/\/insideamateurfussball-ffm.de\/wp-content\/uploads\/2025\/09\/FCLangen-SGB_250914-125-2048x1365.jpg 2048w\" sizes=\"auto, (max-width: 1024px) 100vw, 1024px\" \/><\/figure>\n<\/figure>\n\n\n\n<figure class=\"wp-block-gallery has-nested-images columns-default is-cropped wp-block-gallery-4 is-layout-flex wp-block-gallery-is-layout-flex\">\n<figure class=\"wp-block-image size-large\"><img loading=\"lazy\" decoding=\"async\" width=\"1024\" height=\"682\" data-id=\"27928\" src=\"https:\/\/insideamateurfussball-ffm.de\/wp-content\/uploads\/2025\/09\/FCLangen-SGB_250914-172-1024x682.jpg\" alt=\"\" class=\"wp-image-27928\" srcset=\"https:\/\/insideamateurfussball-ffm.de\/wp-content\/uploads\/2025\/09\/FCLangen-SGB_250914-172-1024x682.jpg 1024w, https:\/\/insideamateurfussball-ffm.de\/wp-content\/uploads\/2025\/09\/FCLangen-SGB_250914-172-300x200.jpg 300w, https:\/\/insideamateurfussball-ffm.de\/wp-content\/uploads\/2025\/09\/FCLangen-SGB_250914-172-768x512.jpg 768w, https:\/\/insideamateurfussball-ffm.de\/wp-content\/uploads\/2025\/09\/FCLangen-SGB_250914-172-1536x1024.jpg 1536w, https:\/\/insideamateurfussball-ffm.de\/wp-content\/uploads\/2025\/09\/FCLangen-SGB_250914-172-2048x1365.jpg 2048w\" sizes=\"auto, (max-width: 1024px) 100vw, 1024px\" \/><\/figure>\n<\/figure>\n\n\n\n<figure class=\"wp-block-gallery has-nested-images columns-default is-cropped wp-block-gallery-5 is-layout-flex wp-block-gallery-is-layout-flex\">\n<figure class=\"wp-block-image size-large\"><img loading=\"lazy\" decoding=\"async\" width=\"1024\" height=\"683\" data-id=\"27929\" src=\"https:\/\/insideamateurfussball-ffm.de\/wp-content\/uploads\/2025\/09\/FCLangen-SGB_250914-277-1024x683.jpg\" alt=\"\" class=\"wp-image-27929\" srcset=\"https:\/\/insideamateurfussball-ffm.de\/wp-content\/uploads\/2025\/09\/FCLangen-SGB_250914-277-1024x683.jpg 1024w, https:\/\/insideamateurfussball-ffm.de\/wp-content\/uploads\/2025\/09\/FCLangen-SGB_250914-277-300x200.jpg 300w, https:\/\/insideamateurfussball-ffm.de\/wp-content\/uploads\/2025\/09\/FCLangen-SGB_250914-277-768x512.jpg 768w, https:\/\/insideamateurfussball-ffm.de\/wp-content\/uploads\/2025\/09\/FCLangen-SGB_250914-277-1536x1024.jpg 1536w, https:\/\/insideamateurfussball-ffm.de\/wp-content\/uploads\/2025\/09\/FCLangen-SGB_250914-277-2048x1365.jpg 2048w\" sizes=\"auto, (max-width: 1024px) 100vw, 1024px\" \/><\/figure>\n<\/figure>\n\n\n\n<figure class=\"wp-block-gallery has-nested-images columns-default is-cropped wp-block-gallery-6 is-layout-flex wp-block-gallery-is-layout-flex\">\n<figure class=\"wp-block-image size-large\"><img loading=\"lazy\" decoding=\"async\" width=\"1024\" height=\"683\" data-id=\"27930\" src=\"https:\/\/insideamateurfussball-ffm.de\/wp-content\/uploads\/2025\/09\/FCLangen-SGB_250914-339-1024x683.jpg\" alt=\"\" class=\"wp-image-27930\" srcset=\"https:\/\/insideamateurfussball-ffm.de\/wp-content\/uploads\/2025\/09\/FCLangen-SGB_250914-339-1024x683.jpg 1024w, https:\/\/insideamateurfussball-ffm.de\/wp-content\/uploads\/2025\/09\/FCLangen-SGB_250914-339-300x200.jpg 300w, https:\/\/insideamateurfussball-ffm.de\/wp-content\/uploads\/2025\/09\/FCLangen-SGB_250914-339-768x512.jpg 768w, https:\/\/insideamateurfussball-ffm.de\/wp-content\/uploads\/2025\/09\/FCLangen-SGB_250914-339-1536x1024.jpg 1536w, https:\/\/insideamateurfussball-ffm.de\/wp-content\/uploads\/2025\/09\/FCLangen-SGB_250914-339-2048x1365.jpg 2048w\" sizes=\"auto, (max-width: 1024px) 100vw, 1024px\" \/><\/figure>\n<\/figure>\n\n\n\n<figure class=\"wp-block-gallery has-nested-images columns-default is-cropped wp-block-gallery-7 is-layout-flex wp-block-gallery-is-layout-flex\">\n<figure class=\"wp-block-image size-large\"><img loading=\"lazy\" decoding=\"async\" width=\"1024\" height=\"683\" data-id=\"27931\" src=\"https:\/\/insideamateurfussball-ffm.de\/wp-content\/uploads\/2025\/09\/FCLangen-SGB_250914-411-1024x683.jpg\" alt=\"\" class=\"wp-image-27931\" srcset=\"https:\/\/insideamateurfussball-ffm.de\/wp-content\/uploads\/2025\/09\/FCLangen-SGB_250914-411-1024x683.jpg 1024w, https:\/\/insideamateurfussball-ffm.de\/wp-content\/uploads\/2025\/09\/FCLangen-SGB_250914-411-300x200.jpg 300w, https:\/\/insideamateurfussball-ffm.de\/wp-content\/uploads\/2025\/09\/FCLangen-SGB_250914-411-768x512.jpg 768w, https:\/\/insideamateurfussball-ffm.de\/wp-content\/uploads\/2025\/09\/FCLangen-SGB_250914-411-1536x1024.jpg 1536w, https:\/\/insideamateurfussball-ffm.de\/wp-content\/uploads\/2025\/09\/FCLangen-SGB_250914-411-2048x1365.jpg 2048w\" sizes=\"auto, (max-width: 1024px) 100vw, 1024px\" \/><\/figure>\n<\/figure>\n\n\n\n<figure class=\"wp-block-gallery has-nested-images columns-default is-cropped wp-block-gallery-8 is-layout-flex wp-block-gallery-is-layout-flex\">\n<figure class=\"wp-block-image size-large\"><img loading=\"lazy\" decoding=\"async\" width=\"1024\" height=\"683\" data-id=\"27932\" src=\"https:\/\/insideamateurfussball-ffm.de\/wp-content\/uploads\/2025\/09\/FCLangen-SGB_250914-473-1024x683.jpg\" alt=\"\" class=\"wp-image-27932\" srcset=\"https:\/\/insideamateurfussball-ffm.de\/wp-content\/uploads\/2025\/09\/FCLangen-SGB_250914-473-1024x683.jpg 1024w, https:\/\/insideamateurfussball-ffm.de\/wp-content\/uploads\/2025\/09\/FCLangen-SGB_250914-473-300x200.jpg 300w, https:\/\/insideamateurfussball-ffm.de\/wp-content\/uploads\/2025\/09\/FCLangen-SGB_250914-473-768x512.jpg 768w, https:\/\/insideamateurfussball-ffm.de\/wp-content\/uploads\/2025\/09\/FCLangen-SGB_250914-473-1536x1024.jpg 1536w, https:\/\/insideamateurfussball-ffm.de\/wp-content\/uploads\/2025\/09\/FCLangen-SGB_250914-473-2048x1365.jpg 2048w\" sizes=\"auto, (max-width: 1024px) 100vw, 1024px\" \/><\/figure>\n<\/figure>\n\n\n\n<figure class=\"wp-block-gallery has-nested-images columns-default is-cropped wp-block-gallery-9 is-layout-flex wp-block-gallery-is-layout-flex\">\n<figure class=\"wp-block-image size-large\"><img loading=\"lazy\" decoding=\"async\" width=\"1024\" height=\"683\" data-id=\"27933\" src=\"https:\/\/insideamateurfussball-ffm.de\/wp-content\/uploads\/2025\/09\/FCLangen-SGB_250914-500-1024x683.jpg\" alt=\"\" class=\"wp-image-27933\" srcset=\"https:\/\/insideamateurfussball-ffm.de\/wp-content\/uploads\/2025\/09\/FCLangen-SGB_250914-500-1024x683.jpg 1024w, https:\/\/insideamateurfussball-ffm.de\/wp-content\/uploads\/2025\/09\/FCLangen-SGB_250914-500-300x200.jpg 300w, https:\/\/insideamateurfussball-ffm.de\/wp-content\/uploads\/2025\/09\/FCLangen-SGB_250914-500-768x512.jpg 768w, https:\/\/insideamateurfussball-ffm.de\/wp-content\/uploads\/2025\/09\/FCLangen-SGB_250914-500-1536x1024.jpg 1536w, https:\/\/insideamateurfussball-ffm.de\/wp-content\/uploads\/2025\/09\/FCLangen-SGB_250914-500-2048x1365.jpg 2048w\" sizes=\"auto, (max-width: 1024px) 100vw, 1024px\" \/><\/figure>\n<\/figure>\n\n\n\n<figure class=\"wp-block-gallery has-nested-images columns-default is-cropped wp-block-gallery-10 is-layout-flex wp-block-gallery-is-layout-flex\">\n<figure class=\"wp-block-image size-large\"><img loading=\"lazy\" decoding=\"async\" width=\"1024\" height=\"683\" data-id=\"27934\" src=\"https:\/\/insideamateurfussball-ffm.de\/wp-content\/uploads\/2025\/09\/FCLangen-SGB_250914-556-1024x683.jpg\" alt=\"\" class=\"wp-image-27934\" srcset=\"https:\/\/insideamateurfussball-ffm.de\/wp-content\/uploads\/2025\/09\/FCLangen-SGB_250914-556-1024x683.jpg 1024w, https:\/\/insideamateurfussball-ffm.de\/wp-content\/uploads\/2025\/09\/FCLangen-SGB_250914-556-300x200.jpg 300w, https:\/\/insideamateurfussball-ffm.de\/wp-content\/uploads\/2025\/09\/FCLangen-SGB_250914-556-768x512.jpg 768w, https:\/\/insideamateurfussball-ffm.de\/wp-content\/uploads\/2025\/09\/FCLangen-SGB_250914-556-1536x1024.jpg 1536w, https:\/\/insideamateurfussball-ffm.de\/wp-content\/uploads\/2025\/09\/FCLangen-SGB_250914-556-2048x1365.jpg 2048w\" sizes=\"auto, (max-width: 1024px) 100vw, 1024px\" \/><\/figure>\n<\/figure>\n\n\n\n<figure class=\"wp-block-gallery has-nested-images columns-default is-cropped wp-block-gallery-11 is-layout-flex wp-block-gallery-is-layout-flex\">\n<figure class=\"wp-block-image size-large\"><img loading=\"lazy\" decoding=\"async\" width=\"1024\" height=\"683\" data-id=\"27935\" src=\"https:\/\/insideamateurfussball-ffm.de\/wp-content\/uploads\/2025\/09\/FCLangen-SGB_250914-622-1024x683.jpg\" alt=\"\" class=\"wp-image-27935\" srcset=\"https:\/\/insideamateurfussball-ffm.de\/wp-content\/uploads\/2025\/09\/FCLangen-SGB_250914-622-1024x683.jpg 1024w, https:\/\/insideamateurfussball-ffm.de\/wp-content\/uploads\/2025\/09\/FCLangen-SGB_250914-622-300x200.jpg 300w, https:\/\/insideamateurfussball-ffm.de\/wp-content\/uploads\/2025\/09\/FCLangen-SGB_250914-622-768x512.jpg 768w, https:\/\/insideamateurfussball-ffm.de\/wp-content\/uploads\/2025\/09\/FCLangen-SGB_250914-622-1536x1024.jpg 1536w, https:\/\/insideamateurfussball-ffm.de\/wp-content\/uploads\/2025\/09\/FCLangen-SGB_250914-622-2048x1365.jpg 2048w\" sizes=\"auto, (max-width: 1024px) 100vw, 1024px\" \/><\/figure>\n<\/figure>\n\n\n\n<figure class=\"wp-block-gallery has-nested-images columns-default is-cropped wp-block-gallery-12 is-layout-flex wp-block-gallery-is-layout-flex\">\n<figure class=\"wp-block-image size-large\"><img loading=\"lazy\" decoding=\"async\" width=\"1024\" height=\"683\" data-id=\"27936\" src=\"https:\/\/insideamateurfussball-ffm.de\/wp-content\/uploads\/2025\/09\/FCLangen-SGB_250914-674-1024x683.jpg\" alt=\"\" class=\"wp-image-27936\" srcset=\"https:\/\/insideamateurfussball-ffm.de\/wp-content\/uploads\/2025\/09\/FCLangen-SGB_250914-674-1024x683.jpg 1024w, https:\/\/insideamateurfussball-ffm.de\/wp-content\/uploads\/2025\/09\/FCLangen-SGB_250914-674-300x200.jpg 300w, https:\/\/insideamateurfussball-ffm.de\/wp-content\/uploads\/2025\/09\/FCLangen-SGB_250914-674-768x512.jpg 768w, https:\/\/insideamateurfussball-ffm.de\/wp-content\/uploads\/2025\/09\/FCLangen-SGB_250914-674-1536x1024.jpg 1536w, https:\/\/insideamateurfussball-ffm.de\/wp-content\/uploads\/2025\/09\/FCLangen-SGB_250914-674-2048x1365.jpg 2048w\" sizes=\"auto, (max-width: 1024px) 100vw, 1024px\" \/><\/figure>\n<\/figure>\n\n\n\n<figure class=\"wp-block-gallery has-nested-images columns-default is-cropped wp-block-gallery-13 is-layout-flex wp-block-gallery-is-layout-flex\">\n<figure class=\"wp-block-image size-large\"><img loading=\"lazy\" decoding=\"async\" width=\"1024\" height=\"683\" data-id=\"27937\" src=\"https:\/\/insideamateurfussball-ffm.de\/wp-content\/uploads\/2025\/09\/FCLangen-SGB_250914-833-1024x683.jpg\" alt=\"\" class=\"wp-image-27937\" srcset=\"https:\/\/insideamateurfussball-ffm.de\/wp-content\/uploads\/2025\/09\/FCLangen-SGB_250914-833-1024x683.jpg 1024w, https:\/\/insideamateurfussball-ffm.de\/wp-content\/uploads\/2025\/09\/FCLangen-SGB_250914-833-300x200.jpg 300w, https:\/\/insideamateurfussball-ffm.de\/wp-content\/uploads\/2025\/09\/FCLangen-SGB_250914-833-768x512.jpg 768w, https:\/\/insideamateurfussball-ffm.de\/wp-content\/uploads\/2025\/09\/FCLangen-SGB_250914-833-1536x1024.jpg 1536w, https:\/\/insideamateurfussball-ffm.de\/wp-content\/uploads\/2025\/09\/FCLangen-SGB_250914-833-2048x1365.jpg 2048w\" sizes=\"auto, (max-width: 1024px) 100vw, 1024px\" \/><\/figure>\n<\/figure>\n\n\n\n<figure class=\"wp-block-gallery has-nested-images columns-default is-cropped wp-block-gallery-14 is-layout-flex wp-block-gallery-is-layout-flex\">\n<figure class=\"wp-block-image size-large\"><img loading=\"lazy\" decoding=\"async\" width=\"1024\" height=\"683\" data-id=\"27938\" src=\"https:\/\/insideamateurfussball-ffm.de\/wp-content\/uploads\/2025\/09\/FCLangen-SGB_250914-893-1024x683.jpg\" alt=\"\" class=\"wp-image-27938\" srcset=\"https:\/\/insideamateurfussball-ffm.de\/wp-content\/uploads\/2025\/09\/FCLangen-SGB_250914-893-1024x683.jpg 1024w, https:\/\/insideamateurfussball-ffm.de\/wp-content\/uploads\/2025\/09\/FCLangen-SGB_250914-893-300x200.jpg 300w, https:\/\/insideamateurfussball-ffm.de\/wp-content\/uploads\/2025\/09\/FCLangen-SGB_250914-893-768x512.jpg 768w, https:\/\/insideamateurfussball-ffm.de\/wp-content\/uploads\/2025\/09\/FCLangen-SGB_250914-893-1536x1024.jpg 1536w, https:\/\/insideamateurfussball-ffm.de\/wp-content\/uploads\/2025\/09\/FCLangen-SGB_250914-893-2048x1365.jpg 2048w\" sizes=\"auto, (max-width: 1024px) 100vw, 1024px\" \/><\/figure>\n<\/figure>\n","protected":false},"excerpt":{"rendered":"<p>Die SG Bornheim\/Gr\u00fcn-Wei\u00df gewann in der Verbandsliga S\u00fcd beim Aufsteiger 1. FC Langen mit 3:1 und verbesserte sich auf Rang acht. Kapit\u00e4n Lukas Knell steuerte zwei Tore zum Ausw\u00e4rtserfolg bei.\u00a0 1. FC Langen &#8211; SG Bornheim\/Gr\u00fcn-Wei\u00df 1:3 (0:2) Die SG Bornheim\/Gr\u00fcn-Wei\u00df war vor dem erstmaligen Auftritt in Langen spielfrei, stand mit zehn Punkten auf Rang [&hellip;]<\/p>\n","protected":false},"author":1,"featured_media":27923,"comment_status":"closed","ping_status":"closed","sticky":true,"template":"","format":"standard","meta":{"footnotes":""},"categories":[10],"tags":[],"class_list":["post-27922","post","type-post","status-publish","format-standard","has-post-thumbnail","hentry","category-verbandsliga-sued"],"_links":{"self":[{"href":"https:\/\/insideamateurfussball-ffm.de\/index.php?rest_route=\/wp\/v2\/posts\/27922","targetHints":{"allow":["GET"]}}],"collection":[{"href":"https:\/\/insideamateurfussball-ffm.de\/index.php?rest_route=\/wp\/v2\/posts"}],"about":[{"href":"https:\/\/insideamateurfussball-ffm.de\/index.php?rest_route=\/wp\/v2\/types\/post"}],"author":[{"embeddable":true,"href":"https:\/\/insideamateurfussball-ffm.de\/index.php?rest_route=\/wp\/v2\/users\/1"}],"replies":[{"embeddable":true,"href":"https:\/\/insideamateurfussball-ffm.de\/index.php?rest_route=%2Fwp%2Fv2%2Fcomments&post=27922"}],"version-history":[{"count":2,"href":"https:\/\/insideamateurfussball-ffm.de\/index.php?rest_route=\/wp\/v2\/posts\/27922\/revisions"}],"predecessor-version":[{"id":27940,"href":"https:\/\/insideamateurfussball-ffm.de\/index.php?rest_route=\/wp\/v2\/posts\/27922\/revisions\/27940"}],"wp:featuredmedia":[{"embeddable":true,"href":"https:\/\/insideamateurfussball-ffm.de\/index.php?rest_route=\/wp\/v2\/media\/27923"}],"wp:attachment":[{"href":"https:\/\/insideamateurfussball-ffm.de\/index.php?rest_route=%2Fwp%2Fv2%2Fmedia&parent=27922"}],"wp:term":[{"taxonomy":"category","embeddable":true,"href":"https:\/\/insideamateurfussball-ffm.de\/index.php?rest_route=%2Fwp%2Fv2%2Fcategories&post=27922"},{"taxonomy":"post_tag","embeddable":true,"href":"https:\/\/insideamateurfussball-ffm.de\/index.php?rest_route=%2Fwp%2Fv2%2Ftags&post=27922"}],"curies":[{"name":"wp","href":"https:\/\/api.w.org\/{rel}","templated":true}]}}