{"id":27919,"date":"2025-09-15T19:41:27","date_gmt":"2025-09-15T18:41:27","guid":{"rendered":"https:\/\/insideamateurfussball-ffm.de\/?p=27919"},"modified":"2025-09-15T19:41:53","modified_gmt":"2025-09-15T18:41:53","slug":"dortelweil-nach-sieg-in-babenhausen-erleichtert","status":"publish","type":"post","link":"https:\/\/insideamateurfussball-ffm.de\/?p=27919","title":{"rendered":"Dortelweil nach Sieg in Babenhausen erleichtert"},"content":{"rendered":"<h3>Der SC Dortelweil konnte in der Verbandsliga S\u00fcd nach f\u00fcnf sieglosen Partien den zweiten Saisonerfolg erzielen. Beim Aufsteiger SG Langstadt\/Babenhausen gewannen die M\u00e4nner von Trainer G\u00fcltekin Cagritekin mit 2:1.<\/h3>\n<figure id=\"attachment_26810\" aria-describedby=\"caption-attachment-26810\" style=\"width: 640px\" class=\"wp-caption alignright\"><img loading=\"lazy\" decoding=\"async\" class=\"wp-image-26810 size-large\" src=\"http:\/\/insideamateurfussball-ffm.de\/wp-content\/uploads\/2025\/07\/mannschaftdortelweil-1024x683.jpg\" alt=\"\" width=\"640\" height=\"427\" srcset=\"https:\/\/insideamateurfussball-ffm.de\/wp-content\/uploads\/2025\/07\/mannschaftdortelweil-1024x683.jpg 1024w, https:\/\/insideamateurfussball-ffm.de\/wp-content\/uploads\/2025\/07\/mannschaftdortelweil-300x200.jpg 300w, https:\/\/insideamateurfussball-ffm.de\/wp-content\/uploads\/2025\/07\/mannschaftdortelweil-768x512.jpg 768w, https:\/\/insideamateurfussball-ffm.de\/wp-content\/uploads\/2025\/07\/mannschaftdortelweil.jpg 1536w\" sizes=\"auto, (max-width: 640px) 100vw, 640px\" \/><figcaption id=\"caption-attachment-26810\" class=\"wp-caption-text\">Der SC Dortelweil atmet auf. Foto: Archiv Andre Sturmeit.<\/figcaption><\/figure>\n<h3>SG Langstadt\/Babenhausen &#8211; SC Dortelweil 1:2 (0:1)<\/h3>\n<p><img loading=\"lazy\" decoding=\"async\" class=\"alignnone size-full wp-image-27199\" src=\"http:\/\/insideamateurfussball-ffm.de\/wp-content\/uploads\/2025\/08\/logobabenhausen.jpeg\" alt=\"\" width=\"74\" height=\"80\" \/><img loading=\"lazy\" decoding=\"async\" class=\"alignnone size-full wp-image-598\" src=\"http:\/\/insideamateurfussball-ffm.de\/wp-content\/uploads\/2022\/06\/Dortelweil.jpg\" alt=\"\" width=\"80\" height=\"80\" \/><\/p>\n<p>&#8222;Eine Kampfleistung von beiden Teams auf diesem tiefen Rasen&#8220;, hatte Dortelweils Co-Trainer Stefan Geppert den Protagonisten attestiert.<\/p>\n<p>Die Gastgeber, mit \u00fcberm\u00e4\u00dfigem Vorsprung aus der Gruppenliga Darmstadt aufgestiegen, bewegten sich in ihrem Punktekonto bis zuletzt im minus. Das lag an durch den Verband auferlegten sechs Minuspunkten. Zum einen aufgrund fehlendem Unterbau und dem Einsatz eines nicht spielberechtigten Spielers im Main-Pokal in Seligenstadt wurden je drei Z\u00e4hler abgezogen.<\/p>\n<h3><span style=\"text-decoration: underline;\">Feiler vollendet zur F\u00fchrung<\/span><\/h3>\n<p>Gegen Dortelweil gab der neue Trainer Max Martin, bekannt aus seinen Zeiten bei Rot-Wei\u00df Walldorf und dem SV Zeilsheim, sein Deb\u00fct an der Seitenlinie der Spielgemeinschaft aus dem Kreis Dieburg. Kurz vor der Halbzeit gingen die Wetterauer in F\u00fchrung. Marvin Strengers Steilpass fand am Ende Moritz Feiler, der zur F\u00fchrung f\u00fcr den Sportclub vollenden konnte (43.).<\/p>\n<p>Nach dem Seitenwechsel erh\u00f6hte Mohamed El Allaoui. Kontrolliert nahm er den Ball an und traf mit einem gezielten Abschluss (54.). In der Schlussphase wurde es noch einmal spannend, denn Adrian Postall verk\u00fcrzte aus abseitsverd\u00e4chtiger Position (84.). Es reichte aber f\u00fcr den Dreier und den Sprung auf Rang 14. Weiter geht es am Sonntag im Heimspiel gegen einen weiteren Aufsteiger, den FC Neu-Anspach (15.30 Uhr).<\/p>\n<h3><span style=\"text-decoration: underline;\">Schiedsrichter: Moritz Wendt (TSG Schlitz). Zuschauer: 130. <\/span><\/h3>\n<h3><span style=\"text-decoration: underline;\">Tore: 0:1 Moritz Feiler (43.), 0:2 Mohamed El Allaoui (54.), 1:2 Adrian Postall (84.).<\/span><\/h3>\n","protected":false},"excerpt":{"rendered":"<p>Der SC Dortelweil konnte in der Verbandsliga S\u00fcd nach f\u00fcnf sieglosen Partien den zweiten Saisonerfolg erzielen. Beim Aufsteiger SG Langstadt\/Babenhausen gewannen die M\u00e4nner von Trainer G\u00fcltekin Cagritekin mit 2:1. SG Langstadt\/Babenhausen &#8211; SC Dortelweil 1:2 (0:1) &#8222;Eine Kampfleistung von beiden Teams auf diesem tiefen Rasen&#8220;, hatte Dortelweils Co-Trainer Stefan Geppert den Protagonisten attestiert. Die Gastgeber, [&hellip;]<\/p>\n","protected":false},"author":1,"featured_media":26810,"comment_status":"closed","ping_status":"closed","sticky":true,"template":"","format":"standard","meta":{"footnotes":""},"categories":[10],"tags":[],"class_list":["post-27919","post","type-post","status-publish","format-standard","has-post-thumbnail","hentry","category-verbandsliga-sued"],"_links":{"self":[{"href":"https:\/\/insideamateurfussball-ffm.de\/index.php?rest_route=\/wp\/v2\/posts\/27919","targetHints":{"allow":["GET"]}}],"collection":[{"href":"https:\/\/insideamateurfussball-ffm.de\/index.php?rest_route=\/wp\/v2\/posts"}],"about":[{"href":"https:\/\/insideamateurfussball-ffm.de\/index.php?rest_route=\/wp\/v2\/types\/post"}],"author":[{"embeddable":true,"href":"https:\/\/insideamateurfussball-ffm.de\/index.php?rest_route=\/wp\/v2\/users\/1"}],"replies":[{"embeddable":true,"href":"https:\/\/insideamateurfussball-ffm.de\/index.php?rest_route=%2Fwp%2Fv2%2Fcomments&post=27919"}],"version-history":[{"count":2,"href":"https:\/\/insideamateurfussball-ffm.de\/index.php?rest_route=\/wp\/v2\/posts\/27919\/revisions"}],"predecessor-version":[{"id":27921,"href":"https:\/\/insideamateurfussball-ffm.de\/index.php?rest_route=\/wp\/v2\/posts\/27919\/revisions\/27921"}],"wp:featuredmedia":[{"embeddable":true,"href":"https:\/\/insideamateurfussball-ffm.de\/index.php?rest_route=\/wp\/v2\/media\/26810"}],"wp:attachment":[{"href":"https:\/\/insideamateurfussball-ffm.de\/index.php?rest_route=%2Fwp%2Fv2%2Fmedia&parent=27919"}],"wp:term":[{"taxonomy":"category","embeddable":true,"href":"https:\/\/insideamateurfussball-ffm.de\/index.php?rest_route=%2Fwp%2Fv2%2Fcategories&post=27919"},{"taxonomy":"post_tag","embeddable":true,"href":"https:\/\/insideamateurfussball-ffm.de\/index.php?rest_route=%2Fwp%2Fv2%2Ftags&post=27919"}],"curies":[{"name":"wp","href":"https:\/\/api.w.org\/{rel}","templated":true}]}}