{"id":27916,"date":"2025-09-15T19:08:33","date_gmt":"2025-09-15T18:08:33","guid":{"rendered":"https:\/\/insideamateurfussball-ffm.de\/?p=27916"},"modified":"2025-09-15T19:11:16","modified_gmt":"2025-09-15T18:11:16","slug":"kalbach-laeuft-03-vergeblich-hinterher-23","status":"publish","type":"post","link":"https:\/\/insideamateurfussball-ffm.de\/?p=27916","title":{"rendered":"Kalbach l\u00e4uft 0:3 vergeblich hinterher &#8211; 2:3"},"content":{"rendered":"<h3>Auf den drittletzten Rang der Verbandsliga S\u00fcd rutschte der FC Kalbach nach der 2:3-Niederlage beim Mitaufsteiger FC Neu-Anspach ab. Die personellen Probleme waren mal wieder im Vordergrund.<\/h3>\n<figure id=\"attachment_27396\" aria-describedby=\"caption-attachment-27396\" style=\"width: 640px\" class=\"wp-caption alignright\"><img loading=\"lazy\" decoding=\"async\" class=\"wp-image-27396 size-large\" src=\"http:\/\/insideamateurfussball-ffm.de\/wp-content\/uploads\/2025\/08\/SGB-FCNA_250824-101-1024x683.jpg\" alt=\"\" width=\"640\" height=\"427\" srcset=\"https:\/\/insideamateurfussball-ffm.de\/wp-content\/uploads\/2025\/08\/SGB-FCNA_250824-101-1024x683.jpg 1024w, https:\/\/insideamateurfussball-ffm.de\/wp-content\/uploads\/2025\/08\/SGB-FCNA_250824-101-300x200.jpg 300w, https:\/\/insideamateurfussball-ffm.de\/wp-content\/uploads\/2025\/08\/SGB-FCNA_250824-101-768x512.jpg 768w, https:\/\/insideamateurfussball-ffm.de\/wp-content\/uploads\/2025\/08\/SGB-FCNA_250824-101-1536x1024.jpg 1536w, https:\/\/insideamateurfussball-ffm.de\/wp-content\/uploads\/2025\/08\/SGB-FCNA_250824-101-2048x1365.jpg 2048w\" sizes=\"auto, (max-width: 640px) 100vw, 640px\" \/><figcaption id=\"caption-attachment-27396\" class=\"wp-caption-text\">Aufstieger FC Neu-Anspach. Foto: Archiv: Andre Sturmeit.<\/figcaption><\/figure>\n<h3>FC Neu-Anspach &#8211; FC Kalbach 3:2 (3:0)<\/h3>\n<p><img loading=\"lazy\" decoding=\"async\" class=\"alignnone size-full wp-image-16512\" src=\"http:\/\/insideamateurfussball-ffm.de\/wp-content\/uploads\/2024\/01\/logo-neu-anspach.jpeg\" alt=\"\" width=\"80\" height=\"79\" \/><img loading=\"lazy\" decoding=\"async\" class=\"alignnone size-full wp-image-16\" src=\"http:\/\/insideamateurfussball-ffm.de\/wp-content\/uploads\/2021\/11\/kalbach-wappen.jpg\" alt=\"\" width=\"80\" height=\"80\" \/><\/p>\n<p>Beide Mannschaften sind gemeinsam aus der Gruppenliga Frankfurt West aufgestiegen. Kalbach als Meister, Neu-Anspach via Relegation. Nun trafen sich beide Clubs eine Etage h\u00f6her mit ver\u00e4nderten Formationen.<\/p>\n<p>Beim FC Kalbach verf\u00fcgt Trainer Aaz-Dine Zarioh derzeit aufgrund von Verletzungen und urlaubsbedingten Abwesenheiten nur noch \u00fcber vier Spieler seiner Gruppenliga-Meistermannschaft.<wbr \/> &#8222;Dazu hatten wir unter der Woche sechs Krankmeldungen und konnten nicht richtig trainieren&#8220;, sagt der Coach. Dazu kommt nach sechs erfolgreichen Spielzeiten in Folge mit den Pl\u00e4tzen drei, zwei und eins in der Kreisoberliga-Zeit von 2019 bis 2022 und den Pl\u00e4tzen drei, zwei und eins in den drei Gruppenliga-Saisons &#8222;eine komplett neue Situation, denn nun stehen wir mit f\u00fcnf Punkten relativ weit unten in der Tabelle.&#8220; In Zariohs Aufgebot stehen nun sehr viele aus U19-Mannschaften der Umgebung geholte Talente, die bekommen vom Trainer einen gro\u00dfen Vertrauensvorschuss. Hier sticht Torj\u00e4ger Nassim Fallah heraus, der von Viktoria Griesheim kam und zuletzt f\u00fcr den angeschlagenen Goalgetter Achraf Gara Ali spielte.<\/p>\n<blockquote>\n<h3>&#8222;Das kann man auch mit 19-j\u00e4hrigen schaffen&#8220; (Kalbachs Trainer Aaz-Dine Zarioh)<\/h3>\n<\/blockquote>\n<p>&#8222;Sie bekommen die Zeit und werden im Seniorenfu\u00dfball ankommen&#8220;, glaubt Zarioh. In Neu-Anspach, bei der nach dem Aufstieg vom neuen Trainer Till Sommerfeld umformierten Mannschaft, wollten die Kalbacher &#8222;m\u00f6glichst gewinnen. Das kann man auch mit 19-j\u00e4hrigen schaffen&#8220;, so Zarioh. In Neu-Anspach war Fallah wie so viele andere aber gar nicht dabei, sodass doch Gara Ali von Beginn an auflief. Die G\u00e4ste konnten nur 14 Spieler aufbieten und nahmen auch die Option der neuen R\u00fcckwechselregelung in Anspruch. Dabei boten die Kalbacher laut dem Spielausschuss-Mitglied Manfred Meyer &#8222;eine ganz schwache erste Halbzeit.&#8220; Neu-Anspach ging fr\u00fch in F\u00fchrung, als dem Kalbacher Innenverteidiger Nikolaos Savoulidis ein Eigentor unterlief (3.). Die beste Chance der G\u00e4ste vergab Oliver Pauls mit einem Freisto\u00df an die Latte (8.).<\/p>\n<p>Dann konnten die G\u00e4ste Illiia Sereda nicht stoppen, der auf 2:0 erh\u00f6hte (14.). Nach einem Eckball war Julian Marc Paul zur Stelle und es hie\u00df 3:0 zur Pause (39.). &#8222;Wir hatten 75 Prozent Spielanteile und Ballbesitz&#8220;, \u00e4rgerte sich Meyer, dass dies erst in der Schlussphase durch Savoulidis (68.) und dem doch von Anfang an spielenden angeschlagenen Torj\u00e4ger Achraf Gara Ali (90.+3) belohnt wurde. Zu allem \u00dcberfluss erhielt noch der Kalbacher Shuto Ishino die Gelb-Rote Karte (90.+6) und fehlt damit im n\u00e4chsten Ligaspiel, welches erst am 5. Oktober gegen den 1. FC Langen stattfindet, gesperrt. Auf die Kalbacher kommt nun eine lange spielfreie Zeit zu, denn das n\u00e4chste Pflichtspiel findet erst in zweieinhalb Wochen, am 1. Oktober in der 2. Runde des Kreispokals beim Gruppenligisten TSKV T\u00fcrkg\u00fcc\u00fc Frankfurt statt. Das f\u00fcr n\u00e4chsten Sonntag geplante Heimspiel gegen Hessenliga-Absteiger SV Unter-Flockenbach wurde auf Antrag der G\u00e4ste auf den 9. Oktober verlegt.<\/p>\n<h3><span style=\"text-decoration: underline;\">Schiedsrichter: Felix Allendorf (TV Grebenau). Zuschauer: 120. <\/span><\/h3>\n<h3><span style=\"text-decoration: underline;\">Tore: 1:0 Nikolaos Savoulidis (3.\/Eigentor), 2:0 Illiia Sereda (14.), 3:0 Julian Marc Paul (39.), 3:1 Nikolaos Savoulidis (88.), 3:2 Achraf Gara Ali (90.\/+3). <\/span><\/h3>\n<h3><span style=\"text-decoration: underline;\">Gelb-Rote Karte: Shuto Ishina (Kalbach\/90.+6). <\/span><\/h3>\n","protected":false},"excerpt":{"rendered":"<p>Auf den drittletzten Rang der Verbandsliga S\u00fcd rutschte der FC Kalbach nach der 2:3-Niederlage beim Mitaufsteiger FC Neu-Anspach ab. Die personellen Probleme waren mal wieder im Vordergrund. FC Neu-Anspach &#8211; FC Kalbach 3:2 (3:0) Beide Mannschaften sind gemeinsam aus der Gruppenliga Frankfurt West aufgestiegen. Kalbach als Meister, Neu-Anspach via Relegation. Nun trafen sich beide Clubs [&hellip;]<\/p>\n","protected":false},"author":1,"featured_media":27396,"comment_status":"closed","ping_status":"closed","sticky":true,"template":"","format":"standard","meta":{"footnotes":""},"categories":[10],"tags":[],"class_list":["post-27916","post","type-post","status-publish","format-standard","has-post-thumbnail","hentry","category-verbandsliga-sued"],"_links":{"self":[{"href":"https:\/\/insideamateurfussball-ffm.de\/index.php?rest_route=\/wp\/v2\/posts\/27916","targetHints":{"allow":["GET"]}}],"collection":[{"href":"https:\/\/insideamateurfussball-ffm.de\/index.php?rest_route=\/wp\/v2\/posts"}],"about":[{"href":"https:\/\/insideamateurfussball-ffm.de\/index.php?rest_route=\/wp\/v2\/types\/post"}],"author":[{"embeddable":true,"href":"https:\/\/insideamateurfussball-ffm.de\/index.php?rest_route=\/wp\/v2\/users\/1"}],"replies":[{"embeddable":true,"href":"https:\/\/insideamateurfussball-ffm.de\/index.php?rest_route=%2Fwp%2Fv2%2Fcomments&post=27916"}],"version-history":[{"count":2,"href":"https:\/\/insideamateurfussball-ffm.de\/index.php?rest_route=\/wp\/v2\/posts\/27916\/revisions"}],"predecessor-version":[{"id":27918,"href":"https:\/\/insideamateurfussball-ffm.de\/index.php?rest_route=\/wp\/v2\/posts\/27916\/revisions\/27918"}],"wp:featuredmedia":[{"embeddable":true,"href":"https:\/\/insideamateurfussball-ffm.de\/index.php?rest_route=\/wp\/v2\/media\/27396"}],"wp:attachment":[{"href":"https:\/\/insideamateurfussball-ffm.de\/index.php?rest_route=%2Fwp%2Fv2%2Fmedia&parent=27916"}],"wp:term":[{"taxonomy":"category","embeddable":true,"href":"https:\/\/insideamateurfussball-ffm.de\/index.php?rest_route=%2Fwp%2Fv2%2Fcategories&post=27916"},{"taxonomy":"post_tag","embeddable":true,"href":"https:\/\/insideamateurfussball-ffm.de\/index.php?rest_route=%2Fwp%2Fv2%2Ftags&post=27916"}],"curies":[{"name":"wp","href":"https:\/\/api.w.org\/{rel}","templated":true}]}}