{"id":27913,"date":"2025-09-15T18:26:28","date_gmt":"2025-09-15T17:26:28","guid":{"rendered":"https:\/\/insideamateurfussball-ffm.de\/?p=27913"},"modified":"2025-09-15T18:26:28","modified_gmt":"2025-09-15T17:26:28","slug":"zeilsheim-unterliegt-beim-spitzenreiter-walluf","status":"publish","type":"post","link":"https:\/\/insideamateurfussball-ffm.de\/?p=27913","title":{"rendered":"Zeilsheim unterliegt beim Spitzenreiter Walluf"},"content":{"rendered":"<h3>Der SV Zeilsheim unterlag in der Verbandsliga Mitte beim Tabellenf\u00fchrer SG Walluf mit 0:2 und fiel auf Rang zw\u00f6lf zur\u00fcck.<\/h3>\n<figure id=\"attachment_27914\" aria-describedby=\"caption-attachment-27914\" style=\"width: 640px\" class=\"wp-caption alignright\"><img loading=\"lazy\" decoding=\"async\" class=\"wp-image-27914 size-large\" src=\"http:\/\/insideamateurfussball-ffm.de\/wp-content\/uploads\/2025\/09\/8-Auch-diesen-Kopfball-von-Dino-Kurbegovic-parierte-Wallufs-Keeper-Tim-Burghold-1024x669.jpg\" alt=\"\" width=\"640\" height=\"418\" srcset=\"https:\/\/insideamateurfussball-ffm.de\/wp-content\/uploads\/2025\/09\/8-Auch-diesen-Kopfball-von-Dino-Kurbegovic-parierte-Wallufs-Keeper-Tim-Burghold-1024x669.jpg 1024w, https:\/\/insideamateurfussball-ffm.de\/wp-content\/uploads\/2025\/09\/8-Auch-diesen-Kopfball-von-Dino-Kurbegovic-parierte-Wallufs-Keeper-Tim-Burghold-300x196.jpg 300w, https:\/\/insideamateurfussball-ffm.de\/wp-content\/uploads\/2025\/09\/8-Auch-diesen-Kopfball-von-Dino-Kurbegovic-parierte-Wallufs-Keeper-Tim-Burghold-768x502.jpg 768w, https:\/\/insideamateurfussball-ffm.de\/wp-content\/uploads\/2025\/09\/8-Auch-diesen-Kopfball-von-Dino-Kurbegovic-parierte-Wallufs-Keeper-Tim-Burghold.jpg 1057w\" sizes=\"auto, (max-width: 640px) 100vw, 640px\" \/><figcaption id=\"caption-attachment-27914\" class=\"wp-caption-text\">Auch diesen Kopfball von Dino Kurbegovic parierte Wallufs Keeper Tim Burghold! Foto: Peter Strauch.\u00a0\u00a0<\/figcaption><\/figure>\n<h3>SG Walluf &#8211; SV Zeilsheim 2:0 (0:0)<\/h3>\n<p><img loading=\"lazy\" decoding=\"async\" class=\"alignnone size-full wp-image-4050\" src=\"http:\/\/insideamateurfussball-ffm.de\/wp-content\/uploads\/2022\/11\/walluf.jpg\" alt=\"\" width=\"80\" height=\"80\" \/><img loading=\"lazy\" decoding=\"async\" class=\"alignnone size-full wp-image-1153\" src=\"http:\/\/insideamateurfussball-ffm.de\/wp-content\/uploads\/2022\/07\/SVZe.jpg\" alt=\"\" width=\"68\" height=\"80\" \/><\/p>\n<p>Trotz klarer Spielvorteile geht Zeilsheim leer in Walluf aus. \u201eWenn es dick kommt, dann richtig\u201c, res\u00fcmiert SV Vorsitzender Peter Strauch.<\/p>\n<p>So kommen die \u201eGr\u00fcnen\u201c nicht vom Fleck und m\u00fcssen sogar aufpassen, dass sie nicht in eine Abstiegsstrudel hineingeraten. Der 12. Tabellenplatz entspricht nicht den Anspr\u00fcchen der Mannschaft aus dem Frankfurter Westen. Dabei w\u00e4re beim Tabellenf\u00fchrer mehr drin gewesen. Schon zu Beginn der Partie hatten sie Spiel- und Chancenvorteile. Walluf kam erst zum Ende der 1. Halbzeit ins Spiel und hatte durch Marvin Kauer die F\u00fchrung auf dem Fu\u00df.<\/p>\n<h3><span style=\"text-decoration: underline;\">Schiedsrichter \u00fcbersieht Handspiel<\/span><\/h3>\n<p>Im 2. Spielabschnitt lief es denkbar ungl\u00fccklich f\u00fcr die G\u00e4ste. Als Kapit\u00e4n Tobias Werther im Strafraum foulte verwandelte Wallufs Ruben Monteiro-Carvalho im Nachschuss \u2013 zuvor hatte Paul Siegers den Ball pariert \u2013 den Foulelfmeter (53.). Danach erh\u00f6hte der SV das Tempo und hatte Pech, dass der Schiedsrichter ein Handspiel von Bastian Bsullak (54.) auf der Torlinie \u00fcbersah. Reihenweise versiebte Zeilsheim anschlie\u00dfend beste Torchancen. Dino Kurbegovic k\u00f6pft aus 4 m \u00fcber Tor (65.), Tim Burghold parierte eine Schu\u00df von Leo Bianco \u00fcberragend (66.), nach Vorlage von Takuto Tanaka schie\u00dft Dusan Crnomut aus 14 m Richtung Tor, doch erneut bekommt ein Verteidiger einen Fu\u00df dazwischen. Walluf kam in dieser Phase kaum aus der eigenen Spielh\u00e4lfte.<\/p>\n<p>Auch in der Schlussphase waren genug Chancen vorhanden, um das Spiel zu drehen. In punkto Effektivit\u00e4t war jedoch Walluf besser. Das 2:0 durch Monteiro-Carvalho per Freisto\u00df (90+4) machte endg\u00fcltig des Sack zu Gunsten der Gastgeber zu. Nach der Niederlage bleibt Zeilsheim im unteren Mittelfeld der Liga. Auch wenn nach au\u00dfen nicht die gleichen Ambitionen wie in der Vorsaison kommuniziert wurden &#8211; diesen Saisonstart hatten sich die Gr\u00fcn-Wei\u00dfen komplett anders vorgestellt. Nun wartet das Heimspiel gegen Aufsteiger Juno Burg \u2013 da z\u00e4hlt nur ein Sieg: \u201eWenn wir so hinten drinstehen, muss man gegen Burg endlich mal wieder einen Sieg sehen. Damit wir nicht den Blick g\u00e4nzlich nach unten richten m\u00fcssen\u201c, sagt Strauch.<\/p>\n<h3><span style=\"text-decoration: underline;\">Schiedsrichter: Dominik Br\u00e4unche (TSV Bicken). Zuschauer: 120. <\/span><\/h3>\n<h3><span style=\"text-decoration: underline;\">Tore: 1:0, 2:0 Ruben Monteiro-Carvalho (50.\/90.+4).\u00a0<\/span><\/h3>\n","protected":false},"excerpt":{"rendered":"<p>Der SV Zeilsheim unterlag in der Verbandsliga Mitte beim Tabellenf\u00fchrer SG Walluf mit 0:2 und fiel auf Rang zw\u00f6lf zur\u00fcck. SG Walluf &#8211; SV Zeilsheim 2:0 (0:0) Trotz klarer Spielvorteile geht Zeilsheim leer in Walluf aus. \u201eWenn es dick kommt, dann richtig\u201c, res\u00fcmiert SV Vorsitzender Peter Strauch. So kommen die \u201eGr\u00fcnen\u201c nicht vom Fleck und [&hellip;]<\/p>\n","protected":false},"author":1,"featured_media":27914,"comment_status":"closed","ping_status":"closed","sticky":true,"template":"","format":"standard","meta":{"footnotes":""},"categories":[32],"tags":[],"class_list":["post-27913","post","type-post","status-publish","format-standard","has-post-thumbnail","hentry","category-verbandsliga-mitte"],"_links":{"self":[{"href":"https:\/\/insideamateurfussball-ffm.de\/index.php?rest_route=\/wp\/v2\/posts\/27913","targetHints":{"allow":["GET"]}}],"collection":[{"href":"https:\/\/insideamateurfussball-ffm.de\/index.php?rest_route=\/wp\/v2\/posts"}],"about":[{"href":"https:\/\/insideamateurfussball-ffm.de\/index.php?rest_route=\/wp\/v2\/types\/post"}],"author":[{"embeddable":true,"href":"https:\/\/insideamateurfussball-ffm.de\/index.php?rest_route=\/wp\/v2\/users\/1"}],"replies":[{"embeddable":true,"href":"https:\/\/insideamateurfussball-ffm.de\/index.php?rest_route=%2Fwp%2Fv2%2Fcomments&post=27913"}],"version-history":[{"count":1,"href":"https:\/\/insideamateurfussball-ffm.de\/index.php?rest_route=\/wp\/v2\/posts\/27913\/revisions"}],"predecessor-version":[{"id":27915,"href":"https:\/\/insideamateurfussball-ffm.de\/index.php?rest_route=\/wp\/v2\/posts\/27913\/revisions\/27915"}],"wp:featuredmedia":[{"embeddable":true,"href":"https:\/\/insideamateurfussball-ffm.de\/index.php?rest_route=\/wp\/v2\/media\/27914"}],"wp:attachment":[{"href":"https:\/\/insideamateurfussball-ffm.de\/index.php?rest_route=%2Fwp%2Fv2%2Fmedia&parent=27913"}],"wp:term":[{"taxonomy":"category","embeddable":true,"href":"https:\/\/insideamateurfussball-ffm.de\/index.php?rest_route=%2Fwp%2Fv2%2Fcategories&post=27913"},{"taxonomy":"post_tag","embeddable":true,"href":"https:\/\/insideamateurfussball-ffm.de\/index.php?rest_route=%2Fwp%2Fv2%2Ftags&post=27913"}],"curies":[{"name":"wp","href":"https:\/\/api.w.org\/{rel}","templated":true}]}}