{"id":27906,"date":"2025-09-14T21:58:35","date_gmt":"2025-09-14T20:58:35","guid":{"rendered":"https:\/\/insideamateurfussball-ffm.de\/?p=27906"},"modified":"2025-09-14T21:58:35","modified_gmt":"2025-09-14T20:58:35","slug":"praunheim-am-gruenen-tisch-in-der-2-runde","status":"publish","type":"post","link":"https:\/\/insideamateurfussball-ffm.de\/?p=27906","title":{"rendered":"Praunheim am gr\u00fcnen Tisch in der 2. Runde"},"content":{"rendered":"<h3>Das beim Stande von 2:2 in der Verl\u00e4ngerung abgebrochene Spiel der 1. Runde im Kreispokal zwischen der SG Praunheim und dem SV Viktoria Preu\u00dfen wurde mit 3:0 f\u00fcr den A-Ligisten gewertet, der somit nach dem Urteil des Kreissportgerichtes die 2. Runde am gr\u00fcnen Tisch erreicht hat.<\/h3>\n<figure id=\"attachment_27907\" aria-describedby=\"caption-attachment-27907\" style=\"width: 887px\" class=\"wp-caption alignnone\"><img loading=\"lazy\" decoding=\"async\" class=\"wp-image-27907 size-full\" src=\"http:\/\/insideamateurfussball-ffm.de\/wp-content\/uploads\/2025\/09\/praunheim1.jpg\" alt=\"\" width=\"887\" height=\"591\" srcset=\"https:\/\/insideamateurfussball-ffm.de\/wp-content\/uploads\/2025\/09\/praunheim1.jpg 887w, https:\/\/insideamateurfussball-ffm.de\/wp-content\/uploads\/2025\/09\/praunheim1-300x200.jpg 300w, https:\/\/insideamateurfussball-ffm.de\/wp-content\/uploads\/2025\/09\/praunheim1-768x512.jpg 768w\" sizes=\"auto, (max-width: 887px) 100vw, 887px\" \/><figcaption id=\"caption-attachment-27907\" class=\"wp-caption-text\">Die SG Praunheim erreichte die 2. Runde im Kreispokal am gr\u00fcnen Tisch. Foto: Archiv Mithat G\u00fcrser.<\/figcaption><\/figure>\n<h3>SG Praunheim &#8211; SV Viktoria Preu\u00dfen 3:0 (Wertung)<\/h3>\n<p><img loading=\"lazy\" decoding=\"async\" class=\"alignnone size-full wp-image-2588\" src=\"http:\/\/insideamateurfussball-ffm.de\/wp-content\/uploads\/2022\/09\/Praunheim.jpg\" alt=\"\" width=\"79\" height=\"80\" \/><img loading=\"lazy\" decoding=\"async\" class=\"alignnone size-full wp-image-12\" src=\"http:\/\/insideamateurfussball-ffm.de\/wp-content\/uploads\/2021\/11\/preussen.jpg\" alt=\"\" width=\"72\" height=\"80\" \/><\/p>\n<p>Die am 21. August abgebrochene Pokalpartie hatte ein Nachspiel vor dem Kreissportgericht unter Vorsitz von Swaantje Dirks (SV Bonames). Da die G\u00e4ste den Platz eigenm\u00e4chtig verlassen hatten, wurde der Kreisoberligist mit dem Spielverlust und dem damit verbundenen Ausscheiden aus dem Pokalwettbewerb bestraft.<\/p>\n<p>Die gastgebende SG Praunheim erhielt wegen eines nicht ausreichenden Ordnungsdienstes eine Geldstrafe auferlegt. Da die Begegnung durch Zwischenrufe und diskriminierendem Verhalten gegen\u00fcber dem Preu\u00dfen-Torh\u00fcter durch dem Verein Germania Ginnheim zuzurechnende Zuschauer massiv gest\u00f6rt wurde, erhielten auch die Ginnheimer eine Geldstrafe, gegen die aber noch das Rechtsmittel der Berufung eingelegt werden kann.<\/p>\n<h3><span style=\"text-decoration: underline;\">&#8222;Was da veranstaltet wurde gegen unseren jungen Torwart, ist nicht tolerierbar.&#8220; (Preu\u00dfen-Trainer Artur Rissling)<\/span><\/h3>\n<p>Preu\u00dfen-Trainer Artur Rissling \u00e4u\u00dferte sich zum Urteil: &#8222;Das Ausscheiden ist mir v\u00f6llig egal. Wichtig ist mir, dass ein Thema wie Mobbing \u00f6ffentlich zur Sprache gebracht wird. Was da veranstaltet wurde gegen unseren jungen Torwart, ist nicht tolerierbar.&#8220;<\/p>\n<p>In der 2. Runde spielen die Praunheimer beim in der gleichen Ligastufe spielenden TuS Nieder-Eschbach.<\/p>\n","protected":false},"excerpt":{"rendered":"<p>Das beim Stande von 2:2 in der Verl\u00e4ngerung abgebrochene Spiel der 1. Runde im Kreispokal zwischen der SG Praunheim und dem SV Viktoria Preu\u00dfen wurde mit 3:0 f\u00fcr den A-Ligisten gewertet, der somit nach dem Urteil des Kreissportgerichtes die 2. Runde am gr\u00fcnen Tisch erreicht hat. SG Praunheim &#8211; SV Viktoria Preu\u00dfen 3:0 (Wertung) Die [&hellip;]<\/p>\n","protected":false},"author":1,"featured_media":27907,"comment_status":"closed","ping_status":"closed","sticky":true,"template":"","format":"standard","meta":{"footnotes":""},"categories":[9],"tags":[],"class_list":["post-27906","post","type-post","status-publish","format-standard","has-post-thumbnail","hentry","category-kreispokal"],"_links":{"self":[{"href":"https:\/\/insideamateurfussball-ffm.de\/index.php?rest_route=\/wp\/v2\/posts\/27906","targetHints":{"allow":["GET"]}}],"collection":[{"href":"https:\/\/insideamateurfussball-ffm.de\/index.php?rest_route=\/wp\/v2\/posts"}],"about":[{"href":"https:\/\/insideamateurfussball-ffm.de\/index.php?rest_route=\/wp\/v2\/types\/post"}],"author":[{"embeddable":true,"href":"https:\/\/insideamateurfussball-ffm.de\/index.php?rest_route=\/wp\/v2\/users\/1"}],"replies":[{"embeddable":true,"href":"https:\/\/insideamateurfussball-ffm.de\/index.php?rest_route=%2Fwp%2Fv2%2Fcomments&post=27906"}],"version-history":[{"count":1,"href":"https:\/\/insideamateurfussball-ffm.de\/index.php?rest_route=\/wp\/v2\/posts\/27906\/revisions"}],"predecessor-version":[{"id":27908,"href":"https:\/\/insideamateurfussball-ffm.de\/index.php?rest_route=\/wp\/v2\/posts\/27906\/revisions\/27908"}],"wp:featuredmedia":[{"embeddable":true,"href":"https:\/\/insideamateurfussball-ffm.de\/index.php?rest_route=\/wp\/v2\/media\/27907"}],"wp:attachment":[{"href":"https:\/\/insideamateurfussball-ffm.de\/index.php?rest_route=%2Fwp%2Fv2%2Fmedia&parent=27906"}],"wp:term":[{"taxonomy":"category","embeddable":true,"href":"https:\/\/insideamateurfussball-ffm.de\/index.php?rest_route=%2Fwp%2Fv2%2Fcategories&post=27906"},{"taxonomy":"post_tag","embeddable":true,"href":"https:\/\/insideamateurfussball-ffm.de\/index.php?rest_route=%2Fwp%2Fv2%2Ftags&post=27906"}],"curies":[{"name":"wp","href":"https:\/\/api.w.org\/{rel}","templated":true}]}}