{"id":27830,"date":"2025-09-08T21:27:45","date_gmt":"2025-09-08T20:27:45","guid":{"rendered":"https:\/\/insideamateurfussball-ffm.de\/?p=27830"},"modified":"2025-09-08T21:45:41","modified_gmt":"2025-09-08T20:45:41","slug":"concordia-nach-30-gegen-roedelheim-dritter","status":"publish","type":"post","link":"https:\/\/insideamateurfussball-ffm.de\/?p=27830","title":{"rendered":"Concordia nach 3:0 gegen R\u00f6delheim Dritter"},"content":{"rendered":"<h5><span style=\"font-size: 16px;\">Concordia Eschersheim gewann das Heimspiel gegen den 1. R\u00f6delheimer FC 02 mit 3:0 und steht mit 13 von m\u00f6glichen 18 Punkten auf Rang drei. Die G\u00e4ste m\u00fcssen sich hingegen erstmal mit f\u00fcnf Punkten aus f\u00fcnf Spielen nach unten orientieren.\u00a0<\/span><\/h5>\n<figure id=\"attachment_27832\" aria-describedby=\"caption-attachment-27832\" style=\"width: 150px\" class=\"wp-caption alignleft\"><img loading=\"lazy\" decoding=\"async\" class=\"wp-image-27832 size-thumbnail\" src=\"http:\/\/insideamateurfussball-ffm.de\/wp-content\/uploads\/2025\/09\/croat4-150x150.jpg\" alt=\"\" width=\"150\" height=\"150\" \/><figcaption id=\"caption-attachment-27832\" class=\"wp-caption-text\">Concordia-Trainer Roland Stipp. Foto: Archiv Mithat G\u00fcrser.<\/figcaption><\/figure>\n<h5><span style=\"font-size: 16px;\">Concordia Eschersheim &#8211; 1. R\u00f6delheimer FC 02 3:0 (1:0)<\/span><\/h5>\n<p><img loading=\"lazy\" decoding=\"async\" class=\"alignnone size-full wp-image-37\" src=\"http:\/\/insideamateurfussball-ffm.de\/wp-content\/uploads\/2021\/11\/1sv07_news2_4178_01_01_02.jpg\" alt=\"\" width=\"80\" height=\"80\" \/><img loading=\"lazy\" decoding=\"async\" class=\"alignnone size-full wp-image-932\" src=\"http:\/\/insideamateurfussball-ffm.de\/wp-content\/uploads\/2022\/06\/Roedelheim.jpg\" alt=\"\" width=\"80\" height=\"73\" \/><\/p>\n<p><span style=\"font-size: 16px;\">Mit Torh\u00fcter Theo Wedel, Tilmann Striet und dem angeschlagenen Aria Razdar musste der Club drei absolute Leistungstr\u00e4ger der letzten Wochen ersetzen, die Vertreter machten ihre Sache aber ausgesprochen gut. Vor allem der junge Torh\u00fcter Pierre Marlon M\u00fcller wirkte sehr sicher und \u00fcberzeugte auch im Spielaufbau. Der Club stand sehr tief, stellte die R\u00e4ume gut zu und lie\u00df die Eschersheimer so kaum zur Entfaltung kommen. Neben dem Gegentor nach 35 Minuten, das von Eschersheims Ausnahmespieler Elias Zimmermann musterg\u00fcltig vorbereitet wurde und bei dem die linke Abwehrseite ganz schlecht aussah, lie\u00df man im ersten Abschnitt nur noch zwei Chancen zu, bei denen man Gl\u00fcck hatte dass einmal der Ball verzogen wurde und einmal der Pfosten rettete. <\/span><\/p>\n<p><span style=\"font-size: 16px;\">In der zweiten H\u00e4lfte machte der Club viel mehr Druck, und Adam Zazoua h\u00e4tte der Mann des Spiels werden k\u00f6nnen. Ein ums andere Mal wurde er von seinen Mitspielern in Szene gesetzt, konnte jedoch keine seiner vielen klaren Chancen nutzen. Auch Niklas Vogt lie\u00df die sonstige Treffsicherheit vermissen, und so kam was kommen musste. &#8222;Gegen die aufger\u00fcckte R\u00f6delheimer Defensive kamen die Gastgeber durch einen Konter und einen abgef\u00e4lschten Schuss von der Strafraumgrenze zwei weiteren Treffern zum letztendlich zu hoch ausgefallenen 3:0-Erfolg&#8220;, wie RFC-Berichterstatter Norbert Gehlen schrieb.\u00a0 <\/span><\/p>\n<ul>\n<li><span style=\"font-size: 16px;\"><strong>Aytekin macht den Deckel drauf <\/strong>\u00a0<\/span><\/li>\n<\/ul>\n<p><span style=\"font-size: 16px;\">Die spielerisch dominanten Gastgeber hatten die Partie jedoch weitestgehend im Griff. Die F\u00fchrung erzielte der erst vor einer Woche 19 Jahre jung gewordene talentierte Joel Rolle (35.). Nach dem Seitenwechsel hatten die Eschersheimer laut ihrem Sportlichen Leiter Walter Dorn noch &#8222;einmal Pfostenpech und ein Riesending liegen gelassen.&#8220; <\/span><span style=\"font-size: 16px;\">Elias Zimmermann markierte das beruhigende 2:0 (71.). Dann setzte Ramazan Aytekin den Deckel drauf (83.). &#8222;Der Sieg ist hintenraus verdient, obwohl wir nach der Halbzeit ein paar Mal Gl\u00fcck hatten&#8220;, meinte Dorn. Trainer Roland Stipp fand den Gegner gut: &#8222;R\u00f6delheim hat mir wie schon letzte Saison gut gefallen. Da stimmt vieles und das wird sich \u00fcber kurz oder lang bestimmt auszahlen.&#8220; <\/span><\/p>\n<p><span style=\"font-size: 16px;\">Was seine Concordia betrifft: &#8222;Wir waren einfach einen Tick effektiver. Und hatten mit Matthias M\u00fcller und Louis Haarhaus zwei erfahrene Innenverteidiger, die hinten alles zusammengehalten haben.&#8220; Die n\u00e4chste Aufgabe f\u00fchrt die Concordia am Sonntag in den Ostpark zum FC Gudesding (15 Uhr). <\/span><span style=\"font-size: 16px;\">RFC-Pressesprecher Volker Flauaus, dessen Team am Sonntag zeitgleich den Tabellenf\u00fchrer SV 07 Heddernheim erwartet, bef\u00fcrchtet wieder eine schwere Saison: &#8222;Wir sind schon wieder hinten drin und bei der diesj\u00e4hrigen Ausgeglichenheit der Liga wird es schwer werden.&#8220;<\/span><\/p>\n<ul>\n<li><span style=\"font-size: 16px;\"><strong>Schiedsrichter: Safet Kozica (1. FC Wei\u00dfkirchen). <\/strong><\/span><\/li>\n<li><span style=\"font-size: 16px;\"><strong>Zuschauer: 120. <\/strong><\/span><\/li>\n<li><span style=\"font-size: 16px;\"><strong>Tore: 1:0 Joel Rolle (35.), 2:0 Elias Zimmermann (71.), 3:0 Ramazan Aytekin (83.).<\/strong>\u00a0 \u00a0<\/span><\/li>\n<\/ul>\n","protected":false},"excerpt":{"rendered":"<p>Concordia Eschersheim gewann das Heimspiel gegen den 1. R\u00f6delheimer FC 02 mit 3:0 und steht mit 13 von m\u00f6glichen 18 Punkten auf Rang drei. Die G\u00e4ste m\u00fcssen sich hingegen erstmal mit f\u00fcnf Punkten aus f\u00fcnf Spielen nach unten orientieren.\u00a0 Concordia Eschersheim &#8211; 1. R\u00f6delheimer FC 02 3:0 (1:0) Mit Torh\u00fcter Theo Wedel, Tilmann Striet und [&hellip;]<\/p>\n","protected":false},"author":1,"featured_media":27832,"comment_status":"closed","ping_status":"closed","sticky":true,"template":"","format":"standard","meta":{"footnotes":""},"categories":[2],"tags":[],"class_list":["post-27830","post","type-post","status-publish","format-standard","has-post-thumbnail","hentry","category-kreisoberliga-frankfurt"],"_links":{"self":[{"href":"https:\/\/insideamateurfussball-ffm.de\/index.php?rest_route=\/wp\/v2\/posts\/27830","targetHints":{"allow":["GET"]}}],"collection":[{"href":"https:\/\/insideamateurfussball-ffm.de\/index.php?rest_route=\/wp\/v2\/posts"}],"about":[{"href":"https:\/\/insideamateurfussball-ffm.de\/index.php?rest_route=\/wp\/v2\/types\/post"}],"author":[{"embeddable":true,"href":"https:\/\/insideamateurfussball-ffm.de\/index.php?rest_route=\/wp\/v2\/users\/1"}],"replies":[{"embeddable":true,"href":"https:\/\/insideamateurfussball-ffm.de\/index.php?rest_route=%2Fwp%2Fv2%2Fcomments&post=27830"}],"version-history":[{"count":4,"href":"https:\/\/insideamateurfussball-ffm.de\/index.php?rest_route=\/wp\/v2\/posts\/27830\/revisions"}],"predecessor-version":[{"id":27837,"href":"https:\/\/insideamateurfussball-ffm.de\/index.php?rest_route=\/wp\/v2\/posts\/27830\/revisions\/27837"}],"wp:featuredmedia":[{"embeddable":true,"href":"https:\/\/insideamateurfussball-ffm.de\/index.php?rest_route=\/wp\/v2\/media\/27832"}],"wp:attachment":[{"href":"https:\/\/insideamateurfussball-ffm.de\/index.php?rest_route=%2Fwp%2Fv2%2Fmedia&parent=27830"}],"wp:term":[{"taxonomy":"category","embeddable":true,"href":"https:\/\/insideamateurfussball-ffm.de\/index.php?rest_route=%2Fwp%2Fv2%2Fcategories&post=27830"},{"taxonomy":"post_tag","embeddable":true,"href":"https:\/\/insideamateurfussball-ffm.de\/index.php?rest_route=%2Fwp%2Fv2%2Ftags&post=27830"}],"curies":[{"name":"wp","href":"https:\/\/api.w.org\/{rel}","templated":true}]}}