{"id":27771,"date":"2025-09-08T13:37:02","date_gmt":"2025-09-08T12:37:02","guid":{"rendered":"https:\/\/insideamateurfussball-ffm.de\/?p=27771"},"modified":"2025-09-08T13:37:02","modified_gmt":"2025-09-08T12:37:02","slug":"bosnier-untermauern-tabellenfuehrung","status":"publish","type":"post","link":"https:\/\/insideamateurfussball-ffm.de\/?p=27771","title":{"rendered":"Bosnier untermauern Tabellenf\u00fchrung"},"content":{"rendered":"<h4>Der SV Bosnien\/Herzegowina behauptete seine Tabellenf\u00fchrung mit einem 2.1-Sieg gegen den Verbandsliga-Absteiger SKV Beienheim, wobei das knappe Ergebnis den G\u00e4sten sehr schmeichelt.<\/h4>\n<figure id=\"attachment_27422\" aria-describedby=\"caption-attachment-27422\" style=\"width: 886px\" class=\"wp-caption alignnone\"><img loading=\"lazy\" decoding=\"async\" class=\"wp-image-27422 size-full\" src=\"http:\/\/insideamateurfussball-ffm.de\/wp-content\/uploads\/2025\/08\/bos-germ94-1.jpg\" alt=\"\" width=\"886\" height=\"614\" srcset=\"https:\/\/insideamateurfussball-ffm.de\/wp-content\/uploads\/2025\/08\/bos-germ94-1.jpg 886w, https:\/\/insideamateurfussball-ffm.de\/wp-content\/uploads\/2025\/08\/bos-germ94-1-300x208.jpg 300w, https:\/\/insideamateurfussball-ffm.de\/wp-content\/uploads\/2025\/08\/bos-germ94-1-768x532.jpg 768w\" sizes=\"auto, (max-width: 886px) 100vw, 886px\" \/><figcaption id=\"caption-attachment-27422\" class=\"wp-caption-text\">Die Bosnier behaupten auch gegen den SKV Beienheim die Tabellenf\u00fchrung. Foto: Archiv Mithat G\u00fcrser<\/figcaption><\/figure>\n<h4>SV Bosnien\/Herzegowina &#8211; SKV Beienheim 2:1 (2:0)<\/h4>\n<p><img loading=\"lazy\" decoding=\"async\" class=\"alignnone size-full wp-image-139\" src=\"http:\/\/insideamateurfussball-ffm.de\/wp-content\/uploads\/2022\/05\/Bosnien.jpg\" alt=\"\" width=\"79\" height=\"80\" \/><img loading=\"lazy\" decoding=\"async\" class=\"alignnone size-full wp-image-545\" src=\"http:\/\/insideamateurfussball-ffm.de\/wp-content\/uploads\/2022\/06\/SKV-Beienh.jpg\" alt=\"\" width=\"79\" height=\"80\" \/><\/p>\n<p>Die Bosnier haben ihre erste Niederlage beim FC Karben gut weggesteckt und kamen sehr gut in die Partie gegen den Verbandsliga-Absteiger SKV Beienheim, der in dieser Saison bisher alles schuldig geblieben ist und auf dem letzten Tabellenplatz liegt. Bereits in der 8.Minute brachte Almir Ziga mit einem Drehschuss aus 8 Metern die Gastgeber in F\u00fchrung, ehe Almir Derdemez mit einer Direktabnahme in der 14.Minute bereits auf 2:0 erh\u00f6hen konnte, Derdemez \u00fcbernahm damit mit 11 Treffern die alleinige F\u00fchrung in der Torsch\u00fctzenliste. Dabei blieb es dann bis zur Halbzeit, Pressesprecher Almir Malohodzic konstatierte: \u201eschon zur Pause h\u00e4tten wir h\u00f6her f\u00fchren m\u00fcssen, aber mit dem, was wir in der zweiten Halbzeit an Gro\u00dfchancen vergeben haben, haben wir uns das Leben selbst schwergemacht.\u201c<\/p>\n<p>Dreimal verpassten die Bosnier das fast leere Tor, zweimal trafen sie das Aluminium, die G\u00e4ste aus Beienheim konnten froh sein, dass es lange nur 0:2 stand. Und sie kamen sogar zum Anschlusstreffer, als Connor Nebel (SR notierte anderen Torsch\u00fctzen, Video zeigt allerdings die Nr. 28) mit einem sch\u00f6nen Distanzschuss auf 1:2 verk\u00fcrzte. \u00a0Die Bosnier warfen alles in die Waagschale und verteidigten den Vorsprung souver\u00e4n und lie\u00dfen nichts mehr zu, weh tat nur die glatt rote Karte f\u00fcr Secouba Diatta in der dritten Minute der Nachspielzeit, als der Schiedsrichter wohl ein Nachtreten gesehen haben wollte. Malohodzic. \u201ewir h\u00e4tten das Spiel fr\u00fcher entscheiden m\u00fcssen, nach dem 1:2 zitterst du noch unn\u00f6tig, aber wir haben ein gutes Spiel gemacht und man hat im Spiel auch den derzeitigen Unterschied in der Tabelle sehen k\u00f6nnen.\u201c<\/p>\n<p>Die Bosnier festigten damit ihren guten Saisonstart mit 7 Siegen aus den ersten acht Partien und gr\u00fc\u00dfen weiterhin von der Tabellenspitze, w\u00e4hrend der Gegner aus Beienheim weiter das Tabellenende ziert. Am n\u00e4chsten Sonntag kommt es dann zum Spitzenspiel, die Bosnier m\u00fcssen bei der noch einzigen ungeschlagenen Mannschaft, dem FC Tempo, ran und k\u00f6nnten dort ihre Tabellenf\u00fchrung verlieren.<\/p>\n<h4>Schiedsrichter: Kai Krieghoff (Klein-Zimmern). Zuschauer: 130.<\/h4>\n<h4>Tore: 1:0 Almir Ziga (8.), 2:0 Almir Derdemez (14.), 2:1 Connor Nebel (84.)<\/h4>\n","protected":false},"excerpt":{"rendered":"<p>Der SV Bosnien\/Herzegowina behauptete seine Tabellenf\u00fchrung mit einem 2.1-Sieg gegen den Verbandsliga-Absteiger SKV Beienheim, wobei das knappe Ergebnis den G\u00e4sten sehr schmeichelt. SV Bosnien\/Herzegowina &#8211; SKV Beienheim 2:1 (2:0) Die Bosnier haben ihre erste Niederlage beim FC Karben gut weggesteckt und kamen sehr gut in die Partie gegen den Verbandsliga-Absteiger SKV Beienheim, der in dieser [&hellip;]<\/p>\n","protected":false},"author":3,"featured_media":27422,"comment_status":"closed","ping_status":"open","sticky":true,"template":"","format":"standard","meta":{"footnotes":""},"categories":[13],"tags":[],"class_list":["post-27771","post","type-post","status-publish","format-standard","has-post-thumbnail","hentry","category-gruppenliga-frankfurt-west"],"_links":{"self":[{"href":"https:\/\/insideamateurfussball-ffm.de\/index.php?rest_route=\/wp\/v2\/posts\/27771","targetHints":{"allow":["GET"]}}],"collection":[{"href":"https:\/\/insideamateurfussball-ffm.de\/index.php?rest_route=\/wp\/v2\/posts"}],"about":[{"href":"https:\/\/insideamateurfussball-ffm.de\/index.php?rest_route=\/wp\/v2\/types\/post"}],"author":[{"embeddable":true,"href":"https:\/\/insideamateurfussball-ffm.de\/index.php?rest_route=\/wp\/v2\/users\/3"}],"replies":[{"embeddable":true,"href":"https:\/\/insideamateurfussball-ffm.de\/index.php?rest_route=%2Fwp%2Fv2%2Fcomments&post=27771"}],"version-history":[{"count":2,"href":"https:\/\/insideamateurfussball-ffm.de\/index.php?rest_route=\/wp\/v2\/posts\/27771\/revisions"}],"predecessor-version":[{"id":27773,"href":"https:\/\/insideamateurfussball-ffm.de\/index.php?rest_route=\/wp\/v2\/posts\/27771\/revisions\/27773"}],"wp:featuredmedia":[{"embeddable":true,"href":"https:\/\/insideamateurfussball-ffm.de\/index.php?rest_route=\/wp\/v2\/media\/27422"}],"wp:attachment":[{"href":"https:\/\/insideamateurfussball-ffm.de\/index.php?rest_route=%2Fwp%2Fv2%2Fmedia&parent=27771"}],"wp:term":[{"taxonomy":"category","embeddable":true,"href":"https:\/\/insideamateurfussball-ffm.de\/index.php?rest_route=%2Fwp%2Fv2%2Fcategories&post=27771"},{"taxonomy":"post_tag","embeddable":true,"href":"https:\/\/insideamateurfussball-ffm.de\/index.php?rest_route=%2Fwp%2Fv2%2Ftags&post=27771"}],"curies":[{"name":"wp","href":"https:\/\/api.w.org\/{rel}","templated":true}]}}