{"id":27756,"date":"2025-09-04T11:57:00","date_gmt":"2025-09-04T10:57:00","guid":{"rendered":"https:\/\/insideamateurfussball-ffm.de\/?p=27756"},"modified":"2025-09-07T10:13:29","modified_gmt":"2025-09-07T09:13:29","slug":"zeilsheim-unterliegt-schon-wieder-hornau","status":"publish","type":"post","link":"https:\/\/insideamateurfussball-ffm.de\/?p=27756","title":{"rendered":"Zeilsheim unterliegt schon wieder Hornau"},"content":{"rendered":"<h5><span style=\"font-size: 16px;\">Vierte Niederlage in Folge f\u00fcr den SV Zeilsheim, der nach der neuen Derby-Niederlage gegen Hessenliga-Absteiger TuS Hornau vor dem Heimspiel gegen Schlusslicht Germania Okriftel auf einem Abstiegsplatz steht.\u00a0<\/span><\/h5>\n<h5><span style=\"font-size: 16px;\" data-wp-editing=\"1\"><img loading=\"lazy\" decoding=\"async\" class=\"alignnone size-full wp-image-27757\" src=\"http:\/\/insideamateurfussball-ffm.de\/wp-content\/uploads\/2025\/09\/IMGM5195.jpg\" alt=\"\" width=\"934\" height=\"748\" srcset=\"https:\/\/insideamateurfussball-ffm.de\/wp-content\/uploads\/2025\/09\/IMGM5195.jpg 934w, https:\/\/insideamateurfussball-ffm.de\/wp-content\/uploads\/2025\/09\/IMGM5195-300x240.jpg 300w, https:\/\/insideamateurfussball-ffm.de\/wp-content\/uploads\/2025\/09\/IMGM5195-768x615.jpg 768w\" sizes=\"auto, (max-width: 934px) 100vw, 934px\" \/><\/span><\/h5>\n<h5><span style=\"font-size: 16px;\">SV Zeilsheim &#8211; TuS Hornau 0:2 (0:1)<\/span><\/h5>\n<p><img loading=\"lazy\" decoding=\"async\" class=\"alignnone size-full wp-image-1153\" src=\"http:\/\/insideamateurfussball-ffm.de\/wp-content\/uploads\/2022\/07\/SVZe.jpg\" alt=\"\" width=\"68\" height=\"80\" \/><img loading=\"lazy\" decoding=\"async\" class=\"alignnone size-full wp-image-3517\" src=\"http:\/\/insideamateurfussball-ffm.de\/wp-content\/uploads\/2022\/10\/Hornau.jpg\" alt=\"\" width=\"72\" height=\"80\" \/><\/p>\n<p><span style=\"font-size: 16px;\">Erneuter Derbysieg f\u00fcr die TuS Hornau. Der Hessenliga-Absteiger behielt auch im R\u00fcckspiel beim SV Zeilsheim die Oberhand und siegte 2:0. Ein Blitzstart und ein feiner Konter ebneten den G\u00e4sten den Weg zum Ausw\u00e4rtsdreier.&#8220;Am Ende war der Sieg verdient f\u00fcr Hornau. F\u00fcr uns war aber mehr drin&#8220;, befand Zeilsheims Vorsitzender Peter Strauch. Der hervorhob, dass das Team &#8211; anders als in den vergangenen Partien, nach dem fr\u00fchen R\u00fcckstand durch Luca Morlac (5.) &#8222;nicht kopflos&#8220; geworden sei und &#8222;eigene Akzente&#8220; gesetzt habe. <\/span><\/p>\n<p><span style=\"font-size: 16px;\">Der diesmal in der Startelf aufgebotene Jannick Lacayo traf postwendend zum Ausgleich, doch sein Tor wurde wegen einer Abseitsstellung zur\u00fcckgenommen. In der 25. Minute schoss Lacayo gegen die Laufrichtung von TuS-Keeper Brandon Dorth, doch Jan Neukum verhinderte mit einer Rettungsaktion einen Meter vor dem Tor das m\u00f6gliche 1:1. Kurz nach der Pause ergab eine Co-Produktion der eingewechselten Dariyan Demir und Vladimir Trucic beinahe den Ausgleich, doch Trucic verpasste das Zuspiel nur knapp.<\/span><\/p>\n<ul>\n<li><strong><span style=\"font-size: 16px;\">Sonntag gegen Schlusslicht Germania Okriftel <\/span><\/strong><\/li>\n<\/ul>\n<p><span style=\"font-size: 16px;\">Dann brachte nach gut einer Stunde ein perfekt ausgespielter Konter von Niklas Kern die Hornauer endg\u00fcltig auf die Siegerstra\u00dfe. &#8222;Am Ende hatten die Hornauer auch noch einige Chancen auf weitere Tore&#8220;, musste Strauch anerkennen. &#8222;Nach der vierten Niederlage in Serie kommt aber noch keine Alarmstimmung auf&#8220;, wie Strauch versichert. <\/span><\/p>\n<p><span style=\"font-size: 16px;\">&#8222;Am kommenden Sonntag m\u00fcssen wir unsere Negativserie aber beenden&#8220;, fordert der SVZ-Boss. Dann geht es gegen den n\u00e4chsten MTK-Rivalen, und zwar das noch punktlose Schlusslicht Germania Okriftel. Dann treffen die Zeilsheimer auch auf Luftrim Kodraliu, der sich kurzfristig im Status des Vertragsamateurs zur Germania verabschiedet hat. Auch Tolga Demirbas (SV Rot-Wei\u00df Hadamar) hat sich noch verabschiedet, Daf\u00fcr ist der St\u00fcrmer Dusan Crnomut neu und lief gegen Hornau gleich in der Startelf auf.\u00a0<\/span><\/p>\n<ul>\n<li><strong><span style=\"font-size: 16px;\">Schiedsrichter: Fynn Felix Walter (SV Wiesbaden).<\/span><\/strong><\/li>\n<li><strong><span style=\"font-size: 16px;\">Tore: 0:1 Luca Morlac (6.), 0:2 Niklas Kern (57.).\u00a0<\/span><\/strong><\/li>\n<\/ul>\n","protected":false},"excerpt":{"rendered":"<p>Vierte Niederlage in Folge f\u00fcr den SV Zeilsheim, der nach der neuen Derby-Niederlage gegen Hessenliga-Absteiger TuS Hornau vor dem Heimspiel gegen Schlusslicht Germania Okriftel auf einem Abstiegsplatz steht.\u00a0 SV Zeilsheim &#8211; TuS Hornau 0:2 (0:1) Erneuter Derbysieg f\u00fcr die TuS Hornau. Der Hessenliga-Absteiger behielt auch im R\u00fcckspiel beim SV Zeilsheim die Oberhand und siegte 2:0. [&hellip;]<\/p>\n","protected":false},"author":1,"featured_media":27757,"comment_status":"closed","ping_status":"closed","sticky":true,"template":"","format":"standard","meta":{"footnotes":""},"categories":[32],"tags":[],"class_list":["post-27756","post","type-post","status-publish","format-standard","has-post-thumbnail","hentry","category-verbandsliga-mitte"],"_links":{"self":[{"href":"https:\/\/insideamateurfussball-ffm.de\/index.php?rest_route=\/wp\/v2\/posts\/27756","targetHints":{"allow":["GET"]}}],"collection":[{"href":"https:\/\/insideamateurfussball-ffm.de\/index.php?rest_route=\/wp\/v2\/posts"}],"about":[{"href":"https:\/\/insideamateurfussball-ffm.de\/index.php?rest_route=\/wp\/v2\/types\/post"}],"author":[{"embeddable":true,"href":"https:\/\/insideamateurfussball-ffm.de\/index.php?rest_route=\/wp\/v2\/users\/1"}],"replies":[{"embeddable":true,"href":"https:\/\/insideamateurfussball-ffm.de\/index.php?rest_route=%2Fwp%2Fv2%2Fcomments&post=27756"}],"version-history":[{"count":3,"href":"https:\/\/insideamateurfussball-ffm.de\/index.php?rest_route=\/wp\/v2\/posts\/27756\/revisions"}],"predecessor-version":[{"id":27760,"href":"https:\/\/insideamateurfussball-ffm.de\/index.php?rest_route=\/wp\/v2\/posts\/27756\/revisions\/27760"}],"wp:featuredmedia":[{"embeddable":true,"href":"https:\/\/insideamateurfussball-ffm.de\/index.php?rest_route=\/wp\/v2\/media\/27757"}],"wp:attachment":[{"href":"https:\/\/insideamateurfussball-ffm.de\/index.php?rest_route=%2Fwp%2Fv2%2Fmedia&parent=27756"}],"wp:term":[{"taxonomy":"category","embeddable":true,"href":"https:\/\/insideamateurfussball-ffm.de\/index.php?rest_route=%2Fwp%2Fv2%2Fcategories&post=27756"},{"taxonomy":"post_tag","embeddable":true,"href":"https:\/\/insideamateurfussball-ffm.de\/index.php?rest_route=%2Fwp%2Fv2%2Ftags&post=27756"}],"curies":[{"name":"wp","href":"https:\/\/api.w.org\/{rel}","templated":true}]}}