{"id":27693,"date":"2025-09-05T11:06:02","date_gmt":"2025-09-05T10:06:02","guid":{"rendered":"https:\/\/insideamateurfussball-ffm.de\/?p=27693"},"modified":"2025-09-05T11:06:02","modified_gmt":"2025-09-05T10:06:02","slug":"bosnier-muessen-in-karben-erste-niederlage-einstecken","status":"publish","type":"post","link":"https:\/\/insideamateurfussball-ffm.de\/?p=27693","title":{"rendered":"Bosnier m\u00fcssen in Karben erste Niederlage einstecken"},"content":{"rendered":"<h4>Die B\u00e4ume wachsen f\u00fcr den SV Bosnien\/Herzegowina nicht in den Himmel, nach sechs Siegen mussten sich die Bosnier beim FC Karben mit 3:4 geschlagen geben, bleiben aber Tabellenf\u00fchrer.<\/h4>\n<figure id=\"attachment_27467\" aria-describedby=\"caption-attachment-27467\" style=\"width: 892px\" class=\"wp-caption alignnone\"><img loading=\"lazy\" decoding=\"async\" class=\"wp-image-27467 size-full\" src=\"http:\/\/insideamateurfussball-ffm.de\/wp-content\/uploads\/2025\/08\/tguecue-karb-6.jpg\" alt=\"\" width=\"892\" height=\"591\" srcset=\"https:\/\/insideamateurfussball-ffm.de\/wp-content\/uploads\/2025\/08\/tguecue-karb-6.jpg 892w, https:\/\/insideamateurfussball-ffm.de\/wp-content\/uploads\/2025\/08\/tguecue-karb-6-300x199.jpg 300w, https:\/\/insideamateurfussball-ffm.de\/wp-content\/uploads\/2025\/08\/tguecue-karb-6-768x509.jpg 768w\" sizes=\"auto, (max-width: 892px) 100vw, 892px\" \/><figcaption id=\"caption-attachment-27467\" class=\"wp-caption-text\">Die Mannschaft des FC Karben konnte den Tabellenf\u00fchrer besiegen. Foto: Archiv Mithat G\u00fcrser<\/figcaption><\/figure>\n<h4>FC Karben &#8211; SV Bosnien\/Herzegowina 4:3 (1:1)<\/h4>\n<p><img loading=\"lazy\" decoding=\"async\" class=\"alignnone size-full wp-image-2525\" src=\"http:\/\/insideamateurfussball-ffm.de\/wp-content\/uploads\/2022\/09\/karben.jpg\" alt=\"\" width=\"65\" height=\"80\" \/><img loading=\"lazy\" decoding=\"async\" class=\"alignnone size-full wp-image-139\" src=\"http:\/\/insideamateurfussball-ffm.de\/wp-content\/uploads\/2022\/05\/Bosnien.jpg\" alt=\"\" width=\"79\" height=\"80\" \/><\/p>\n<p>Der SV Bosnien\/Herzegowina h\u00e4tte sich durch einen Sieg beim FC Karben in der Tabelle weiter absetzen und einen Konkurrenten distanzieren k\u00f6nnen, am Ende stand aber die erste Niederlage f\u00fcr die Bosnier fest. Bosniens Pressesprecher Admir Malohodzic meinte: \u201ees war ein gebrauchter Abend, wenn man das am Ergebnis sieht. Aber es war ein tolles Spiel zweier guter Mannschaften mit hohem Tempo.\u201c<\/p>\n<p>Der FC Karben legte gut los und ging durch ein Tor von Dorian Music in der 14.Minute mit 1:0 in F\u00fchrung, Amir Derdemez konnte f\u00fcr die G\u00e4ste aber das Spiel bis zur Halbzeit mit seinen beiden Toren in der 26. und der 42.Minute drehen, Malohodzic: \u201enach dem 2:1 zur Halbzeit hatten wir das Gef\u00fchl, dass wir das Spiel im Griff haben, sind aber durch zwei grobe Schnitzer in der zweiten Halbzeit in R\u00fcckstand geraten.\u201c<\/p>\n<p>Emanuel Essome und Veljko Vlahic brachten die Karbener innerhalb von 4 Minuten (53., 56.) wieder mit 3:2 in F\u00fchrung, ehe Derdemez mit seinem 10.Saisontor in der 58.Minute den schnellen 3:3-Ausgleich besorgte. Das letzte Tor in diesem Spiel besorgte dann Moritz Heitefu\u00df in der 64.Minute, das dem FC Karben einen wichtigen Sieg einbrachte, womit die Mannschaft in Sichtweite zur Tabellenspitze mit einem Spiel weniger den f\u00fcnften Tabellenplatz untermauerte.<\/p>\n<p>Admir Malohodzic konstatierte: \u201eWir hatten hinten sehr viele individuelle Fehler, wenn du ausw\u00e4rts drei Tore schie\u00dft, ist das schon mal was, aber wenn du vier kassierst, ist das zu viel. Wir haben die letzten 25 Minuten alles nach vorne geworfen, hatten auch einige Chancen, aber das Tor war wie verhext und der Ball wollte nicht rein. So m\u00fcssen wir mit der ersten Niederlage leben.\u201c<\/p>\n<p>Am n\u00e4chsten Sonntag empfangen die Bosnier dann den \u00fcberraschenden Tabellenletzten, den Verbandsliga-Absteiger SKV Beienheim.<\/p>\n<h4>Schiedsrichter: Tobias Reinhardt (Eintracht Feldberg). Zuschauer: 150.<\/h4>\n<h4>Tore: 1:0 Dorian Music (14.), 1:1Amir Derdemez (26.), 1:2 Amir Derdemez (42.), 2:2 Emanuel Essome (53.), 3:2 Veljko Vlahic (56.), 3:3 Amir Derdemez (58.), 4:3 Moritz Heitefu\u00df (64.)<\/h4>\n","protected":false},"excerpt":{"rendered":"<p>Die B\u00e4ume wachsen f\u00fcr den SV Bosnien\/Herzegowina nicht in den Himmel, nach sechs Siegen mussten sich die Bosnier beim FC Karben mit 3:4 geschlagen geben, bleiben aber Tabellenf\u00fchrer. FC Karben &#8211; SV Bosnien\/Herzegowina 4:3 (1:1) Der SV Bosnien\/Herzegowina h\u00e4tte sich durch einen Sieg beim FC Karben in der Tabelle weiter absetzen und einen Konkurrenten distanzieren [&hellip;]<\/p>\n","protected":false},"author":3,"featured_media":27467,"comment_status":"closed","ping_status":"open","sticky":true,"template":"","format":"standard","meta":{"footnotes":""},"categories":[13],"tags":[],"class_list":["post-27693","post","type-post","status-publish","format-standard","has-post-thumbnail","hentry","category-gruppenliga-frankfurt-west"],"_links":{"self":[{"href":"https:\/\/insideamateurfussball-ffm.de\/index.php?rest_route=\/wp\/v2\/posts\/27693","targetHints":{"allow":["GET"]}}],"collection":[{"href":"https:\/\/insideamateurfussball-ffm.de\/index.php?rest_route=\/wp\/v2\/posts"}],"about":[{"href":"https:\/\/insideamateurfussball-ffm.de\/index.php?rest_route=\/wp\/v2\/types\/post"}],"author":[{"embeddable":true,"href":"https:\/\/insideamateurfussball-ffm.de\/index.php?rest_route=\/wp\/v2\/users\/3"}],"replies":[{"embeddable":true,"href":"https:\/\/insideamateurfussball-ffm.de\/index.php?rest_route=%2Fwp%2Fv2%2Fcomments&post=27693"}],"version-history":[{"count":2,"href":"https:\/\/insideamateurfussball-ffm.de\/index.php?rest_route=\/wp\/v2\/posts\/27693\/revisions"}],"predecessor-version":[{"id":27695,"href":"https:\/\/insideamateurfussball-ffm.de\/index.php?rest_route=\/wp\/v2\/posts\/27693\/revisions\/27695"}],"wp:featuredmedia":[{"embeddable":true,"href":"https:\/\/insideamateurfussball-ffm.de\/index.php?rest_route=\/wp\/v2\/media\/27467"}],"wp:attachment":[{"href":"https:\/\/insideamateurfussball-ffm.de\/index.php?rest_route=%2Fwp%2Fv2%2Fmedia&parent=27693"}],"wp:term":[{"taxonomy":"category","embeddable":true,"href":"https:\/\/insideamateurfussball-ffm.de\/index.php?rest_route=%2Fwp%2Fv2%2Fcategories&post=27693"},{"taxonomy":"post_tag","embeddable":true,"href":"https:\/\/insideamateurfussball-ffm.de\/index.php?rest_route=%2Fwp%2Fv2%2Ftags&post=27693"}],"curies":[{"name":"wp","href":"https:\/\/api.w.org\/{rel}","templated":true}]}}