{"id":27690,"date":"2025-09-05T10:53:09","date_gmt":"2025-09-05T09:53:09","guid":{"rendered":"https:\/\/insideamateurfussball-ffm.de\/?p=27690"},"modified":"2025-09-05T16:49:29","modified_gmt":"2025-09-05T15:49:29","slug":"kalbach-verdient-sich-in-unterzahl-das-22","status":"publish","type":"post","link":"https:\/\/insideamateurfussball-ffm.de\/?p=27690","title":{"rendered":"Kalbach verdient sich in Unterzahl das 2:2"},"content":{"rendered":"<h4>Der FC Kalbach kam im Stadtduell gegen die SG Bornheim trotz 40-min\u00fctiger Unterzahl zu einem 2:2-Unentschieden und erk\u00e4mpfte sich verdient einen weiteren wichtigen Punkt.<\/h4>\n<figure id=\"attachment_27703\" aria-describedby=\"caption-attachment-27703\" style=\"width: 2560px\" class=\"wp-caption alignnone\"><img loading=\"lazy\" decoding=\"async\" class=\"wp-image-27703 size-full\" src=\"http:\/\/insideamateurfussball-ffm.de\/wp-content\/uploads\/2025\/09\/FCKalbach-SGB_250904-61-scaled.jpg\" alt=\"\" width=\"2560\" height=\"1707\" srcset=\"https:\/\/insideamateurfussball-ffm.de\/wp-content\/uploads\/2025\/09\/FCKalbach-SGB_250904-61-scaled.jpg 2560w, https:\/\/insideamateurfussball-ffm.de\/wp-content\/uploads\/2025\/09\/FCKalbach-SGB_250904-61-300x200.jpg 300w, https:\/\/insideamateurfussball-ffm.de\/wp-content\/uploads\/2025\/09\/FCKalbach-SGB_250904-61-1024x683.jpg 1024w, https:\/\/insideamateurfussball-ffm.de\/wp-content\/uploads\/2025\/09\/FCKalbach-SGB_250904-61-768x512.jpg 768w, https:\/\/insideamateurfussball-ffm.de\/wp-content\/uploads\/2025\/09\/FCKalbach-SGB_250904-61-1536x1024.jpg 1536w, https:\/\/insideamateurfussball-ffm.de\/wp-content\/uploads\/2025\/09\/FCKalbach-SGB_250904-61-2048x1365.jpg 2048w\" sizes=\"auto, (max-width: 2560px) 100vw, 2560px\" \/><figcaption id=\"caption-attachment-27703\" class=\"wp-caption-text\">Beide Mannschaften vor dem Stadtduell, noch ohne Regen. Foto: Andre Sturmeit<\/figcaption><\/figure>\n<h4>FC Kalbach &#8211; SG Bornheim 2:2 (1:1)<\/h4>\n<p><img loading=\"lazy\" decoding=\"async\" class=\"alignnone size-full wp-image-16\" src=\"http:\/\/insideamateurfussball-ffm.de\/wp-content\/uploads\/2021\/11\/kalbach-wappen.jpg\" alt=\"\" width=\"80\" height=\"80\" \/><img loading=\"lazy\" decoding=\"async\" class=\"alignnone size-full wp-image-119\" src=\"http:\/\/insideamateurfussball-ffm.de\/wp-content\/uploads\/2022\/05\/Bornheim.jpg\" alt=\"\" width=\"80\" height=\"80\" \/><\/p>\n<p>Der FC Kalbach empfing am Donnerstagabend zum Stadtduell die SG Bornheim, beide Mannschaften mussten im Spiel auf einige wichtige Spieler verzichten, es entwickelte sich ein munteres Spiel. Die Kalbacher gingen durch ein Tor von Nikolaos Savoulidis in der 5.Minute mit 1:0 in F\u00fchrung, doch es dauerte keine 60 Sekunden, ehe Lukas Knell f\u00fcr die Bornheimer bereits ausgleichen konnte. Die G\u00e4ste wurden immer wieder gef\u00e4hrlich, wenn sie durch einen Ballgewinn in der eigenen H\u00e4lfte schnell \u00fcber ihre Au\u00dfen kontern konnten. Zwei Gro\u00dfchancen lie\u00dfen die Bornheimer liegen, als Luan Bequiri frei vor dem Torwart \u00fcber das Tor schoss und Bilal Zerouali aus 18 Metern nur die Latte traf.<\/p>\n<p>In der 37.Minute leistete sich Kalbachs Konstantin Marko Petrovic eine dumme Aktion, bereits mit Gelb vorbelastet warf er den Ball nach dem Pfiff f\u00fcr einen Bornheimer Einwurf weg und erhielt postwendend die gelb-rote Karte. Bis zur Halbzeit ergaben sich kaum weiteren Chancen auf beiden Seiten. Nach der Pause dominierten die Bornheimer die ersten 10 Minuten, in der 53.Minute trieb Taha Azaitouni das Leder nach einem Ballgewinn \u00fcber das gesamte Feld und passte auf Knell, der mit einem satten Schuss die 2:1-F\u00fchrung f\u00fcr die G\u00e4ste herstellte. Danach setzte der gro\u00dfe Regen ein, der das Spielfeld noch rutschiger machte, und die Bornheimer Herrlichkeit war auf einmal vorbei.<\/p>\n<p>In Unterzahl dominierte Kalbach jetzt das Spiel und dr\u00fcckte auf das Tor der G\u00e4ste, in der 68.Minute erhielten die Gastgeber einen Foulelfmeter, als nach einer Ecke ein Kalbacher Spieler zu Boden gegangen war. Der gerade erst zuvor eingewechselte Lennard Marschik scheiterte am gut reagierenden Gianluca Colombo, der Abpraller wurde zur Ecke abgewehrt. Aus dem folgenden Eckball resultierte dann der Ausgleich, der Ball landete bei Nassim Fallah, der aus der Drehung das 2:2 erzielte. In der 78.Minute herrschte dann auf dem Platz Spielergleichzahl, der Bornheimer Bilal Zerouali, der drei Minuten zuvor wegen Meckerns die gelbe Karte erhalten hatte, schimpfte erneut \u00fcber eine Schiedsrichterentscheidung und musste auch mit gelb-rot den Platz verlassen. Gegen Ende des Spiels lie\u00df dann der Regen etwas nach, Kalbach dr\u00fcckte weiter und hatte in der Nachspielzeit noch die Riesenchance zum Lucky Punch, doch Marschik schoss freistehend \u00fcber das Tor, so blieb es beim 2:2.<\/p>\n<p>Kalbachs Vorstandsmitglied Manni Meyer zum Unentschieden: \u201eHochachtung an die Mannschaft von Kalbach, nach dem Schlag zum 1:2 war das mit 10 Mann eigentlich schon gegessen, aber was die Mannschaft in dem Moment l\u00e4uferisch und auch spielerisch gezeigt hat, alle Achtung. Ich w\u00fcrde sagen, wir hatten sogar mehr Akzente vor dem Tor und wir h\u00e4tten sogar noch das 3:2 schie\u00dfen k\u00f6nnen, aber alles in allem war das ein ganz wildes Spiel, wo es hin- und herging, da war keine Koordination drin. Trotzdem, mit dem Kampf und dem Einsatz, den Kalbach gezeigt hat, bin ich sehr zufrieden und somit ist die Punkteteilung auch gerecht.\u201c<\/p>\n<p>Bornheims Trainer Taner Yalcin war nach dem Spiel unzufrieden und wurde deutlich: \u201cich glaube, die ersten sechs Minuten haben wir verschlafen, wir wussten, was uns erwartet, dass es ein wildes Spiel wird auf dem schwierigen Platz. Dann schlagen wir mit dem 1:1 zur\u00fcck und es l\u00e4uft alles in unsere Richtung, schie\u00dfen das 2:1 und der Gegner ist zu zehnt. Dann setzt dieses Wetter ein, was einen Bruch ins Spiel brachte, und dann spielen wir es einfach richtig schlecht. Wir treffen falsche Entscheidungen und spielen nicht mehr unser Spiel, sind hinten unsicher und laden den Gegner ein. Der Gegner hat dann verdient das 2:2 geschossen und hatte hinten heraus die klareren Torchancen, wir k\u00f6nnen gl\u00fccklich sein, dass wir hier heute einen Punkt mitnehmen. Es fehlen halt immer wieder viele Spieler, ansonsten m\u00fcssen wir am Dienstag endlich in die Saison starten.\u201c<\/p>\n<p>Der FC Kalbach empf\u00e4ngt am Sonntag Aufsteiger SG Langstadt\/Babenhausen zum n\u00e4chsten Heimspiel, w\u00e4hrend die SG Bornheim spielfrei ist.<\/p>\n<h4>Schiedsrichter: Gahis Safi (TuS Ober-W\u00f6llstadt). Zuschauer: 118.<\/h4>\n<h4>Tore: 1:0 Nikolaos Savoulidis (5.), 1:1 Lukas Knell (5.), 1:2 Lukas Knell (53.), 2:2 Nassim Fallah (70.)<\/h4>\n<blockquote>\n<h4>Aktuelle Bilder vom Fotografen Andre Sturmeit, vielen Dank.<\/h4>\n<\/blockquote>\n\n\n<figure class=\"wp-block-image size-large\"><img loading=\"lazy\" decoding=\"async\" width=\"1024\" height=\"683\" src=\"http:\/\/insideamateurfussball-ffm.de\/wp-content\/uploads\/2025\/09\/FCKalbach-SGB_250904-15-1024x683.jpg\" alt=\"\" class=\"wp-image-27700\" srcset=\"https:\/\/insideamateurfussball-ffm.de\/wp-content\/uploads\/2025\/09\/FCKalbach-SGB_250904-15-1024x683.jpg 1024w, https:\/\/insideamateurfussball-ffm.de\/wp-content\/uploads\/2025\/09\/FCKalbach-SGB_250904-15-300x200.jpg 300w, https:\/\/insideamateurfussball-ffm.de\/wp-content\/uploads\/2025\/09\/FCKalbach-SGB_250904-15-768x512.jpg 768w, https:\/\/insideamateurfussball-ffm.de\/wp-content\/uploads\/2025\/09\/FCKalbach-SGB_250904-15-1536x1024.jpg 1536w, https:\/\/insideamateurfussball-ffm.de\/wp-content\/uploads\/2025\/09\/FCKalbach-SGB_250904-15-2048x1365.jpg 2048w\" sizes=\"auto, (max-width: 1024px) 100vw, 1024px\" \/><\/figure>\n\n\n\n<figure class=\"wp-block-image size-large\"><img loading=\"lazy\" decoding=\"async\" width=\"1024\" height=\"683\" src=\"http:\/\/insideamateurfussball-ffm.de\/wp-content\/uploads\/2025\/09\/FCKalbach-SGB_250904-23-1024x683.jpg\" alt=\"\" class=\"wp-image-27701\" srcset=\"https:\/\/insideamateurfussball-ffm.de\/wp-content\/uploads\/2025\/09\/FCKalbach-SGB_250904-23-1024x683.jpg 1024w, https:\/\/insideamateurfussball-ffm.de\/wp-content\/uploads\/2025\/09\/FCKalbach-SGB_250904-23-300x200.jpg 300w, https:\/\/insideamateurfussball-ffm.de\/wp-content\/uploads\/2025\/09\/FCKalbach-SGB_250904-23-768x512.jpg 768w, https:\/\/insideamateurfussball-ffm.de\/wp-content\/uploads\/2025\/09\/FCKalbach-SGB_250904-23-1536x1024.jpg 1536w, https:\/\/insideamateurfussball-ffm.de\/wp-content\/uploads\/2025\/09\/FCKalbach-SGB_250904-23-2048x1365.jpg 2048w\" sizes=\"auto, (max-width: 1024px) 100vw, 1024px\" \/><\/figure>\n\n\n\n<figure class=\"wp-block-image size-large\"><img loading=\"lazy\" decoding=\"async\" width=\"1024\" height=\"683\" src=\"http:\/\/insideamateurfussball-ffm.de\/wp-content\/uploads\/2025\/09\/FCKalbach-SGB_250904-40-1024x683.jpg\" alt=\"\" class=\"wp-image-27702\" srcset=\"https:\/\/insideamateurfussball-ffm.de\/wp-content\/uploads\/2025\/09\/FCKalbach-SGB_250904-40-1024x683.jpg 1024w, https:\/\/insideamateurfussball-ffm.de\/wp-content\/uploads\/2025\/09\/FCKalbach-SGB_250904-40-300x200.jpg 300w, https:\/\/insideamateurfussball-ffm.de\/wp-content\/uploads\/2025\/09\/FCKalbach-SGB_250904-40-768x512.jpg 768w, https:\/\/insideamateurfussball-ffm.de\/wp-content\/uploads\/2025\/09\/FCKalbach-SGB_250904-40-1536x1024.jpg 1536w, https:\/\/insideamateurfussball-ffm.de\/wp-content\/uploads\/2025\/09\/FCKalbach-SGB_250904-40-2048x1365.jpg 2048w\" sizes=\"auto, (max-width: 1024px) 100vw, 1024px\" \/><\/figure>\n\n\n\n<figure class=\"wp-block-image size-large\"><img loading=\"lazy\" decoding=\"async\" width=\"1024\" height=\"683\" src=\"http:\/\/insideamateurfussball-ffm.de\/wp-content\/uploads\/2025\/09\/FCKalbach-SGB_250904-79-1024x683.jpg\" alt=\"\" class=\"wp-image-27704\" srcset=\"https:\/\/insideamateurfussball-ffm.de\/wp-content\/uploads\/2025\/09\/FCKalbach-SGB_250904-79-1024x683.jpg 1024w, https:\/\/insideamateurfussball-ffm.de\/wp-content\/uploads\/2025\/09\/FCKalbach-SGB_250904-79-300x200.jpg 300w, https:\/\/insideamateurfussball-ffm.de\/wp-content\/uploads\/2025\/09\/FCKalbach-SGB_250904-79-768x512.jpg 768w, https:\/\/insideamateurfussball-ffm.de\/wp-content\/uploads\/2025\/09\/FCKalbach-SGB_250904-79-1536x1024.jpg 1536w, https:\/\/insideamateurfussball-ffm.de\/wp-content\/uploads\/2025\/09\/FCKalbach-SGB_250904-79-2048x1365.jpg 2048w\" sizes=\"auto, (max-width: 1024px) 100vw, 1024px\" \/><\/figure>\n\n\n\n<figure class=\"wp-block-image size-large\"><img loading=\"lazy\" decoding=\"async\" width=\"1024\" height=\"683\" src=\"http:\/\/insideamateurfussball-ffm.de\/wp-content\/uploads\/2025\/09\/FCKalbach-SGB_250904-89-1024x683.jpg\" alt=\"\" class=\"wp-image-27705\" srcset=\"https:\/\/insideamateurfussball-ffm.de\/wp-content\/uploads\/2025\/09\/FCKalbach-SGB_250904-89-1024x683.jpg 1024w, https:\/\/insideamateurfussball-ffm.de\/wp-content\/uploads\/2025\/09\/FCKalbach-SGB_250904-89-300x200.jpg 300w, https:\/\/insideamateurfussball-ffm.de\/wp-content\/uploads\/2025\/09\/FCKalbach-SGB_250904-89-768x512.jpg 768w, https:\/\/insideamateurfussball-ffm.de\/wp-content\/uploads\/2025\/09\/FCKalbach-SGB_250904-89-1536x1024.jpg 1536w, https:\/\/insideamateurfussball-ffm.de\/wp-content\/uploads\/2025\/09\/FCKalbach-SGB_250904-89-2048x1365.jpg 2048w\" sizes=\"auto, (max-width: 1024px) 100vw, 1024px\" \/><\/figure>\n\n\n\n<figure class=\"wp-block-image size-large\"><img loading=\"lazy\" decoding=\"async\" width=\"1024\" height=\"683\" src=\"http:\/\/insideamateurfussball-ffm.de\/wp-content\/uploads\/2025\/09\/FCKalbach-SGB_250904-115-1024x683.jpg\" alt=\"\" class=\"wp-image-27706\" srcset=\"https:\/\/insideamateurfussball-ffm.de\/wp-content\/uploads\/2025\/09\/FCKalbach-SGB_250904-115-1024x683.jpg 1024w, https:\/\/insideamateurfussball-ffm.de\/wp-content\/uploads\/2025\/09\/FCKalbach-SGB_250904-115-300x200.jpg 300w, https:\/\/insideamateurfussball-ffm.de\/wp-content\/uploads\/2025\/09\/FCKalbach-SGB_250904-115-768x512.jpg 768w, https:\/\/insideamateurfussball-ffm.de\/wp-content\/uploads\/2025\/09\/FCKalbach-SGB_250904-115-1536x1024.jpg 1536w, https:\/\/insideamateurfussball-ffm.de\/wp-content\/uploads\/2025\/09\/FCKalbach-SGB_250904-115-2048x1365.jpg 2048w\" sizes=\"auto, (max-width: 1024px) 100vw, 1024px\" \/><\/figure>\n\n\n\n<figure class=\"wp-block-image size-large\"><img loading=\"lazy\" decoding=\"async\" width=\"1024\" height=\"683\" src=\"http:\/\/insideamateurfussball-ffm.de\/wp-content\/uploads\/2025\/09\/FCKalbach-SGB_250904-130-1024x683.jpg\" alt=\"\" class=\"wp-image-27708\" srcset=\"https:\/\/insideamateurfussball-ffm.de\/wp-content\/uploads\/2025\/09\/FCKalbach-SGB_250904-130-1024x683.jpg 1024w, https:\/\/insideamateurfussball-ffm.de\/wp-content\/uploads\/2025\/09\/FCKalbach-SGB_250904-130-300x200.jpg 300w, https:\/\/insideamateurfussball-ffm.de\/wp-content\/uploads\/2025\/09\/FCKalbach-SGB_250904-130-768x512.jpg 768w, https:\/\/insideamateurfussball-ffm.de\/wp-content\/uploads\/2025\/09\/FCKalbach-SGB_250904-130-1536x1024.jpg 1536w, https:\/\/insideamateurfussball-ffm.de\/wp-content\/uploads\/2025\/09\/FCKalbach-SGB_250904-130-2048x1365.jpg 2048w\" sizes=\"auto, (max-width: 1024px) 100vw, 1024px\" \/><\/figure>\n\n\n\n<figure class=\"wp-block-image size-large\"><img loading=\"lazy\" decoding=\"async\" width=\"1024\" height=\"683\" src=\"http:\/\/insideamateurfussball-ffm.de\/wp-content\/uploads\/2025\/09\/FCKalbach-SGB_250904-161-1024x683.jpg\" alt=\"\" class=\"wp-image-27709\" srcset=\"https:\/\/insideamateurfussball-ffm.de\/wp-content\/uploads\/2025\/09\/FCKalbach-SGB_250904-161-1024x683.jpg 1024w, https:\/\/insideamateurfussball-ffm.de\/wp-content\/uploads\/2025\/09\/FCKalbach-SGB_250904-161-300x200.jpg 300w, https:\/\/insideamateurfussball-ffm.de\/wp-content\/uploads\/2025\/09\/FCKalbach-SGB_250904-161-768x512.jpg 768w, https:\/\/insideamateurfussball-ffm.de\/wp-content\/uploads\/2025\/09\/FCKalbach-SGB_250904-161-1536x1024.jpg 1536w, https:\/\/insideamateurfussball-ffm.de\/wp-content\/uploads\/2025\/09\/FCKalbach-SGB_250904-161-2048x1365.jpg 2048w\" sizes=\"auto, (max-width: 1024px) 100vw, 1024px\" \/><\/figure>\n\n\n\n<figure class=\"wp-block-image size-large\"><img loading=\"lazy\" decoding=\"async\" width=\"1024\" height=\"683\" src=\"http:\/\/insideamateurfussball-ffm.de\/wp-content\/uploads\/2025\/09\/FCKalbach-SGB_250904-178-1024x683.jpg\" alt=\"\" class=\"wp-image-27710\" srcset=\"https:\/\/insideamateurfussball-ffm.de\/wp-content\/uploads\/2025\/09\/FCKalbach-SGB_250904-178-1024x683.jpg 1024w, https:\/\/insideamateurfussball-ffm.de\/wp-content\/uploads\/2025\/09\/FCKalbach-SGB_250904-178-300x200.jpg 300w, https:\/\/insideamateurfussball-ffm.de\/wp-content\/uploads\/2025\/09\/FCKalbach-SGB_250904-178-768x512.jpg 768w, https:\/\/insideamateurfussball-ffm.de\/wp-content\/uploads\/2025\/09\/FCKalbach-SGB_250904-178-1536x1024.jpg 1536w, https:\/\/insideamateurfussball-ffm.de\/wp-content\/uploads\/2025\/09\/FCKalbach-SGB_250904-178-2048x1365.jpg 2048w\" sizes=\"auto, (max-width: 1024px) 100vw, 1024px\" \/><\/figure>\n\n\n\n<figure class=\"wp-block-image size-large\"><img loading=\"lazy\" decoding=\"async\" width=\"1024\" height=\"683\" src=\"http:\/\/insideamateurfussball-ffm.de\/wp-content\/uploads\/2025\/09\/FCKalbach-SGB_250904-197-1024x683.jpg\" alt=\"\" class=\"wp-image-27711\" srcset=\"https:\/\/insideamateurfussball-ffm.de\/wp-content\/uploads\/2025\/09\/FCKalbach-SGB_250904-197-1024x683.jpg 1024w, https:\/\/insideamateurfussball-ffm.de\/wp-content\/uploads\/2025\/09\/FCKalbach-SGB_250904-197-300x200.jpg 300w, https:\/\/insideamateurfussball-ffm.de\/wp-content\/uploads\/2025\/09\/FCKalbach-SGB_250904-197-768x512.jpg 768w, https:\/\/insideamateurfussball-ffm.de\/wp-content\/uploads\/2025\/09\/FCKalbach-SGB_250904-197-1536x1024.jpg 1536w, https:\/\/insideamateurfussball-ffm.de\/wp-content\/uploads\/2025\/09\/FCKalbach-SGB_250904-197-2048x1365.jpg 2048w\" sizes=\"auto, (max-width: 1024px) 100vw, 1024px\" \/><\/figure>\n\n\n\n<figure class=\"wp-block-image size-large\"><img loading=\"lazy\" decoding=\"async\" width=\"1024\" height=\"683\" src=\"http:\/\/insideamateurfussball-ffm.de\/wp-content\/uploads\/2025\/09\/FCKalbach-SGB_250904-247-1024x683.jpg\" alt=\"\" class=\"wp-image-27712\" srcset=\"https:\/\/insideamateurfussball-ffm.de\/wp-content\/uploads\/2025\/09\/FCKalbach-SGB_250904-247-1024x683.jpg 1024w, https:\/\/insideamateurfussball-ffm.de\/wp-content\/uploads\/2025\/09\/FCKalbach-SGB_250904-247-300x200.jpg 300w, https:\/\/insideamateurfussball-ffm.de\/wp-content\/uploads\/2025\/09\/FCKalbach-SGB_250904-247-768x512.jpg 768w, https:\/\/insideamateurfussball-ffm.de\/wp-content\/uploads\/2025\/09\/FCKalbach-SGB_250904-247-1536x1024.jpg 1536w, https:\/\/insideamateurfussball-ffm.de\/wp-content\/uploads\/2025\/09\/FCKalbach-SGB_250904-247-2048x1365.jpg 2048w\" sizes=\"auto, (max-width: 1024px) 100vw, 1024px\" \/><\/figure>\n\n\n\n<figure class=\"wp-block-image size-large\"><img loading=\"lazy\" decoding=\"async\" width=\"1024\" height=\"683\" src=\"http:\/\/insideamateurfussball-ffm.de\/wp-content\/uploads\/2025\/09\/FCKalbach-SGB_250904-251-1024x683.jpg\" alt=\"\" class=\"wp-image-27713\" srcset=\"https:\/\/insideamateurfussball-ffm.de\/wp-content\/uploads\/2025\/09\/FCKalbach-SGB_250904-251-1024x683.jpg 1024w, https:\/\/insideamateurfussball-ffm.de\/wp-content\/uploads\/2025\/09\/FCKalbach-SGB_250904-251-300x200.jpg 300w, https:\/\/insideamateurfussball-ffm.de\/wp-content\/uploads\/2025\/09\/FCKalbach-SGB_250904-251-768x512.jpg 768w, https:\/\/insideamateurfussball-ffm.de\/wp-content\/uploads\/2025\/09\/FCKalbach-SGB_250904-251-1536x1024.jpg 1536w, https:\/\/insideamateurfussball-ffm.de\/wp-content\/uploads\/2025\/09\/FCKalbach-SGB_250904-251-2048x1365.jpg 2048w\" sizes=\"auto, (max-width: 1024px) 100vw, 1024px\" \/><\/figure>\n\n\n\n<figure class=\"wp-block-image size-large\"><img loading=\"lazy\" decoding=\"async\" width=\"1024\" height=\"683\" src=\"http:\/\/insideamateurfussball-ffm.de\/wp-content\/uploads\/2025\/09\/FCKalbach-SGB_250904-261-1024x683.jpg\" alt=\"\" class=\"wp-image-27714\" srcset=\"https:\/\/insideamateurfussball-ffm.de\/wp-content\/uploads\/2025\/09\/FCKalbach-SGB_250904-261-1024x683.jpg 1024w, https:\/\/insideamateurfussball-ffm.de\/wp-content\/uploads\/2025\/09\/FCKalbach-SGB_250904-261-300x200.jpg 300w, https:\/\/insideamateurfussball-ffm.de\/wp-content\/uploads\/2025\/09\/FCKalbach-SGB_250904-261-768x512.jpg 768w, https:\/\/insideamateurfussball-ffm.de\/wp-content\/uploads\/2025\/09\/FCKalbach-SGB_250904-261-1536x1024.jpg 1536w, https:\/\/insideamateurfussball-ffm.de\/wp-content\/uploads\/2025\/09\/FCKalbach-SGB_250904-261-2048x1365.jpg 2048w\" sizes=\"auto, (max-width: 1024px) 100vw, 1024px\" \/><\/figure>\n\n\n\n<figure class=\"wp-block-image size-large\"><img loading=\"lazy\" decoding=\"async\" width=\"1024\" height=\"683\" src=\"http:\/\/insideamateurfussball-ffm.de\/wp-content\/uploads\/2025\/09\/FCKalbach-SGB_250904-305-1024x683.jpg\" alt=\"\" class=\"wp-image-27715\" srcset=\"https:\/\/insideamateurfussball-ffm.de\/wp-content\/uploads\/2025\/09\/FCKalbach-SGB_250904-305-1024x683.jpg 1024w, https:\/\/insideamateurfussball-ffm.de\/wp-content\/uploads\/2025\/09\/FCKalbach-SGB_250904-305-300x200.jpg 300w, https:\/\/insideamateurfussball-ffm.de\/wp-content\/uploads\/2025\/09\/FCKalbach-SGB_250904-305-768x512.jpg 768w, https:\/\/insideamateurfussball-ffm.de\/wp-content\/uploads\/2025\/09\/FCKalbach-SGB_250904-305-1536x1024.jpg 1536w, https:\/\/insideamateurfussball-ffm.de\/wp-content\/uploads\/2025\/09\/FCKalbach-SGB_250904-305-2048x1365.jpg 2048w\" sizes=\"auto, (max-width: 1024px) 100vw, 1024px\" \/><\/figure>\n\n\n\n<figure class=\"wp-block-image size-large\"><img loading=\"lazy\" decoding=\"async\" width=\"1024\" height=\"683\" src=\"http:\/\/insideamateurfussball-ffm.de\/wp-content\/uploads\/2025\/09\/FCKalbach-SGB_250904-312-1024x683.jpg\" alt=\"\" class=\"wp-image-27716\" srcset=\"https:\/\/insideamateurfussball-ffm.de\/wp-content\/uploads\/2025\/09\/FCKalbach-SGB_250904-312-1024x683.jpg 1024w, https:\/\/insideamateurfussball-ffm.de\/wp-content\/uploads\/2025\/09\/FCKalbach-SGB_250904-312-300x200.jpg 300w, https:\/\/insideamateurfussball-ffm.de\/wp-content\/uploads\/2025\/09\/FCKalbach-SGB_250904-312-768x512.jpg 768w, https:\/\/insideamateurfussball-ffm.de\/wp-content\/uploads\/2025\/09\/FCKalbach-SGB_250904-312-1536x1024.jpg 1536w, https:\/\/insideamateurfussball-ffm.de\/wp-content\/uploads\/2025\/09\/FCKalbach-SGB_250904-312-2048x1365.jpg 2048w\" sizes=\"auto, (max-width: 1024px) 100vw, 1024px\" \/><\/figure>\n\n\n\n<figure class=\"wp-block-image size-large\"><img loading=\"lazy\" decoding=\"async\" width=\"1024\" height=\"683\" src=\"http:\/\/insideamateurfussball-ffm.de\/wp-content\/uploads\/2025\/09\/FCKalbach-SGB_250904-318-1024x683.jpg\" alt=\"\" class=\"wp-image-27717\" srcset=\"https:\/\/insideamateurfussball-ffm.de\/wp-content\/uploads\/2025\/09\/FCKalbach-SGB_250904-318-1024x683.jpg 1024w, https:\/\/insideamateurfussball-ffm.de\/wp-content\/uploads\/2025\/09\/FCKalbach-SGB_250904-318-300x200.jpg 300w, https:\/\/insideamateurfussball-ffm.de\/wp-content\/uploads\/2025\/09\/FCKalbach-SGB_250904-318-768x512.jpg 768w, https:\/\/insideamateurfussball-ffm.de\/wp-content\/uploads\/2025\/09\/FCKalbach-SGB_250904-318-1536x1024.jpg 1536w, https:\/\/insideamateurfussball-ffm.de\/wp-content\/uploads\/2025\/09\/FCKalbach-SGB_250904-318-2048x1365.jpg 2048w\" sizes=\"auto, (max-width: 1024px) 100vw, 1024px\" \/><\/figure>\n\n\n\n<figure class=\"wp-block-image size-large\"><img loading=\"lazy\" decoding=\"async\" width=\"1024\" height=\"683\" src=\"http:\/\/insideamateurfussball-ffm.de\/wp-content\/uploads\/2025\/09\/FCKalbach-SGB_250904-331-1024x683.jpg\" alt=\"\" class=\"wp-image-27718\" srcset=\"https:\/\/insideamateurfussball-ffm.de\/wp-content\/uploads\/2025\/09\/FCKalbach-SGB_250904-331-1024x683.jpg 1024w, https:\/\/insideamateurfussball-ffm.de\/wp-content\/uploads\/2025\/09\/FCKalbach-SGB_250904-331-300x200.jpg 300w, https:\/\/insideamateurfussball-ffm.de\/wp-content\/uploads\/2025\/09\/FCKalbach-SGB_250904-331-768x512.jpg 768w, https:\/\/insideamateurfussball-ffm.de\/wp-content\/uploads\/2025\/09\/FCKalbach-SGB_250904-331-1536x1024.jpg 1536w, https:\/\/insideamateurfussball-ffm.de\/wp-content\/uploads\/2025\/09\/FCKalbach-SGB_250904-331-2048x1365.jpg 2048w\" sizes=\"auto, (max-width: 1024px) 100vw, 1024px\" \/><\/figure>\n","protected":false},"excerpt":{"rendered":"<p>Der FC Kalbach kam im Stadtduell gegen die SG Bornheim trotz 40-min\u00fctiger Unterzahl zu einem 2:2-Unentschieden und erk\u00e4mpfte sich verdient einen weiteren wichtigen Punkt. FC Kalbach &#8211; SG Bornheim 2:2 (1:1) Der FC Kalbach empfing am Donnerstagabend zum Stadtduell die SG Bornheim, beide Mannschaften mussten im Spiel auf einige wichtige Spieler verzichten, es entwickelte sich [&hellip;]<\/p>\n","protected":false},"author":3,"featured_media":27703,"comment_status":"closed","ping_status":"open","sticky":true,"template":"","format":"standard","meta":{"footnotes":""},"categories":[10],"tags":[],"class_list":["post-27690","post","type-post","status-publish","format-standard","has-post-thumbnail","hentry","category-verbandsliga-sued"],"_links":{"self":[{"href":"https:\/\/insideamateurfussball-ffm.de\/index.php?rest_route=\/wp\/v2\/posts\/27690","targetHints":{"allow":["GET"]}}],"collection":[{"href":"https:\/\/insideamateurfussball-ffm.de\/index.php?rest_route=\/wp\/v2\/posts"}],"about":[{"href":"https:\/\/insideamateurfussball-ffm.de\/index.php?rest_route=\/wp\/v2\/types\/post"}],"author":[{"embeddable":true,"href":"https:\/\/insideamateurfussball-ffm.de\/index.php?rest_route=\/wp\/v2\/users\/3"}],"replies":[{"embeddable":true,"href":"https:\/\/insideamateurfussball-ffm.de\/index.php?rest_route=%2Fwp%2Fv2%2Fcomments&post=27690"}],"version-history":[{"count":5,"href":"https:\/\/insideamateurfussball-ffm.de\/index.php?rest_route=\/wp\/v2\/posts\/27690\/revisions"}],"predecessor-version":[{"id":27720,"href":"https:\/\/insideamateurfussball-ffm.de\/index.php?rest_route=\/wp\/v2\/posts\/27690\/revisions\/27720"}],"wp:featuredmedia":[{"embeddable":true,"href":"https:\/\/insideamateurfussball-ffm.de\/index.php?rest_route=\/wp\/v2\/media\/27703"}],"wp:attachment":[{"href":"https:\/\/insideamateurfussball-ffm.de\/index.php?rest_route=%2Fwp%2Fv2%2Fmedia&parent=27690"}],"wp:term":[{"taxonomy":"category","embeddable":true,"href":"https:\/\/insideamateurfussball-ffm.de\/index.php?rest_route=%2Fwp%2Fv2%2Fcategories&post=27690"},{"taxonomy":"post_tag","embeddable":true,"href":"https:\/\/insideamateurfussball-ffm.de\/index.php?rest_route=%2Fwp%2Fv2%2Ftags&post=27690"}],"curies":[{"name":"wp","href":"https:\/\/api.w.org\/{rel}","templated":true}]}}