{"id":27676,"date":"2025-09-04T14:14:44","date_gmt":"2025-09-04T13:14:44","guid":{"rendered":"https:\/\/insideamateurfussball-ffm.de\/?p=27676"},"modified":"2025-09-04T14:14:44","modified_gmt":"2025-09-04T13:14:44","slug":"fechenheim-kommt-auch-gegen-tempo-nicht-in-fahrt","status":"publish","type":"post","link":"https:\/\/insideamateurfussball-ffm.de\/?p=27676","title":{"rendered":"Fechenheim kommt auch gegen Tempo nicht in Fahrt"},"content":{"rendered":"<h4>Die Spvgg. 03 Fechenheim kann nicht mehr gewinnen, gegen den FC Tempo, der weiterhin ungeschlagen bleibt und einen sehr guten Saisonstart hinlegte, verlor man mit 2:4 und liegt jetzt mit 6 Punkten nach 6 Spielen in der unteren H\u00e4lfte der Tabelle.<\/h4>\n<figure id=\"attachment_27562\" aria-describedby=\"caption-attachment-27562\" style=\"width: 888px\" class=\"wp-caption alignnone\"><img loading=\"lazy\" decoding=\"async\" class=\"wp-image-27562 size-full\" src=\"http:\/\/insideamateurfussball-ffm.de\/wp-content\/uploads\/2025\/09\/temp-ober-1.jpg\" alt=\"\" width=\"888\" height=\"591\" srcset=\"https:\/\/insideamateurfussball-ffm.de\/wp-content\/uploads\/2025\/09\/temp-ober-1.jpg 888w, https:\/\/insideamateurfussball-ffm.de\/wp-content\/uploads\/2025\/09\/temp-ober-1-300x200.jpg 300w, https:\/\/insideamateurfussball-ffm.de\/wp-content\/uploads\/2025\/09\/temp-ober-1-768x511.jpg 768w\" sizes=\"auto, (max-width: 888px) 100vw, 888px\" \/><figcaption id=\"caption-attachment-27562\" class=\"wp-caption-text\">Die Mannschaft des FC Tempo bleibt auch nach 7 Spielen ungeschlagen. Foto: Archiv Mithat G\u00fcrser<\/figcaption><\/figure>\n<h4>Spvgg. 03 Fechenheim &#8211; FC Tempo 2:4 (1:2)<\/h4>\n<p><img loading=\"lazy\" decoding=\"async\" class=\"alignnone size-full wp-image-603\" src=\"http:\/\/insideamateurfussball-ffm.de\/wp-content\/uploads\/2022\/06\/Fech03.jpg\" alt=\"\" width=\"52\" height=\"80\" \/><img loading=\"lazy\" decoding=\"async\" class=\"alignnone size-full wp-image-31\" src=\"http:\/\/insideamateurfussball-ffm.de\/wp-content\/uploads\/2021\/11\/Tempo.jpg\" alt=\"\" width=\"80\" height=\"80\" \/><\/p>\n<p>Die Spvgg. 03 Fechenheim rutscht in der Tabelle weiter ab und verlor das zweite Spiel in Folge, zus\u00e4tzlich schied man in der ersten Runde des Kreispokals beim Kreisoberligisten GSU Hellas nach Elfmeterschie\u00dfen aus. Der FC Tempo hingegen konnte nach drei 0:0-Unentschieden in Folge wieder Tore schie\u00dfen und bleibt in dieser Saison weiter ungeschlagen und schiebt sich in der Tabelle vorerst auf Platz 3.<\/p>\n<p>Die G\u00e4ste vom FC Tempo fingen in der ersten Halbzeit gut an und gingen durch ein Tor von Aleksa Antanasovic in der 17.Minute mit 1:0 in F\u00fchrung, dem Tor ging ein Fehlpass der Fechenheimer voraus. Durch ein Freisto\u00dftor von Felix Casalino, dessen Ball im Winkel einschlug, kamen die Gastgeber in der 27.Minute zum Ausgleich, doch noch vor der Pause erh\u00f6hten die G\u00e4ste in der 40.Minute durch Nikola Dokovic zum Halbzeitstand von 1:2. Die zweite H\u00e4lfte begann wie die erste, erneut war Aleksa Atanadovic zur Stelle und erh\u00f6hte auf 3:1, dann passierte eine ganze Weile nichts mehr, ehe es zum Ende der Partie noch kurz spannend wurde.<\/p>\n<p>In der 85.Minute konnte Ali Wardak f\u00fcr Fechenheim auf 2:3 verk\u00fcrzen, doch nur eine Minute sp\u00e4ter stelle Obiorah Emmanuel Odita den alten Abstand wieder her, als er nach einem langen Einwurf zum 4:2-Endstand vollendete. Fechenheims Trainer Necip Incesu ist einigerma\u00dfen konsterniert: \u201eTempo hat sehr diszipliniert gespielt, wir m\u00fcssen jetzt gucken, dass wir die Basics wieder hinkriegen, die Laufbereitschaft und den k\u00e4mpferischen Willen, ich werde jetzt genau beobachten, wer da mitzieht, und dann geht es weiter gegen Friedrichsdorf.\u201c<\/p>\n<p>Tempos Sportlicher Leiter Zoran Marcetic. \u201ePunkte ausw\u00e4rts unter der Woche, das sind besondere Punkte. Wir haben das Spiel gut er\u00f6ffnet und kontrolliert, waren auch die Mannschaft, die den Sieg verdient hat. Nach drei sieglosen Spielen haben wir jetzt wieder einen Sieg eingefahren und sind gut in die Gruppenliga-Saison gestartet.\u201c<\/p>\n<p>F\u00fcr Fechenheim geht es jetzt am Wochenende zum FSV Friedrichdorf, w\u00e4hrend der FC Tempo zum spannungsgeladenen Duell beim FC Kosova antreten muss.<\/p>\n<h4>Schiedsrichter: Hennis Hogrebe (1.FC Sulzbach). Zuschauer: 150.<\/h4>\n<h4>Tore: 0:1 Aleksa Atanasovic (17.), 1:1 Felix Casalino (27.), 1:2 Nikola Dokovic (40.), 1:3 Aleksa Atanasovic (54.), 2:3 Ali Wardak (85.), 2:4 Obiorah Emmanuel Odita (86.)<\/h4>\n","protected":false},"excerpt":{"rendered":"<p>Die Spvgg. 03 Fechenheim kann nicht mehr gewinnen, gegen den FC Tempo, der weiterhin ungeschlagen bleibt und einen sehr guten Saisonstart hinlegte, verlor man mit 2:4 und liegt jetzt mit 6 Punkten nach 6 Spielen in der unteren H\u00e4lfte der Tabelle. Spvgg. 03 Fechenheim &#8211; FC Tempo 2:4 (1:2) Die Spvgg. 03 Fechenheim rutscht in [&hellip;]<\/p>\n","protected":false},"author":3,"featured_media":27562,"comment_status":"closed","ping_status":"open","sticky":true,"template":"","format":"standard","meta":{"footnotes":""},"categories":[13],"tags":[],"class_list":["post-27676","post","type-post","status-publish","format-standard","has-post-thumbnail","hentry","category-gruppenliga-frankfurt-west"],"_links":{"self":[{"href":"https:\/\/insideamateurfussball-ffm.de\/index.php?rest_route=\/wp\/v2\/posts\/27676","targetHints":{"allow":["GET"]}}],"collection":[{"href":"https:\/\/insideamateurfussball-ffm.de\/index.php?rest_route=\/wp\/v2\/posts"}],"about":[{"href":"https:\/\/insideamateurfussball-ffm.de\/index.php?rest_route=\/wp\/v2\/types\/post"}],"author":[{"embeddable":true,"href":"https:\/\/insideamateurfussball-ffm.de\/index.php?rest_route=\/wp\/v2\/users\/3"}],"replies":[{"embeddable":true,"href":"https:\/\/insideamateurfussball-ffm.de\/index.php?rest_route=%2Fwp%2Fv2%2Fcomments&post=27676"}],"version-history":[{"count":2,"href":"https:\/\/insideamateurfussball-ffm.de\/index.php?rest_route=\/wp\/v2\/posts\/27676\/revisions"}],"predecessor-version":[{"id":27678,"href":"https:\/\/insideamateurfussball-ffm.de\/index.php?rest_route=\/wp\/v2\/posts\/27676\/revisions\/27678"}],"wp:featuredmedia":[{"embeddable":true,"href":"https:\/\/insideamateurfussball-ffm.de\/index.php?rest_route=\/wp\/v2\/media\/27562"}],"wp:attachment":[{"href":"https:\/\/insideamateurfussball-ffm.de\/index.php?rest_route=%2Fwp%2Fv2%2Fmedia&parent=27676"}],"wp:term":[{"taxonomy":"category","embeddable":true,"href":"https:\/\/insideamateurfussball-ffm.de\/index.php?rest_route=%2Fwp%2Fv2%2Fcategories&post=27676"},{"taxonomy":"post_tag","embeddable":true,"href":"https:\/\/insideamateurfussball-ffm.de\/index.php?rest_route=%2Fwp%2Fv2%2Ftags&post=27676"}],"curies":[{"name":"wp","href":"https:\/\/api.w.org\/{rel}","templated":true}]}}