{"id":27670,"date":"2025-09-04T16:13:00","date_gmt":"2025-09-04T15:13:00","guid":{"rendered":"https:\/\/insideamateurfussball-ffm.de\/?p=27670"},"modified":"2025-09-04T16:24:26","modified_gmt":"2025-09-04T15:24:26","slug":"germanias-sieg-gegen-beienheim-bringt-ersten-dreier","status":"publish","type":"post","link":"https:\/\/insideamateurfussball-ffm.de\/?p=27670","title":{"rendered":"Germanias Sieg gegen Beienheim bringt ersten Dreier"},"content":{"rendered":"<h4>Der VfL Germania 94 konnte seinen ersten Sieg in der Gruppenliga erringen, gegen den Verbandsligaabsteiger SKV Beienheim gab es trotz langer Unterzahl einen 2:1-Sieg.<\/h4>\n<figure id=\"attachment_27426\" aria-describedby=\"caption-attachment-27426\" style=\"width: 886px\" class=\"wp-caption alignnone\"><img loading=\"lazy\" decoding=\"async\" class=\"wp-image-27426 size-full\" src=\"http:\/\/insideamateurfussball-ffm.de\/wp-content\/uploads\/2025\/08\/bos-germ94-5.jpg\" alt=\"\" width=\"886\" height=\"606\" srcset=\"https:\/\/insideamateurfussball-ffm.de\/wp-content\/uploads\/2025\/08\/bos-germ94-5.jpg 886w, https:\/\/insideamateurfussball-ffm.de\/wp-content\/uploads\/2025\/08\/bos-germ94-5-300x205.jpg 300w, https:\/\/insideamateurfussball-ffm.de\/wp-content\/uploads\/2025\/08\/bos-germ94-5-768x525.jpg 768w\" sizes=\"auto, (max-width: 886px) 100vw, 886px\" \/><figcaption id=\"caption-attachment-27426\" class=\"wp-caption-text\">Erster Sieg mit 2:1 f\u00fcr den VfL Germania 94 gegen den SKV Beienheim. Foto: Archiv Mithat G\u00fcrser<\/figcaption><\/figure>\n<h4>VfL Germania 94 &#8211; SKV Beienheim 2:1 (2.1)<\/h4>\n<p><img loading=\"lazy\" decoding=\"async\" class=\"alignnone size-full wp-image-11577\" src=\"http:\/\/insideamateurfussball-ffm.de\/wp-content\/uploads\/2023\/08\/Germania-94.jpg\" alt=\"\" width=\"80\" height=\"80\" \/><img loading=\"lazy\" decoding=\"async\" class=\"alignnone size-full wp-image-545\" src=\"http:\/\/insideamateurfussball-ffm.de\/wp-content\/uploads\/2022\/06\/SKV-Beienh.jpg\" alt=\"\" width=\"79\" height=\"80\" \/><\/p>\n<p>Der Verbandsliga-Absteiger SKV Beienheim entt\u00e4uschte bisher in der Saison, hatte zwar viele Verletzungsprobleme, aber nach 6 Spielen standen erst zwei Punkte zu Buche, und nach der Niederlage beim VfL Germania 94 rutschten die Beienheimer sogar auf den letzten Tabellenplatz ab. Die Germania, die am letzten Wochenende schon dem T\u00fcrkischen SV Bad Nauheim die ersten Gegentore der Saison eingeschenkt hatte, begann furios und ging in der 6.Minute durch Zie Moussa Quattara mit 1:0 in F\u00fchrung. In der 31.Minute musste Okan G\u00f6t\u00fcrman den Platz mit gelb-rot wegen Meckerns verlassen, doch bereits eine Minute sp\u00e4ter erh\u00f6hte Koukou Barrista Nkingue Fiankeu durch einen \u00fcberlegten Schuss aus 18 Metern auf 2:0. In \u00dcberzahl konnte Beienheim dann in der 37.Minute durch Maximilian Schnitzmeier auf 1:2 verk\u00fcrzen, dabei blieb es zur Halbzeit.<\/p>\n<p>In der zweiten H\u00e4lfte dr\u00fcckten dann die G\u00e4ste auf den Ausgleich, doch Unverm\u00f6gen und mit Anton Harbrecht ein starker R\u00fcckhalt im Germania-Tor verhinderten ein Gegentor, die Gastgeber hatten sogar in Unterzahl noch die M\u00f6glichkeit, auf 3:1 zu erh\u00f6hen. In der Nachspielzeit gab der Schiedsrichter, der insgesamt 13 gelbe Karten verteilte, noch zwei gelb-rote Karten f\u00fcr den Beienheimer Andrei Dogot (90.+5) und den Germanen Abdulai Issah (90.+6). Durch den Sieg hat Germania jetzt 4 Punkte der auferlegten 15 Minuspunkte wettgemacht, die erst sp\u00e4ter in der Tabelle ber\u00fccksichtigt werden.<\/p>\n<p>Germania Trainer Siar Daudi: \u201eder Gegner hat es taktisch \u00fcberragend gemacht in den ersten 25 Minuten bis zur gelb-roten Karte f\u00fcr unseren Spieler Okan G\u00f6t\u00fcrman, die absolut nicht verdient war. Der Gegner hat eine \u00fcberragende Mannschaft, aber wir haben ihm den Schneid abgekauft. Wir haben uns in der Halbzeit taktisch gut aufgestellt und die Jungs haben es \u00fcberragend gemacht.\u201c Am kommenden Wochenende hat Germania spielfrei.<\/p>\n<h4>Schiedsrichter: Mats Moter (SV Germania Eberstadt). Zuschauer: 100.<\/h4>\n<h4>Tore: 1:0 Zie Moussa Quattara (6.), 2:0 Koukou Barrista Nkingue Fiankeu (31.), 2:1 Maximilian Schnitzmeier (37.)<\/h4>\n","protected":false},"excerpt":{"rendered":"<p>Der VfL Germania 94 konnte seinen ersten Sieg in der Gruppenliga erringen, gegen den Verbandsligaabsteiger SKV Beienheim gab es trotz langer Unterzahl einen 2:1-Sieg. VfL Germania 94 &#8211; SKV Beienheim 2:1 (2.1) Der Verbandsliga-Absteiger SKV Beienheim entt\u00e4uschte bisher in der Saison, hatte zwar viele Verletzungsprobleme, aber nach 6 Spielen standen erst zwei Punkte zu Buche, [&hellip;]<\/p>\n","protected":false},"author":3,"featured_media":27426,"comment_status":"closed","ping_status":"open","sticky":true,"template":"","format":"standard","meta":{"footnotes":""},"categories":[13],"tags":[],"class_list":["post-27670","post","type-post","status-publish","format-standard","has-post-thumbnail","hentry","category-gruppenliga-frankfurt-west"],"_links":{"self":[{"href":"https:\/\/insideamateurfussball-ffm.de\/index.php?rest_route=\/wp\/v2\/posts\/27670","targetHints":{"allow":["GET"]}}],"collection":[{"href":"https:\/\/insideamateurfussball-ffm.de\/index.php?rest_route=\/wp\/v2\/posts"}],"about":[{"href":"https:\/\/insideamateurfussball-ffm.de\/index.php?rest_route=\/wp\/v2\/types\/post"}],"author":[{"embeddable":true,"href":"https:\/\/insideamateurfussball-ffm.de\/index.php?rest_route=\/wp\/v2\/users\/3"}],"replies":[{"embeddable":true,"href":"https:\/\/insideamateurfussball-ffm.de\/index.php?rest_route=%2Fwp%2Fv2%2Fcomments&post=27670"}],"version-history":[{"count":3,"href":"https:\/\/insideamateurfussball-ffm.de\/index.php?rest_route=\/wp\/v2\/posts\/27670\/revisions"}],"predecessor-version":[{"id":27673,"href":"https:\/\/insideamateurfussball-ffm.de\/index.php?rest_route=\/wp\/v2\/posts\/27670\/revisions\/27673"}],"wp:featuredmedia":[{"embeddable":true,"href":"https:\/\/insideamateurfussball-ffm.de\/index.php?rest_route=\/wp\/v2\/media\/27426"}],"wp:attachment":[{"href":"https:\/\/insideamateurfussball-ffm.de\/index.php?rest_route=%2Fwp%2Fv2%2Fmedia&parent=27670"}],"wp:term":[{"taxonomy":"category","embeddable":true,"href":"https:\/\/insideamateurfussball-ffm.de\/index.php?rest_route=%2Fwp%2Fv2%2Fcategories&post=27670"},{"taxonomy":"post_tag","embeddable":true,"href":"https:\/\/insideamateurfussball-ffm.de\/index.php?rest_route=%2Fwp%2Fv2%2Ftags&post=27670"}],"curies":[{"name":"wp","href":"https:\/\/api.w.org\/{rel}","templated":true}]}}