{"id":27656,"date":"2025-09-04T11:43:29","date_gmt":"2025-09-04T10:43:29","guid":{"rendered":"https:\/\/insideamateurfussball-ffm.de\/?p=27656"},"modified":"2025-09-04T13:36:51","modified_gmt":"2025-09-04T12:36:51","slug":"irre-schlussphase-bei-pars-gegen-rot-weiss","status":"publish","type":"post","link":"https:\/\/insideamateurfussball-ffm.de\/?p=27656","title":{"rendered":"Irre Schlussphase bei Pars gegen Rot-Wei\u00df"},"content":{"rendered":"<h4>Die Schlussphase hatte es in sich beim Spiel der punktgleichen Mannschaften vom SV Pars Neu-Isenburg und der SG Rot-Wei\u00df Frankfurt, am Ende gab es ein 2:2-Unentschieden.<\/h4>\n<figure id=\"attachment_27662\" aria-describedby=\"caption-attachment-27662\" style=\"width: 2016px\" class=\"wp-caption alignnone\"><img loading=\"lazy\" decoding=\"async\" class=\"wp-image-27662 size-full\" src=\"http:\/\/insideamateurfussball-ffm.de\/wp-content\/uploads\/2025\/09\/parsrw07.jpg\" alt=\"\" width=\"2016\" height=\"1512\" srcset=\"https:\/\/insideamateurfussball-ffm.de\/wp-content\/uploads\/2025\/09\/parsrw07.jpg 2016w, https:\/\/insideamateurfussball-ffm.de\/wp-content\/uploads\/2025\/09\/parsrw07-300x225.jpg 300w, https:\/\/insideamateurfussball-ffm.de\/wp-content\/uploads\/2025\/09\/parsrw07-1024x768.jpg 1024w, https:\/\/insideamateurfussball-ffm.de\/wp-content\/uploads\/2025\/09\/parsrw07-768x576.jpg 768w, https:\/\/insideamateurfussball-ffm.de\/wp-content\/uploads\/2025\/09\/parsrw07-1536x1152.jpg 1536w\" sizes=\"auto, (max-width: 2016px) 100vw, 2016px\" \/><figcaption id=\"caption-attachment-27662\" class=\"wp-caption-text\">RW-Torh\u00fcter Daniel Zeaiter in Erwartung eines Freisto\u00dfes kurz vor Schluss. Foto: MZ<\/figcaption><\/figure>\n<h4>SV Pars Neu-Isenburg &#8211; SG Rot-Wei\u00df Frankfurt 2:2 (0:1)<\/h4>\n<p><img loading=\"lazy\" decoding=\"async\" class=\"alignnone size-full wp-image-688\" src=\"http:\/\/insideamateurfussball-ffm.de\/wp-content\/uploads\/2022\/06\/pars.png\" alt=\"\" width=\"80\" height=\"78\" \/><img loading=\"lazy\" decoding=\"async\" class=\"alignnone size-full wp-image-4032\" src=\"http:\/\/insideamateurfussball-ffm.de\/wp-content\/uploads\/2022\/11\/rot-weiss.png\" alt=\"\" width=\"80\" height=\"70\" \/><\/p>\n<p>In der ersten Halbzeit spielten der SV Pars Neu-Isenburg und Rot-Wei\u00df Frankfurt auf Augenh\u00f6he, viele Torchancen ergaben sich beim ausgeglichenen Spiel eher selten, auf beiden Seiten gingen Kopfb\u00e4lle knapp am Tor vorbei und beide Torh\u00fcter mussten kaum eingreifen. Und trotzdem konnten die G\u00e4ste in der 29.Minute mit 1:0 in F\u00fchrung gehen, als Tim Frohne mit einer Direktabnahme nach Flanke den 1:0-Halbzeitstand erzielen konnte.<\/p>\n<p>In der zweiten Halbzeit \u00fcbernahm der SV Pars erst einmal das Kommando und konnte schnell den Ausgleich erzielen, Damjan Balic legte sich den Ball selbst vor und wuchtete ihn aus 12 Metern unhaltbar in de Maschen zum 1:1. Pars hatte mehr Ballbesitz, die besseren Chancen allerdings hatten die G\u00e4ste aus Frankfurt, zweimal tauchten sie freistehend vor Torh\u00fcter Yannick Joschka Zummack auf, erst schoss Alexander Koziolek den Ball in die Arme des Torh\u00fcters, beim zweiten Mal schob Abdussamed G\u00fcrsoy den Ball neben das Tor. Und so begann dann eine wilde Schlussphase.<\/p>\n<p>In der 86.Minute jubelten die Gastgeber und glaubten an den Sieg, als Ilyass Mirroche den Ball aus 10 Metern im Tor der G\u00e4ste unterbringen konnte zur sp\u00e4ten 2:1-F\u00fchrung, doch die junge Mannschaft von RW-Trainer Ibo Cigdem gab sich nicht auf und erhielt in der 2.Minute der Nachspielzeit einen Foulelfmeter, aus Sicht der Gastgeber eine dumme Aktion, denn der Gefoulte lief mit dem Ball aus dem Strafraum raus. Kapit\u00e4n Alexander Koziolek lie\u00df sich die Chance nicht entgehen und traf zum 2:2. Jetzt wollten die Gastgeber zur\u00fcckschlagen und erhielten auch noch drei Freisto\u00dfsituationen 20-25 Meter vor dem Tor sowie eine Ecke, doch die Frankfurter verteidigten alles. Der Torsch\u00fctze zum 2:1, Ilyas Mirroche, erhielt nach einem Foul auch noch die gelb-rote Karte, und so endete das Spiel nach 8 Minuten Nachspielzeit mit einem 2:2.<\/p>\n<p>Trainer Cigdem: \u201ewenn du am Ende in der 90.Minute per Elfmeter den Ausgleich machst, dann musst du zufrieden sein, aber ich glaube, jeder auf dem Sportplatz hat gesehen, dass wir, obwohl wir weniger den Ball hatten, viel mehr Torchancen hatten. Leider haben wir daraus nichts gemacht, sodass wir uns am Ende mit dem einen Punkt begn\u00fcgen m\u00fcssen. Was krass ist f\u00fcr die Truppe, dass sie so sp\u00e4t das 2:1 kassieren, aber niemals den Glauben an sich und den Punkt verlieren, und das haben sie sich dann verdient. Jetzt nehmen wir den Punkt mit, ist auch nicht selbstverst\u00e4ndlich bei Pars, so wie es gelaufen ist, und konzentrieren uns auf Unter-Flockenbach.\u201c Das Spiel gegen den SV Unter-Flockenbach beendet die zweite englische Woche in Folge.<\/p>\n<h4>Schiedsrichter: Torben Ebeling (Spvgg. Eltville). Zuschauer: 70.<\/h4>\n<h4>Tore: 0:1 Tim Frohne (29.), 1:1 Damjan Balic (52.), 2:1 Ilyass Mirroche (86.), 2:2 Alexander Koziolek (90.+2, Elfmeter)<\/h4>\n\n\n<figure class=\"wp-block-image size-large\"><img loading=\"lazy\" decoding=\"async\" width=\"1024\" height=\"768\" src=\"http:\/\/insideamateurfussball-ffm.de\/wp-content\/uploads\/2025\/09\/parsrw02-1024x768.jpg\" alt=\"\" class=\"wp-image-27657\" srcset=\"https:\/\/insideamateurfussball-ffm.de\/wp-content\/uploads\/2025\/09\/parsrw02-1024x768.jpg 1024w, https:\/\/insideamateurfussball-ffm.de\/wp-content\/uploads\/2025\/09\/parsrw02-300x225.jpg 300w, https:\/\/insideamateurfussball-ffm.de\/wp-content\/uploads\/2025\/09\/parsrw02-768x576.jpg 768w, https:\/\/insideamateurfussball-ffm.de\/wp-content\/uploads\/2025\/09\/parsrw02-1536x1152.jpg 1536w, https:\/\/insideamateurfussball-ffm.de\/wp-content\/uploads\/2025\/09\/parsrw02.jpg 2016w\" sizes=\"auto, (max-width: 1024px) 100vw, 1024px\" \/><\/figure>\n\n\n\n<figure class=\"wp-block-image size-large\"><img loading=\"lazy\" decoding=\"async\" width=\"1024\" height=\"768\" src=\"http:\/\/insideamateurfussball-ffm.de\/wp-content\/uploads\/2025\/09\/parsrw03-1024x768.jpg\" alt=\"\" class=\"wp-image-27658\" srcset=\"https:\/\/insideamateurfussball-ffm.de\/wp-content\/uploads\/2025\/09\/parsrw03-1024x768.jpg 1024w, https:\/\/insideamateurfussball-ffm.de\/wp-content\/uploads\/2025\/09\/parsrw03-300x225.jpg 300w, https:\/\/insideamateurfussball-ffm.de\/wp-content\/uploads\/2025\/09\/parsrw03-768x576.jpg 768w, https:\/\/insideamateurfussball-ffm.de\/wp-content\/uploads\/2025\/09\/parsrw03-1536x1152.jpg 1536w, https:\/\/insideamateurfussball-ffm.de\/wp-content\/uploads\/2025\/09\/parsrw03.jpg 2016w\" sizes=\"auto, (max-width: 1024px) 100vw, 1024px\" \/><\/figure>\n\n\n\n<figure class=\"wp-block-image size-large\"><img loading=\"lazy\" decoding=\"async\" width=\"1024\" height=\"768\" src=\"http:\/\/insideamateurfussball-ffm.de\/wp-content\/uploads\/2025\/09\/parsrw04-1024x768.jpg\" alt=\"\" class=\"wp-image-27659\" srcset=\"https:\/\/insideamateurfussball-ffm.de\/wp-content\/uploads\/2025\/09\/parsrw04-1024x768.jpg 1024w, https:\/\/insideamateurfussball-ffm.de\/wp-content\/uploads\/2025\/09\/parsrw04-300x225.jpg 300w, https:\/\/insideamateurfussball-ffm.de\/wp-content\/uploads\/2025\/09\/parsrw04-768x576.jpg 768w, https:\/\/insideamateurfussball-ffm.de\/wp-content\/uploads\/2025\/09\/parsrw04-1536x1152.jpg 1536w, https:\/\/insideamateurfussball-ffm.de\/wp-content\/uploads\/2025\/09\/parsrw04.jpg 2016w\" sizes=\"auto, (max-width: 1024px) 100vw, 1024px\" \/><\/figure>\n\n\n\n<figure class=\"wp-block-image size-large\"><img loading=\"lazy\" decoding=\"async\" width=\"1024\" height=\"768\" src=\"http:\/\/insideamateurfussball-ffm.de\/wp-content\/uploads\/2025\/09\/parsrw05-1024x768.jpg\" alt=\"\" class=\"wp-image-27660\" srcset=\"https:\/\/insideamateurfussball-ffm.de\/wp-content\/uploads\/2025\/09\/parsrw05-1024x768.jpg 1024w, https:\/\/insideamateurfussball-ffm.de\/wp-content\/uploads\/2025\/09\/parsrw05-300x225.jpg 300w, https:\/\/insideamateurfussball-ffm.de\/wp-content\/uploads\/2025\/09\/parsrw05-768x576.jpg 768w, https:\/\/insideamateurfussball-ffm.de\/wp-content\/uploads\/2025\/09\/parsrw05-1536x1152.jpg 1536w, https:\/\/insideamateurfussball-ffm.de\/wp-content\/uploads\/2025\/09\/parsrw05.jpg 2016w\" sizes=\"auto, (max-width: 1024px) 100vw, 1024px\" \/><\/figure>\n\n\n\n<figure class=\"wp-block-image size-large\"><img loading=\"lazy\" decoding=\"async\" width=\"1024\" height=\"768\" src=\"http:\/\/insideamateurfussball-ffm.de\/wp-content\/uploads\/2025\/09\/parsrw06-1024x768.jpg\" alt=\"\" class=\"wp-image-27661\" srcset=\"https:\/\/insideamateurfussball-ffm.de\/wp-content\/uploads\/2025\/09\/parsrw06-1024x768.jpg 1024w, https:\/\/insideamateurfussball-ffm.de\/wp-content\/uploads\/2025\/09\/parsrw06-300x225.jpg 300w, https:\/\/insideamateurfussball-ffm.de\/wp-content\/uploads\/2025\/09\/parsrw06-768x576.jpg 768w, https:\/\/insideamateurfussball-ffm.de\/wp-content\/uploads\/2025\/09\/parsrw06-1536x1152.jpg 1536w, https:\/\/insideamateurfussball-ffm.de\/wp-content\/uploads\/2025\/09\/parsrw06.jpg 2016w\" sizes=\"auto, (max-width: 1024px) 100vw, 1024px\" \/><\/figure>\n\n\n\n<figure class=\"wp-block-image size-large\"><img loading=\"lazy\" decoding=\"async\" width=\"1024\" height=\"768\" src=\"http:\/\/insideamateurfussball-ffm.de\/wp-content\/uploads\/2025\/09\/parsrw08-1024x768.jpg\" alt=\"\" class=\"wp-image-27663\" srcset=\"https:\/\/insideamateurfussball-ffm.de\/wp-content\/uploads\/2025\/09\/parsrw08-1024x768.jpg 1024w, https:\/\/insideamateurfussball-ffm.de\/wp-content\/uploads\/2025\/09\/parsrw08-300x225.jpg 300w, https:\/\/insideamateurfussball-ffm.de\/wp-content\/uploads\/2025\/09\/parsrw08-768x576.jpg 768w, https:\/\/insideamateurfussball-ffm.de\/wp-content\/uploads\/2025\/09\/parsrw08-1536x1152.jpg 1536w, https:\/\/insideamateurfussball-ffm.de\/wp-content\/uploads\/2025\/09\/parsrw08.jpg 2016w\" sizes=\"auto, (max-width: 1024px) 100vw, 1024px\" \/><\/figure>\n\n\n\n<figure class=\"wp-block-image size-large\"><img loading=\"lazy\" decoding=\"async\" width=\"1024\" height=\"768\" src=\"http:\/\/insideamateurfussball-ffm.de\/wp-content\/uploads\/2025\/09\/parsrw09-1024x768.jpg\" alt=\"\" class=\"wp-image-27664\" srcset=\"https:\/\/insideamateurfussball-ffm.de\/wp-content\/uploads\/2025\/09\/parsrw09-1024x768.jpg 1024w, https:\/\/insideamateurfussball-ffm.de\/wp-content\/uploads\/2025\/09\/parsrw09-300x225.jpg 300w, https:\/\/insideamateurfussball-ffm.de\/wp-content\/uploads\/2025\/09\/parsrw09-768x576.jpg 768w, https:\/\/insideamateurfussball-ffm.de\/wp-content\/uploads\/2025\/09\/parsrw09-1536x1152.jpg 1536w, https:\/\/insideamateurfussball-ffm.de\/wp-content\/uploads\/2025\/09\/parsrw09.jpg 2016w\" sizes=\"auto, (max-width: 1024px) 100vw, 1024px\" \/><\/figure>\n\n\n\n<figure class=\"wp-block-image size-large\"><img loading=\"lazy\" decoding=\"async\" width=\"1024\" height=\"768\" src=\"http:\/\/insideamateurfussball-ffm.de\/wp-content\/uploads\/2025\/09\/parsrw10-1024x768.jpg\" alt=\"\" class=\"wp-image-27665\" srcset=\"https:\/\/insideamateurfussball-ffm.de\/wp-content\/uploads\/2025\/09\/parsrw10-1024x768.jpg 1024w, https:\/\/insideamateurfussball-ffm.de\/wp-content\/uploads\/2025\/09\/parsrw10-300x225.jpg 300w, https:\/\/insideamateurfussball-ffm.de\/wp-content\/uploads\/2025\/09\/parsrw10-768x576.jpg 768w, https:\/\/insideamateurfussball-ffm.de\/wp-content\/uploads\/2025\/09\/parsrw10-1536x1152.jpg 1536w, https:\/\/insideamateurfussball-ffm.de\/wp-content\/uploads\/2025\/09\/parsrw10.jpg 2016w\" sizes=\"auto, (max-width: 1024px) 100vw, 1024px\" \/><\/figure>\n\n\n\n<figure class=\"wp-block-image size-large\"><img loading=\"lazy\" decoding=\"async\" width=\"1024\" height=\"768\" src=\"http:\/\/insideamateurfussball-ffm.de\/wp-content\/uploads\/2025\/09\/parsrw11-1024x768.jpg\" alt=\"\" class=\"wp-image-27666\" srcset=\"https:\/\/insideamateurfussball-ffm.de\/wp-content\/uploads\/2025\/09\/parsrw11-1024x768.jpg 1024w, https:\/\/insideamateurfussball-ffm.de\/wp-content\/uploads\/2025\/09\/parsrw11-300x225.jpg 300w, https:\/\/insideamateurfussball-ffm.de\/wp-content\/uploads\/2025\/09\/parsrw11-768x576.jpg 768w, https:\/\/insideamateurfussball-ffm.de\/wp-content\/uploads\/2025\/09\/parsrw11-1536x1152.jpg 1536w, https:\/\/insideamateurfussball-ffm.de\/wp-content\/uploads\/2025\/09\/parsrw11.jpg 2016w\" sizes=\"auto, (max-width: 1024px) 100vw, 1024px\" \/><\/figure>\n\n\n\n<figure class=\"wp-block-image size-large\"><img loading=\"lazy\" decoding=\"async\" width=\"1024\" height=\"768\" src=\"http:\/\/insideamateurfussball-ffm.de\/wp-content\/uploads\/2025\/09\/parsrw12-1024x768.jpg\" alt=\"\" class=\"wp-image-27667\" srcset=\"https:\/\/insideamateurfussball-ffm.de\/wp-content\/uploads\/2025\/09\/parsrw12-1024x768.jpg 1024w, https:\/\/insideamateurfussball-ffm.de\/wp-content\/uploads\/2025\/09\/parsrw12-300x225.jpg 300w, https:\/\/insideamateurfussball-ffm.de\/wp-content\/uploads\/2025\/09\/parsrw12-768x576.jpg 768w, https:\/\/insideamateurfussball-ffm.de\/wp-content\/uploads\/2025\/09\/parsrw12-1536x1152.jpg 1536w, https:\/\/insideamateurfussball-ffm.de\/wp-content\/uploads\/2025\/09\/parsrw12.jpg 2016w\" sizes=\"auto, (max-width: 1024px) 100vw, 1024px\" \/><\/figure>\n","protected":false},"excerpt":{"rendered":"<p>Die Schlussphase hatte es in sich beim Spiel der punktgleichen Mannschaften vom SV Pars Neu-Isenburg und der SG Rot-Wei\u00df Frankfurt, am Ende gab es ein 2:2-Unentschieden. SV Pars Neu-Isenburg &#8211; SG Rot-Wei\u00df Frankfurt 2:2 (0:1) In der ersten Halbzeit spielten der SV Pars Neu-Isenburg und Rot-Wei\u00df Frankfurt auf Augenh\u00f6he, viele Torchancen ergaben sich beim ausgeglichenen [&hellip;]<\/p>\n","protected":false},"author":3,"featured_media":27662,"comment_status":"closed","ping_status":"open","sticky":true,"template":"","format":"standard","meta":{"footnotes":""},"categories":[10],"tags":[],"class_list":["post-27656","post","type-post","status-publish","format-standard","has-post-thumbnail","hentry","category-verbandsliga-sued"],"_links":{"self":[{"href":"https:\/\/insideamateurfussball-ffm.de\/index.php?rest_route=\/wp\/v2\/posts\/27656","targetHints":{"allow":["GET"]}}],"collection":[{"href":"https:\/\/insideamateurfussball-ffm.de\/index.php?rest_route=\/wp\/v2\/posts"}],"about":[{"href":"https:\/\/insideamateurfussball-ffm.de\/index.php?rest_route=\/wp\/v2\/types\/post"}],"author":[{"embeddable":true,"href":"https:\/\/insideamateurfussball-ffm.de\/index.php?rest_route=\/wp\/v2\/users\/3"}],"replies":[{"embeddable":true,"href":"https:\/\/insideamateurfussball-ffm.de\/index.php?rest_route=%2Fwp%2Fv2%2Fcomments&post=27656"}],"version-history":[{"count":2,"href":"https:\/\/insideamateurfussball-ffm.de\/index.php?rest_route=\/wp\/v2\/posts\/27656\/revisions"}],"predecessor-version":[{"id":27669,"href":"https:\/\/insideamateurfussball-ffm.de\/index.php?rest_route=\/wp\/v2\/posts\/27656\/revisions\/27669"}],"wp:featuredmedia":[{"embeddable":true,"href":"https:\/\/insideamateurfussball-ffm.de\/index.php?rest_route=\/wp\/v2\/media\/27662"}],"wp:attachment":[{"href":"https:\/\/insideamateurfussball-ffm.de\/index.php?rest_route=%2Fwp%2Fv2%2Fmedia&parent=27656"}],"wp:term":[{"taxonomy":"category","embeddable":true,"href":"https:\/\/insideamateurfussball-ffm.de\/index.php?rest_route=%2Fwp%2Fv2%2Fcategories&post=27656"},{"taxonomy":"post_tag","embeddable":true,"href":"https:\/\/insideamateurfussball-ffm.de\/index.php?rest_route=%2Fwp%2Fv2%2Ftags&post=27656"}],"curies":[{"name":"wp","href":"https:\/\/api.w.org\/{rel}","templated":true}]}}