{"id":27638,"date":"2025-09-02T17:16:59","date_gmt":"2025-09-02T16:16:59","guid":{"rendered":"https:\/\/insideamateurfussball-ffm.de\/?p=27638"},"modified":"2025-09-02T17:20:29","modified_gmt":"2025-09-02T16:20:29","slug":"4x-matovic-bei-croatias-72-gegen-harheim","status":"publish","type":"post","link":"https:\/\/insideamateurfussball-ffm.de\/?p=27638","title":{"rendered":"4x Matovic bei Croatias 7:2 gegen Harheim"},"content":{"rendered":"<h4>Auf dem renovierten Kunstrasenplatz an der Br\u00fchlwiese fertigte der FC Croatia die SG Harheim mit 7:2 ab und setzte sich mit dem dritten Sieg auf Rang f\u00fcnf ab. Beide Teams sehen sich noch im September wieder. Denn die Auslosung der 2. Runde ergab im Kreispokal das gleiche Duell, dann aber in Harheim.\u00a0<\/h4>\n<figure id=\"attachment_27639\" aria-describedby=\"caption-attachment-27639\" style=\"width: 896px\" class=\"wp-caption alignnone\"><img loading=\"lazy\" decoding=\"async\" class=\"wp-image-27639\" src=\"http:\/\/insideamateurfussball-ffm.de\/wp-content\/uploads\/2025\/09\/croa-har-4.jpg\" alt=\"\" width=\"896\" height=\"628\" srcset=\"https:\/\/insideamateurfussball-ffm.de\/wp-content\/uploads\/2025\/09\/croa-har-4.jpg 886w, https:\/\/insideamateurfussball-ffm.de\/wp-content\/uploads\/2025\/09\/croa-har-4-300x210.jpg 300w, https:\/\/insideamateurfussball-ffm.de\/wp-content\/uploads\/2025\/09\/croa-har-4-768x538.jpg 768w\" sizes=\"auto, (max-width: 896px) 100vw, 896px\" \/><figcaption id=\"caption-attachment-27639\" class=\"wp-caption-text\">Der zweifache Torsch\u00fctze Vladimir Bogdanovic wird vom vierfachen Torsch\u00fctzen Aleksandar Sasa Matovic umarmt. Foto: Mithat G\u00fcrser.<\/figcaption><\/figure>\n<h4>FC Croatia &#8211; SG Harheim 7:2 (3:1)<\/h4>\n<p><img loading=\"lazy\" decoding=\"async\" class=\"alignnone size-full wp-image-29\" src=\"http:\/\/insideamateurfussball-ffm.de\/wp-content\/uploads\/2021\/11\/croatia.jpg\" alt=\"\" width=\"63\" height=\"80\" \/><img loading=\"lazy\" decoding=\"async\" class=\"alignnone size-full wp-image-284\" src=\"http:\/\/insideamateurfussball-ffm.de\/wp-content\/uploads\/2022\/05\/Harheim.jpg\" alt=\"\" width=\"78\" height=\"80\" \/><\/p>\n<p>&#8222;Wir haben alles umgesetzt, was der Trainer wollte und dann haben wir unsere Tore gemacht&#8220;, freute sich Croatias Pressesprecher Stanislav Konta. Coach Vjekoslav Anicic gab ein Powerplay vor, dass gleich zu zwei Toren von Jackie Lee Reljic (8.) und Vladimir Bogdanovic (13.) f\u00fchrte. &#8222;Harheim war auch nicht schlecht, aber unser Torwart Steffen Liese hat einige Chancen rausgeholt&#8220;, f\u00fcgte Konta an.<\/p>\n<p>Nicht so beim Anschluss der G\u00e4ste durch Ante Paradzik (35.), den jedoch Aleksandar Sasa Matovic zum 3:1 beantwortete (41.). Nach dem Seitenwechsel erh\u00f6hte Matovic per Foulelfmeter auf 4:1 (57.). Bogdanovic (74.) und Matovic (83.) machten das halbe Dutzend voll. Harheim verk\u00fcrzte durch Fabian Urban (85.), doch der von T\u00fcrkg\u00fcc\u00fc zur\u00fcckgekehrte Matovic setzte den Schlusspunkt mit seinem vierten Treffer (87.).<\/p>\n<blockquote>\n<h4>&#8222;Wir haben wieder zu viele Chancen liegen gelassen und zu viele Ausf\u00e4lle&#8220;. (Harheims Trainer Christian Balzer)<\/h4>\n<\/blockquote>\n<p>&#8222;Bei beiden Gegentoren war nichts zu halten. Im gro\u00dfen und ganzen waren wir cleverer und besser vor dem Tor&#8220;, res\u00fcmierte Konta. F\u00fcr Harheims Trainer Christian Balzer wurden &#8222;zu viele individuelle Fehler alle bestraft, denn Croatia ist sehr effektiv vor dem Tor. Wir haben wieder zu viele Chancen liegen gelassen und zu viele Ausf\u00e4lle: Krimmel, Riemel, Knorr, Berthold, Stange, Kaulich usw. Trotzdem ist das zwei-drei Tore zu hoch ausgefallen. Wir h\u00e4tten auch mindestens vier-f\u00fcnf Tore schie\u00dfen k\u00f6nnen.&#8220;<\/p>\n<p>F\u00fcr Croatia geht es am Sonntag im kroatischen Duell zum FC Posavina (15 Uhr), ehe dann am Dienstag drauf das mit Spannung erwartete Platzduell beim SV 07 Heddernheim ansteht. Harheim wird versuchen, im Heimspiel gegen Schlusslicht FFV Sportfreunde 04, seinen bisher sechs Punkten drei weitere folgen zu lassen.\u00a0<\/p>\n<blockquote>\n<h4>Schiedsrichter: Zengin Karpuz (T\u00fcrk G\u00fcc\u00fc Friedberg). Zuschauer: 120.<\/h4>\n<h4>Tore: 1:0 Jackie Lee Reljic (8.), 2:0 Vladimir Bogdanovic (13.), 2:1 Ante Paradzik (35.), 3:1, 4:1 Aleksandar Sasa Matovic (41.\/57., Foulelfmeter), 5:1 Vladimir Bogdanovic (74.), 6:1 Aleksandar Sasa Matovic (83.), 6:2 Fabian Urban (85.), 7:2 Aleksandar Sasa Matovic (87.).<\/h4>\n<h4>Bildergalerie: Mithat G\u00fcrser war in der Schlussphase noch vor Ort! Vielen Dank!\u00a0 \u00a0<\/h4>\n<\/blockquote>\n\n\n<figure class=\"wp-block-image size-full\"><img loading=\"lazy\" decoding=\"async\" width=\"861\" height=\"630\" src=\"https:\/\/insideamateurfussball-ffm.de\/wp-content\/uploads\/2025\/09\/croa-har-8.jpg\" alt=\"\" class=\"wp-image-27640\" srcset=\"https:\/\/insideamateurfussball-ffm.de\/wp-content\/uploads\/2025\/09\/croa-har-8.jpg 861w, https:\/\/insideamateurfussball-ffm.de\/wp-content\/uploads\/2025\/09\/croa-har-8-300x220.jpg 300w, https:\/\/insideamateurfussball-ffm.de\/wp-content\/uploads\/2025\/09\/croa-har-8-768x562.jpg 768w\" sizes=\"auto, (max-width: 861px) 100vw, 861px\" \/><\/figure>\n\n\n\n<figure class=\"wp-block-gallery has-nested-images columns-default is-cropped wp-block-gallery-1 is-layout-flex wp-block-gallery-is-layout-flex\">\n<figure class=\"wp-block-image size-large\"><img loading=\"lazy\" decoding=\"async\" width=\"886\" height=\"671\" data-id=\"27641\" src=\"https:\/\/insideamateurfussball-ffm.de\/wp-content\/uploads\/2025\/09\/croa-har12.jpg\" alt=\"\" class=\"wp-image-27641\" srcset=\"https:\/\/insideamateurfussball-ffm.de\/wp-content\/uploads\/2025\/09\/croa-har12.jpg 886w, https:\/\/insideamateurfussball-ffm.de\/wp-content\/uploads\/2025\/09\/croa-har12-300x227.jpg 300w, https:\/\/insideamateurfussball-ffm.de\/wp-content\/uploads\/2025\/09\/croa-har12-768x582.jpg 768w\" sizes=\"auto, (max-width: 886px) 100vw, 886px\" \/><\/figure>\n<\/figure>\n\n\n\n<figure class=\"wp-block-image size-full\"><img loading=\"lazy\" decoding=\"async\" width=\"886\" height=\"616\" src=\"https:\/\/insideamateurfussball-ffm.de\/wp-content\/uploads\/2025\/09\/croa-har-3.jpg\" alt=\"\" class=\"wp-image-27642\" srcset=\"https:\/\/insideamateurfussball-ffm.de\/wp-content\/uploads\/2025\/09\/croa-har-3.jpg 886w, https:\/\/insideamateurfussball-ffm.de\/wp-content\/uploads\/2025\/09\/croa-har-3-300x209.jpg 300w, https:\/\/insideamateurfussball-ffm.de\/wp-content\/uploads\/2025\/09\/croa-har-3-768x534.jpg 768w\" sizes=\"auto, (max-width: 886px) 100vw, 886px\" \/><\/figure>\n\n\n\n<figure class=\"wp-block-image size-full\"><img loading=\"lazy\" decoding=\"async\" width=\"886\" height=\"634\" src=\"https:\/\/insideamateurfussball-ffm.de\/wp-content\/uploads\/2025\/09\/croa-har7.jpg\" alt=\"\" class=\"wp-image-27643\" srcset=\"https:\/\/insideamateurfussball-ffm.de\/wp-content\/uploads\/2025\/09\/croa-har7.jpg 886w, https:\/\/insideamateurfussball-ffm.de\/wp-content\/uploads\/2025\/09\/croa-har7-300x215.jpg 300w, https:\/\/insideamateurfussball-ffm.de\/wp-content\/uploads\/2025\/09\/croa-har7-768x550.jpg 768w\" sizes=\"auto, (max-width: 886px) 100vw, 886px\" \/><\/figure>\n\n\n\n<figure class=\"wp-block-image size-full\"><img loading=\"lazy\" decoding=\"async\" width=\"886\" height=\"618\" src=\"https:\/\/insideamateurfussball-ffm.de\/wp-content\/uploads\/2025\/09\/croa-har-11.jpg\" alt=\"\" class=\"wp-image-27644\" srcset=\"https:\/\/insideamateurfussball-ffm.de\/wp-content\/uploads\/2025\/09\/croa-har-11.jpg 886w, https:\/\/insideamateurfussball-ffm.de\/wp-content\/uploads\/2025\/09\/croa-har-11-300x209.jpg 300w, https:\/\/insideamateurfussball-ffm.de\/wp-content\/uploads\/2025\/09\/croa-har-11-768x536.jpg 768w\" sizes=\"auto, (max-width: 886px) 100vw, 886px\" \/><\/figure>\n\n\n\n<figure class=\"wp-block-image size-full\"><img loading=\"lazy\" decoding=\"async\" width=\"886\" height=\"641\" src=\"https:\/\/insideamateurfussball-ffm.de\/wp-content\/uploads\/2025\/09\/croa-har-2.jpg\" alt=\"\" class=\"wp-image-27645\" srcset=\"https:\/\/insideamateurfussball-ffm.de\/wp-content\/uploads\/2025\/09\/croa-har-2.jpg 886w, https:\/\/insideamateurfussball-ffm.de\/wp-content\/uploads\/2025\/09\/croa-har-2-300x217.jpg 300w, https:\/\/insideamateurfussball-ffm.de\/wp-content\/uploads\/2025\/09\/croa-har-2-768x556.jpg 768w\" sizes=\"auto, (max-width: 886px) 100vw, 886px\" \/><\/figure>\n\n\n\n<figure class=\"wp-block-image size-full\"><img loading=\"lazy\" decoding=\"async\" width=\"906\" height=\"591\" src=\"https:\/\/insideamateurfussball-ffm.de\/wp-content\/uploads\/2025\/09\/croa-har-6.jpg\" alt=\"\" class=\"wp-image-27646\" srcset=\"https:\/\/insideamateurfussball-ffm.de\/wp-content\/uploads\/2025\/09\/croa-har-6.jpg 906w, https:\/\/insideamateurfussball-ffm.de\/wp-content\/uploads\/2025\/09\/croa-har-6-300x196.jpg 300w, https:\/\/insideamateurfussball-ffm.de\/wp-content\/uploads\/2025\/09\/croa-har-6-768x501.jpg 768w\" sizes=\"auto, (max-width: 906px) 100vw, 906px\" \/><\/figure>\n\n\n\n<figure class=\"wp-block-image size-full\"><img loading=\"lazy\" decoding=\"async\" width=\"883\" height=\"691\" src=\"https:\/\/insideamateurfussball-ffm.de\/wp-content\/uploads\/2025\/09\/croa-har-10.jpg\" alt=\"\" class=\"wp-image-27647\" srcset=\"https:\/\/insideamateurfussball-ffm.de\/wp-content\/uploads\/2025\/09\/croa-har-10.jpg 883w, https:\/\/insideamateurfussball-ffm.de\/wp-content\/uploads\/2025\/09\/croa-har-10-300x235.jpg 300w, https:\/\/insideamateurfussball-ffm.de\/wp-content\/uploads\/2025\/09\/croa-har-10-768x601.jpg 768w\" sizes=\"auto, (max-width: 883px) 100vw, 883px\" \/><\/figure>\n\n\n\n<figure class=\"wp-block-image size-full\"><img loading=\"lazy\" decoding=\"async\" width=\"886\" height=\"580\" src=\"https:\/\/insideamateurfussball-ffm.de\/wp-content\/uploads\/2025\/09\/croa-har-1.jpg\" alt=\"\" class=\"wp-image-27648\" srcset=\"https:\/\/insideamateurfussball-ffm.de\/wp-content\/uploads\/2025\/09\/croa-har-1.jpg 886w, https:\/\/insideamateurfussball-ffm.de\/wp-content\/uploads\/2025\/09\/croa-har-1-300x196.jpg 300w, https:\/\/insideamateurfussball-ffm.de\/wp-content\/uploads\/2025\/09\/croa-har-1-768x503.jpg 768w\" sizes=\"auto, (max-width: 886px) 100vw, 886px\" \/><\/figure>\n\n\n\n<figure class=\"wp-block-image size-full\"><img loading=\"lazy\" decoding=\"async\" width=\"856\" height=\"691\" src=\"https:\/\/insideamateurfussball-ffm.de\/wp-content\/uploads\/2025\/09\/croa-har-5-1.jpg\" alt=\"\" class=\"wp-image-27649\" srcset=\"https:\/\/insideamateurfussball-ffm.de\/wp-content\/uploads\/2025\/09\/croa-har-5-1.jpg 856w, https:\/\/insideamateurfussball-ffm.de\/wp-content\/uploads\/2025\/09\/croa-har-5-1-300x242.jpg 300w, https:\/\/insideamateurfussball-ffm.de\/wp-content\/uploads\/2025\/09\/croa-har-5-1-768x620.jpg 768w\" sizes=\"auto, (max-width: 856px) 100vw, 856px\" \/><\/figure>\n\n\n\n<figure class=\"wp-block-image size-full\"><img loading=\"lazy\" decoding=\"async\" width=\"886\" height=\"563\" src=\"https:\/\/insideamateurfussball-ffm.de\/wp-content\/uploads\/2025\/09\/croa-har-9.jpg\" alt=\"\" class=\"wp-image-27650\" srcset=\"https:\/\/insideamateurfussball-ffm.de\/wp-content\/uploads\/2025\/09\/croa-har-9.jpg 886w, https:\/\/insideamateurfussball-ffm.de\/wp-content\/uploads\/2025\/09\/croa-har-9-300x191.jpg 300w, https:\/\/insideamateurfussball-ffm.de\/wp-content\/uploads\/2025\/09\/croa-har-9-768x488.jpg 768w\" sizes=\"auto, (max-width: 886px) 100vw, 886px\" \/><\/figure>\n\n\n\n<figure class=\"wp-block-image size-large\"><img loading=\"lazy\" decoding=\"async\" width=\"1024\" height=\"649\" src=\"https:\/\/insideamateurfussball-ffm.de\/wp-content\/uploads\/2025\/09\/croa-har-12-1-1024x649.jpg\" alt=\"\" class=\"wp-image-27654\" srcset=\"https:\/\/insideamateurfussball-ffm.de\/wp-content\/uploads\/2025\/09\/croa-har-12-1-1024x649.jpg 1024w, https:\/\/insideamateurfussball-ffm.de\/wp-content\/uploads\/2025\/09\/croa-har-12-1-300x190.jpg 300w, https:\/\/insideamateurfussball-ffm.de\/wp-content\/uploads\/2025\/09\/croa-har-12-1-768x487.jpg 768w, https:\/\/insideamateurfussball-ffm.de\/wp-content\/uploads\/2025\/09\/croa-har-12-1.jpg 1090w\" sizes=\"auto, (max-width: 1024px) 100vw, 1024px\" \/><\/figure>\n","protected":false},"excerpt":{"rendered":"<p>Auf dem renovierten Kunstrasenplatz an der Br\u00fchlwiese fertigte der FC Croatia die SG Harheim mit 7:2 ab und setzte sich mit dem dritten Sieg auf Rang f\u00fcnf ab. Beide Teams sehen sich noch im September wieder. Denn die Auslosung der 2. Runde ergab im Kreispokal das gleiche Duell, dann aber in Harheim.\u00a0 FC Croatia &#8211; [&hellip;]<\/p>\n","protected":false},"author":1,"featured_media":27639,"comment_status":"closed","ping_status":"closed","sticky":true,"template":"","format":"standard","meta":{"footnotes":""},"categories":[2],"tags":[],"class_list":["post-27638","post","type-post","status-publish","format-standard","has-post-thumbnail","hentry","category-kreisoberliga-frankfurt"],"_links":{"self":[{"href":"https:\/\/insideamateurfussball-ffm.de\/index.php?rest_route=\/wp\/v2\/posts\/27638","targetHints":{"allow":["GET"]}}],"collection":[{"href":"https:\/\/insideamateurfussball-ffm.de\/index.php?rest_route=\/wp\/v2\/posts"}],"about":[{"href":"https:\/\/insideamateurfussball-ffm.de\/index.php?rest_route=\/wp\/v2\/types\/post"}],"author":[{"embeddable":true,"href":"https:\/\/insideamateurfussball-ffm.de\/index.php?rest_route=\/wp\/v2\/users\/1"}],"replies":[{"embeddable":true,"href":"https:\/\/insideamateurfussball-ffm.de\/index.php?rest_route=%2Fwp%2Fv2%2Fcomments&post=27638"}],"version-history":[{"count":3,"href":"https:\/\/insideamateurfussball-ffm.de\/index.php?rest_route=\/wp\/v2\/posts\/27638\/revisions"}],"predecessor-version":[{"id":27655,"href":"https:\/\/insideamateurfussball-ffm.de\/index.php?rest_route=\/wp\/v2\/posts\/27638\/revisions\/27655"}],"wp:featuredmedia":[{"embeddable":true,"href":"https:\/\/insideamateurfussball-ffm.de\/index.php?rest_route=\/wp\/v2\/media\/27639"}],"wp:attachment":[{"href":"https:\/\/insideamateurfussball-ffm.de\/index.php?rest_route=%2Fwp%2Fv2%2Fmedia&parent=27638"}],"wp:term":[{"taxonomy":"category","embeddable":true,"href":"https:\/\/insideamateurfussball-ffm.de\/index.php?rest_route=%2Fwp%2Fv2%2Fcategories&post=27638"},{"taxonomy":"post_tag","embeddable":true,"href":"https:\/\/insideamateurfussball-ffm.de\/index.php?rest_route=%2Fwp%2Fv2%2Ftags&post=27638"}],"curies":[{"name":"wp","href":"https:\/\/api.w.org\/{rel}","templated":true}]}}