{"id":27621,"date":"2025-08-29T20:39:37","date_gmt":"2025-08-29T19:39:37","guid":{"rendered":"https:\/\/insideamateurfussball-ffm.de\/?p=27621"},"modified":"2025-09-01T21:11:37","modified_gmt":"2025-09-01T20:11:37","slug":"titelverteidiger-seckbachs-sieg-am-ende-zu-hoch","status":"publish","type":"post","link":"https:\/\/insideamateurfussball-ffm.de\/?p=27621","title":{"rendered":"Titelverteidiger Seckbachs Sieg am Ende zu hoch"},"content":{"rendered":"<h4>Titelverteidiger FG Seckbach qualifizierte sich am Donnerstagabend mit einem 4:0-Sieg beim ersatzgeschw\u00e4chten Kreisoberligisten Concordia Eschersheim f\u00fcr die 2. Runde im Kreispokal. Dort wartet mit der GSU Hellas der n\u00e4chste KOL-Verein.<\/h4>\n<figure id=\"attachment_27622\" aria-describedby=\"caption-attachment-27622\" style=\"width: 2048px\" class=\"wp-caption alignnone\"><img loading=\"lazy\" decoding=\"async\" class=\"wp-image-27622 size-full\" src=\"http:\/\/insideamateurfussball-ffm.de\/wp-content\/uploads\/2025\/09\/Con-Seck.jpg\" alt=\"\" width=\"2048\" height=\"1536\" srcset=\"https:\/\/insideamateurfussball-ffm.de\/wp-content\/uploads\/2025\/09\/Con-Seck.jpg 2048w, https:\/\/insideamateurfussball-ffm.de\/wp-content\/uploads\/2025\/09\/Con-Seck-300x225.jpg 300w, https:\/\/insideamateurfussball-ffm.de\/wp-content\/uploads\/2025\/09\/Con-Seck-1024x768.jpg 1024w, https:\/\/insideamateurfussball-ffm.de\/wp-content\/uploads\/2025\/09\/Con-Seck-768x576.jpg 768w, https:\/\/insideamateurfussball-ffm.de\/wp-content\/uploads\/2025\/09\/Con-Seck-1536x1152.jpg 1536w\" sizes=\"auto, (max-width: 2048px) 100vw, 2048px\" \/><figcaption id=\"caption-attachment-27622\" class=\"wp-caption-text\">Der &#8222;Spargel&#8220; ragt im Hintergrund heraus. Foto: PA.<\/figcaption><\/figure>\n<h4>Concordia Eschersheim &#8211; FG Seckbach 0:4 (0:1)<\/h4>\n<p><img loading=\"lazy\" decoding=\"async\" class=\"alignnone size-full wp-image-37\" src=\"http:\/\/insideamateurfussball-ffm.de\/wp-content\/uploads\/2021\/11\/1sv07_news2_4178_01_01_02.jpg\" alt=\"\" width=\"80\" height=\"80\" \/><img loading=\"lazy\" decoding=\"async\" class=\"alignnone size-full wp-image-544\" src=\"http:\/\/insideamateurfussball-ffm.de\/wp-content\/uploads\/2022\/06\/Seckbach.jpg\" alt=\"\" width=\"80\" height=\"80\" \/><\/p>\n<p>Die Gastgeber hatten unter der Woche zahlreiche Ausf\u00e4lle zu beklagen, am Ende stand nicht mal eine &#8222;B-Elf&#8220; am Start. Dennoch nahmen die Concorden die Herausforderung an. Ikone Averil Ringheim f\u00fchrte die Ansprache auf englisch im Kreis, schwor das Team auf das Pokalmatch ein. Das begann mit einer \u00dcberraschung f\u00fcr den Concordia-Tross, der seine gewohnte Bank vor der Gegentrib\u00fcne verlassen musste und bei begonnenem Spiel auf die andere Seite wandern musste.<\/p>\n<p>Der Schiedsrichter hatte darauf bestanden, dass beide Mannschaften auf einer Seite stehen\/sitzen. Die G\u00e4ste waren feld\u00fcberlegen, setzten sich in der Eschersheimer H\u00e4lfte fest. Die Blauen \u00fcbten Druck aus, aber die Concordia hielt noch stand. Auf Zuspiel von Adnan El Allaoui traf Florian Schuberth zur Secbacher F\u00fchrung (35.). Nach dem Seitenwechsel traf Spielertrainer Manuel May aus der Distanz (60.).<\/p>\n<h4>Harada per Foulelfmeter zum etwas zu hohen Sieg<\/h4>\n<p>Concordia-Torh\u00fcter Nick Gutschmidt erhielt wegen einer Unsportlichkeit die Gelb-Rote Karte (87.). Feldspieler Nassim Petty, in der Jugend bei Rot-Weiss zum Torwart ausgebildet, schl\u00fcpfte in das Torwarttrikot und kassierte noch zwei Tore. May per Distanzschuss (90.+1) zum 0:3, dann mit dem Lattenschuss von Justin Mathwig (90.+3) die gef\u00e4hrlichste Aktion der Concordia im ganzen Spiel.<\/p>\n<p>Per Foulelfmeter traf Shuya Harada noch zum etwas zu hohen 4:0 (90.\/+4). &#8222;Wir haben konzentriert gespielt, haben den Ball gut laufen lassen, haben uns aber nicht all zu viele zwingende Chancen erspielt. Deswegen stand es auch nur 1:0 lange. Es gab neun Ver\u00e4nderungen gegen\u00fcber dem Tempo-Spiel. Wir haben das Weiterkommen hier konzentriert geschafft&#8220;, meinte Seckbachs Spielertrainer Manuel May.<\/p>\n<blockquote>\n<h4>Schiedsrichter: Jonas Hautzel (TuS Wirbelau). Zuschauer: 104.<\/h4>\n<h4>Tore: 0:1 Florian Schuberth (35.), 0:2, 0:3 Manuel May (60.\/90.+1), 0:4 Shuya Harada (90.\/+4, Foulelfmeter).<\/h4>\n<\/blockquote>\n","protected":false},"excerpt":{"rendered":"<p>Titelverteidiger FG Seckbach qualifizierte sich am Donnerstagabend mit einem 4:0-Sieg beim ersatzgeschw\u00e4chten Kreisoberligisten Concordia Eschersheim f\u00fcr die 2. Runde im Kreispokal. Dort wartet mit der GSU Hellas der n\u00e4chste KOL-Verein. Concordia Eschersheim &#8211; FG Seckbach 0:4 (0:1) Die Gastgeber hatten unter der Woche zahlreiche Ausf\u00e4lle zu beklagen, am Ende stand nicht mal eine &#8222;B-Elf&#8220; am [&hellip;]<\/p>\n","protected":false},"author":1,"featured_media":27622,"comment_status":"closed","ping_status":"closed","sticky":true,"template":"","format":"standard","meta":{"footnotes":""},"categories":[9],"tags":[],"class_list":["post-27621","post","type-post","status-publish","format-standard","has-post-thumbnail","hentry","category-kreispokal"],"_links":{"self":[{"href":"https:\/\/insideamateurfussball-ffm.de\/index.php?rest_route=\/wp\/v2\/posts\/27621","targetHints":{"allow":["GET"]}}],"collection":[{"href":"https:\/\/insideamateurfussball-ffm.de\/index.php?rest_route=\/wp\/v2\/posts"}],"about":[{"href":"https:\/\/insideamateurfussball-ffm.de\/index.php?rest_route=\/wp\/v2\/types\/post"}],"author":[{"embeddable":true,"href":"https:\/\/insideamateurfussball-ffm.de\/index.php?rest_route=\/wp\/v2\/users\/1"}],"replies":[{"embeddable":true,"href":"https:\/\/insideamateurfussball-ffm.de\/index.php?rest_route=%2Fwp%2Fv2%2Fcomments&post=27621"}],"version-history":[{"count":3,"href":"https:\/\/insideamateurfussball-ffm.de\/index.php?rest_route=\/wp\/v2\/posts\/27621\/revisions"}],"predecessor-version":[{"id":27625,"href":"https:\/\/insideamateurfussball-ffm.de\/index.php?rest_route=\/wp\/v2\/posts\/27621\/revisions\/27625"}],"wp:featuredmedia":[{"embeddable":true,"href":"https:\/\/insideamateurfussball-ffm.de\/index.php?rest_route=\/wp\/v2\/media\/27622"}],"wp:attachment":[{"href":"https:\/\/insideamateurfussball-ffm.de\/index.php?rest_route=%2Fwp%2Fv2%2Fmedia&parent=27621"}],"wp:term":[{"taxonomy":"category","embeddable":true,"href":"https:\/\/insideamateurfussball-ffm.de\/index.php?rest_route=%2Fwp%2Fv2%2Fcategories&post=27621"},{"taxonomy":"post_tag","embeddable":true,"href":"https:\/\/insideamateurfussball-ffm.de\/index.php?rest_route=%2Fwp%2Fv2%2Ftags&post=27621"}],"curies":[{"name":"wp","href":"https:\/\/api.w.org\/{rel}","templated":true}]}}