{"id":27616,"date":"2025-08-29T20:06:22","date_gmt":"2025-08-29T19:06:22","guid":{"rendered":"https:\/\/insideamateurfussball-ffm.de\/?p=27616"},"modified":"2025-09-01T20:33:57","modified_gmt":"2025-09-01T19:33:57","slug":"harheim-wirft-tempo-nach-02-noch-raus","status":"publish","type":"post","link":"https:\/\/insideamateurfussball-ffm.de\/?p=27616","title":{"rendered":"Harheim wirft Tempo nach 0:2 noch raus"},"content":{"rendered":"<h4>Die SG Harheim schaffte im dritten Aufeinandertreffen mit dem FC Tempo die \u00dcberraschung und schaltete den Gruppenligisten trotz 0:2-R\u00fcckstand mit 4:2 aus dem Kreispokal aus. In der 2. Runde haben die M\u00e4nner von Trainer Christian Balzer ein Heimspiel gegen Ligakonkurrent FC Croatia, gegen den man am Sonntag mit 2:7 verlor.<\/h4>\n<figure id=\"attachment_27617\" aria-describedby=\"caption-attachment-27617\" style=\"width: 886px\" class=\"wp-caption alignnone\"><img loading=\"lazy\" decoding=\"async\" class=\"wp-image-27617\" src=\"http:\/\/insideamateurfussball-ffm.de\/wp-content\/uploads\/2025\/09\/croa-har-5.jpg\" alt=\"\" width=\"886\" height=\"715\" srcset=\"https:\/\/insideamateurfussball-ffm.de\/wp-content\/uploads\/2025\/09\/croa-har-5.jpg 886w, https:\/\/insideamateurfussball-ffm.de\/wp-content\/uploads\/2025\/09\/croa-har-5-300x242.jpg 300w, https:\/\/insideamateurfussball-ffm.de\/wp-content\/uploads\/2025\/09\/croa-har-5-768x620.jpg 768w\" sizes=\"auto, (max-width: 886px) 100vw, 886px\" \/><figcaption id=\"caption-attachment-27617\" class=\"wp-caption-text\">Harheims Trainer Christian Balzer. Foto: Mithat G\u00fcrser.<\/figcaption><\/figure>\n<h4>SG Harheim &#8211; FC Tempo 4:2 (1:2)<\/h4>\n<p><img loading=\"lazy\" decoding=\"async\" class=\"alignnone size-full wp-image-284\" src=\"http:\/\/insideamateurfussball-ffm.de\/wp-content\/uploads\/2022\/05\/Harheim.jpg\" alt=\"\" width=\"78\" height=\"80\" \/><img loading=\"lazy\" decoding=\"async\" class=\"alignnone size-full wp-image-31\" src=\"http:\/\/insideamateurfussball-ffm.de\/wp-content\/uploads\/2021\/11\/Tempo.jpg\" alt=\"\" width=\"80\" height=\"80\" \/><\/p>\n<p>Die personellen Experimente der G\u00e4ste, auch Spielern aus der zweiten Mannschaft Einsatzzeiten zu geben, schienen zun\u00e4chst gut zu gehen. Tempo f\u00fchrte durch Goran Dusic (24.) und Aleksa Atanasovic (32.). Dann aber kam der Kreisoberligist mit dem \u00fcberragenden Kapit\u00e4n Lukas G\u00e4rtner auf, der das 1:2 erzielte (39.).<\/p>\n<p>Nach dem Seitenwechsel verst\u00e4rkte Harheim den Druck, bekam einen Foulelfmeter zugesprochen, den Ante Paradzik verwandelte (60.). Kurz darauf brachte G\u00e4rtner mit zwei Toren den Au\u00dfenseiter auf die Siegerstra\u00dfe (62.\/67.). Unr\u00fchmliches Ende nahm der Gastauftritt dann mit der Roten Karte gegen Alexandru Vasile (87.). &#8222;Absolut verdient, gute Mannschaftsleistung, waren in der 2. H\u00e4lfte absolut dominant und haben sehr gut gespielt&#8220;, freute sich Harheims Trainer Christian Balzer.<\/p>\n<blockquote>\n<h4>&#8222;Es war ein faires Spiel mit einem guten Schiedsrichtergespann&#8220; (Harheims Trainer Christian Balzer)<\/h4>\n<\/blockquote>\n<p>&#8222;Wir h\u00e4tten schon in der ersten Halbzeit ausgleichen k\u00f6nnen nach drei hundertprozentigen Chancen. Haben uns dann in der zweiten Halbzeit belohnt f\u00fcr unser Engagement. Wir hatten auch meiner Meinung nach im konditionellen Bereich mehr zu bieten. Es war ein faires Spiel mit einem guten Schiedsrichtergespann&#8220;, so Balzer.<\/p>\n<p>Tempo-Sportchef Zoran Marcetic, dessen Team in der Gruppenliga erst ein Tor zugelassen hat, sagte: &#8222;Wir hatten drei Spieler aus der Startelf vom Sonntag, spielten also mit der 1b. Haben 2:0 gef\u00fchrt und die jungen Spieler haben gedacht, das langt. Harheim \u00fcbernahm das Spiel und unsere jungen Spieler haben es nicht geschafft, im Pokal weiterzukommen.&#8220;<\/p>\n<blockquote>\n<h4>Schiedsrichter: Christopher Depta (SV Sachsenhausen). Zuschauer: 100.<\/h4>\n<h4>Tore: 0:1 Goran Dusic (24.), 0:2 Aleksa Atanasovic (32.), 1:2 Lukas G\u00e4rtner (39.), 2:2 Ante Paradzik (60.\/Foulelfmeter), 3:2, 4:2 Lukas G\u00e4rtner (62.\/67.).<\/h4>\n<\/blockquote>\n","protected":false},"excerpt":{"rendered":"<p>Die SG Harheim schaffte im dritten Aufeinandertreffen mit dem FC Tempo die \u00dcberraschung und schaltete den Gruppenligisten trotz 0:2-R\u00fcckstand mit 4:2 aus dem Kreispokal aus. In der 2. Runde haben die M\u00e4nner von Trainer Christian Balzer ein Heimspiel gegen Ligakonkurrent FC Croatia, gegen den man am Sonntag mit 2:7 verlor. SG Harheim &#8211; FC Tempo [&hellip;]<\/p>\n","protected":false},"author":1,"featured_media":27617,"comment_status":"closed","ping_status":"closed","sticky":true,"template":"","format":"standard","meta":{"footnotes":""},"categories":[9],"tags":[],"class_list":["post-27616","post","type-post","status-publish","format-standard","has-post-thumbnail","hentry","category-kreispokal"],"_links":{"self":[{"href":"https:\/\/insideamateurfussball-ffm.de\/index.php?rest_route=\/wp\/v2\/posts\/27616","targetHints":{"allow":["GET"]}}],"collection":[{"href":"https:\/\/insideamateurfussball-ffm.de\/index.php?rest_route=\/wp\/v2\/posts"}],"about":[{"href":"https:\/\/insideamateurfussball-ffm.de\/index.php?rest_route=\/wp\/v2\/types\/post"}],"author":[{"embeddable":true,"href":"https:\/\/insideamateurfussball-ffm.de\/index.php?rest_route=\/wp\/v2\/users\/1"}],"replies":[{"embeddable":true,"href":"https:\/\/insideamateurfussball-ffm.de\/index.php?rest_route=%2Fwp%2Fv2%2Fcomments&post=27616"}],"version-history":[{"count":1,"href":"https:\/\/insideamateurfussball-ffm.de\/index.php?rest_route=\/wp\/v2\/posts\/27616\/revisions"}],"predecessor-version":[{"id":27618,"href":"https:\/\/insideamateurfussball-ffm.de\/index.php?rest_route=\/wp\/v2\/posts\/27616\/revisions\/27618"}],"wp:featuredmedia":[{"embeddable":true,"href":"https:\/\/insideamateurfussball-ffm.de\/index.php?rest_route=\/wp\/v2\/media\/27617"}],"wp:attachment":[{"href":"https:\/\/insideamateurfussball-ffm.de\/index.php?rest_route=%2Fwp%2Fv2%2Fmedia&parent=27616"}],"wp:term":[{"taxonomy":"category","embeddable":true,"href":"https:\/\/insideamateurfussball-ffm.de\/index.php?rest_route=%2Fwp%2Fv2%2Fcategories&post=27616"},{"taxonomy":"post_tag","embeddable":true,"href":"https:\/\/insideamateurfussball-ffm.de\/index.php?rest_route=%2Fwp%2Fv2%2Ftags&post=27616"}],"curies":[{"name":"wp","href":"https:\/\/api.w.org\/{rel}","templated":true}]}}