{"id":27588,"date":"2025-08-29T17:31:00","date_gmt":"2025-08-29T16:31:00","guid":{"rendered":"https:\/\/insideamateurfussball-ffm.de\/?p=27588"},"modified":"2025-09-01T19:26:12","modified_gmt":"2025-09-01T18:26:12","slug":"gsu-hellas-eliminiert-favorit-fechenheim","status":"publish","type":"post","link":"https:\/\/insideamateurfussball-ffm.de\/?p=27588","title":{"rendered":"GSU Hellas eliminiert Favorit Fechenheim"},"content":{"rendered":"<h4>Kreisoberliga-Aufsteiger GSU Hellas eliminierte in der 1. Runde des Kreispokals den favorisierten Gruppenligisten Spvgg. 03 Fechenheim. Nach dem 3:3 in der regul\u00e4ren Spielzeit triumphierten die Griechen auf dem Ausweichplatz am Rebstock mit 3:2. In der 2. Runde erwartet GSU Hellas Titelverteidiger FG Seckbach.\u00a0<\/h4>\n<figure id=\"attachment_27589\" aria-describedby=\"caption-attachment-27589\" style=\"width: 520px\" class=\"wp-caption alignnone\"><img loading=\"lazy\" decoding=\"async\" class=\"wp-image-27589\" src=\"http:\/\/insideamateurfussball-ffm.de\/wp-content\/uploads\/2025\/09\/gsu-fech-4.jpg\" alt=\"\" width=\"520\" height=\"758\" srcset=\"https:\/\/insideamateurfussball-ffm.de\/wp-content\/uploads\/2025\/09\/gsu-fech-4.jpg 513w, https:\/\/insideamateurfussball-ffm.de\/wp-content\/uploads\/2025\/09\/gsu-fech-4-206x300.jpg 206w\" sizes=\"auto, (max-width: 520px) 100vw, 520px\" \/><figcaption id=\"caption-attachment-27589\" class=\"wp-caption-text\">Fechenheims Trainer Necip Incesu. Foto: Mithat G\u00fcrser.\u00a0\u00a0<\/figcaption><\/figure>\n<h4>GSU Hellas &#8211; Spvgg. 03 Fechenheim 3:3 (0:1), 3:2 im Elfmeterschie\u00dfen<\/h4>\n<p><img loading=\"lazy\" decoding=\"async\" class=\"alignnone size-full wp-image-17152\" src=\"http:\/\/insideamateurfussball-ffm.de\/wp-content\/uploads\/2024\/03\/GSU-Hellas.png\" alt=\"\" width=\"80\" height=\"80\" \/><img loading=\"lazy\" decoding=\"async\" class=\"alignnone size-full wp-image-603\" src=\"http:\/\/insideamateurfussball-ffm.de\/wp-content\/uploads\/2022\/06\/Fech03.jpg\" alt=\"\" width=\"52\" height=\"80\" \/><\/p>\n<p>Die Partie begann am Mittwochabend rund zehn Minuten sp\u00e4ter als vorgesehen. Fechenheim zeigte zu wenig Leidenschaft, es war keine Bewegung im Spiel der G\u00e4ste, w\u00e4hrend sich die Griechen gut pr\u00e4sentierten. Dennoch konnte der Favorit durch Giovanbattista Pedace die F\u00fchrung erzielen (24.). Dem gegen\u00fcber stand vor nur 35 Zuschauern ein Lattenschuss von Said Naimi (32.). Bei den G\u00e4sten stand in Kennedy Ogbonnaya ein gelernter Feldspieler im Tor, da alle drei Torh\u00fcter im Aufgebot nicht zur Verf\u00fcgung standen.<\/p>\n<p>Es stimmte in der R\u00fcckw\u00e4rtsbewegung nicht, da blieben die 03er oft mit vier, f\u00fcnf Mann stehen. Nach dem Seitenwechsel sollten einige Wechsel f\u00fcr Besserung sorgen und durch das 2:0 von Metehan Karakus (60.) schien dies auch so zu sein. Doch Hellas gab nicht auf und verk\u00fcrzte durch den eingewechselten Pantelis Kotmilosi (64.). F\u00fcnf Minuten sp\u00e4ter der Ausgleich des Au\u00dfenseiters durch Mohamed Ayoub Mzoughi (69.). Der eingewechselte Fechenheimer Felix Casalino brachte die G\u00e4ste per Freisto\u00df wieder nach vorne (78.), doch Mzoghis Kopfball f\u00fchrte postwendend zum 3:3 (80.). Beide Teams wollten das sofortige Elfmeterschie\u00dfen, in dem die GSU Hellas gl\u00fcckssicherer agierte.<\/p>\n<blockquote>\n<h4>&#8222;Elfmeter ist Gl\u00fcckssache, heute war das Fu\u00dfballgl\u00fcck bei uns und wir sind froh, weiter zu sein.&#8220; (GSU Hellas-Trainer Volkan G\u00fcm\u00fcs)<\/h4>\n<\/blockquote>\n<p>Die G\u00e4ste rutschten auf dem Kunstrasen meist bei der Ausf\u00fchrung aus und so ging der Ball bei zwei Ausf\u00fchrungen gegen die Latte. GSU-Trainer Volkan G\u00fcmus: &#8222;Das ist eine \u00dcberraschung, aber wir haben gut dagegen gehalten, obwohl wir drei dumme Tore kassiert haben durch individuelle Fehler unserers Torwarts. Als Mannschaft haben wir weiter gek\u00e4mpft und Fu\u00dfball gespielt, die Tore geschossen. Elfmeter ist Gl\u00fcckssache, heute war das Fu\u00dfballgl\u00fcck bei uns und wir sind froh, weiter zu sein.&#8220; Fechenheims Trainer Necip Incesu war \u00fcber das Ausscheiden erbost: &#8222;Das war absolut verdient, die haben gut gek\u00e4mpft und gespielt. Wir haben es mal wieder nicht hinbekommen, eine souver\u00e4ne Leistung zu bringen, haben es vers\u00e4umt nach dem 2:0 Sicherheit zu kriegen, gerade bei so einem Spiel gegen einen unterklassigen Gegner wollten wir Selbstbewusstsein tanken f\u00fcr die Runde, die auch schon nicht optimal l\u00e4uft.&#8220;<\/p>\n<p>Am Wochenende waren die Fechenheimer spielfrei und erwarten am Mittwoch den defensivstarken FC Tempo (20 Uhr).\u00a0\u00a0<\/p>\n<blockquote>\n<h4>Schiedsrichter: Zakaria Kaddouri (SV Pars Neu-Isenburg). Zuschauer: 35.<\/h4>\n<h4>Tore: 0:1 Giovanbattista Pedace (24.), 0:2 Metehan Karakus (60.), 1:2 Pantelis Kotmilosi (64.), 2:2 Mohamed Ayoub Mzoughi (69.), 2:3 Felix Casalino (78.), 3:3 Mohamed Ayoub Mzoughi (80.). Elfmeterschie\u00dfen: 3:4 Casalino, 4:4 Vassiliou, Nasic an die Latte, 5:4 Dei, Karakus an die Latte, Huliuk dr\u00fcber, 5:5 Yalew, 6:5 Schn\u00fccker, Ogbonnaya neben das Tor.\u00a0<\/h4>\n<\/blockquote>\n<p>\u00a0<\/p>\n\n<h4>Bildergalerie: Mithat G\u00fcrser!\u00a0<\/h4>\n\n\n<figure class=\"wp-block-image size-full is-style-rounded\"><img loading=\"lazy\" decoding=\"async\" width=\"886\" height=\"681\" src=\"https:\/\/insideamateurfussball-ffm.de\/wp-content\/uploads\/2025\/09\/gsu-fech-8.jpg\" alt=\"\" class=\"wp-image-27590\" srcset=\"https:\/\/insideamateurfussball-ffm.de\/wp-content\/uploads\/2025\/09\/gsu-fech-8.jpg 886w, https:\/\/insideamateurfussball-ffm.de\/wp-content\/uploads\/2025\/09\/gsu-fech-8-300x231.jpg 300w, https:\/\/insideamateurfussball-ffm.de\/wp-content\/uploads\/2025\/09\/gsu-fech-8-768x590.jpg 768w\" sizes=\"auto, (max-width: 886px) 100vw, 886px\" \/><\/figure>\n\n\n\n<figure class=\"wp-block-gallery has-nested-images columns-default is-cropped wp-block-gallery-1 is-layout-flex wp-block-gallery-is-layout-flex\">\n<figure class=\"wp-block-image size-large is-style-rounded\"><img loading=\"lazy\" decoding=\"async\" width=\"886\" height=\"715\" data-id=\"27591\" src=\"https:\/\/insideamateurfussball-ffm.de\/wp-content\/uploads\/2025\/09\/gsu-fech12.jpg\" alt=\"\" class=\"wp-image-27591\" srcset=\"https:\/\/insideamateurfussball-ffm.de\/wp-content\/uploads\/2025\/09\/gsu-fech12.jpg 886w, https:\/\/insideamateurfussball-ffm.de\/wp-content\/uploads\/2025\/09\/gsu-fech12-300x242.jpg 300w, https:\/\/insideamateurfussball-ffm.de\/wp-content\/uploads\/2025\/09\/gsu-fech12-768x620.jpg 768w\" sizes=\"auto, (max-width: 886px) 100vw, 886px\" \/><\/figure>\n<\/figure>\n\n\n\n<figure class=\"wp-block-image size-full is-style-rounded\"><img loading=\"lazy\" decoding=\"async\" width=\"886\" height=\"669\" src=\"https:\/\/insideamateurfussball-ffm.de\/wp-content\/uploads\/2025\/09\/gsu-fech-15.jpg\" alt=\"\" class=\"wp-image-27592\" srcset=\"https:\/\/insideamateurfussball-ffm.de\/wp-content\/uploads\/2025\/09\/gsu-fech-15.jpg 886w, https:\/\/insideamateurfussball-ffm.de\/wp-content\/uploads\/2025\/09\/gsu-fech-15-300x227.jpg 300w, https:\/\/insideamateurfussball-ffm.de\/wp-content\/uploads\/2025\/09\/gsu-fech-15-768x580.jpg 768w\" sizes=\"auto, (max-width: 886px) 100vw, 886px\" \/><\/figure>\n\n\n\n<figure class=\"wp-block-image size-full is-style-rounded\"><img loading=\"lazy\" decoding=\"async\" width=\"886\" height=\"655\" src=\"https:\/\/insideamateurfussball-ffm.de\/wp-content\/uploads\/2025\/09\/gsu-fech-19.jpg\" alt=\"\" class=\"wp-image-27593\" srcset=\"https:\/\/insideamateurfussball-ffm.de\/wp-content\/uploads\/2025\/09\/gsu-fech-19.jpg 886w, https:\/\/insideamateurfussball-ffm.de\/wp-content\/uploads\/2025\/09\/gsu-fech-19-300x222.jpg 300w, https:\/\/insideamateurfussball-ffm.de\/wp-content\/uploads\/2025\/09\/gsu-fech-19-768x568.jpg 768w\" sizes=\"auto, (max-width: 886px) 100vw, 886px\" \/><\/figure>\n\n\n\n<figure class=\"wp-block-image size-full is-style-rounded\"><img loading=\"lazy\" decoding=\"async\" width=\"886\" height=\"604\" src=\"https:\/\/insideamateurfussball-ffm.de\/wp-content\/uploads\/2025\/09\/gsu-fech-2.jpg\" alt=\"\" class=\"wp-image-27594\" srcset=\"https:\/\/insideamateurfussball-ffm.de\/wp-content\/uploads\/2025\/09\/gsu-fech-2.jpg 886w, https:\/\/insideamateurfussball-ffm.de\/wp-content\/uploads\/2025\/09\/gsu-fech-2-300x205.jpg 300w, https:\/\/insideamateurfussball-ffm.de\/wp-content\/uploads\/2025\/09\/gsu-fech-2-768x524.jpg 768w\" sizes=\"auto, (max-width: 886px) 100vw, 886px\" \/><\/figure>\n\n\n\n<figure class=\"wp-block-gallery has-nested-images columns-default is-cropped wp-block-gallery-2 is-layout-flex wp-block-gallery-is-layout-flex\">\n<figure class=\"wp-block-image size-large is-style-rounded\"><img loading=\"lazy\" decoding=\"async\" width=\"886\" height=\"650\" data-id=\"27595\" src=\"https:\/\/insideamateurfussball-ffm.de\/wp-content\/uploads\/2025\/09\/gsu-fech-6.jpg\" alt=\"\" class=\"wp-image-27595\" srcset=\"https:\/\/insideamateurfussball-ffm.de\/wp-content\/uploads\/2025\/09\/gsu-fech-6.jpg 886w, https:\/\/insideamateurfussball-ffm.de\/wp-content\/uploads\/2025\/09\/gsu-fech-6-300x220.jpg 300w, https:\/\/insideamateurfussball-ffm.de\/wp-content\/uploads\/2025\/09\/gsu-fech-6-768x563.jpg 768w\" sizes=\"auto, (max-width: 886px) 100vw, 886px\" \/><\/figure>\n<\/figure>\n\n\n\n<figure class=\"wp-block-image size-full is-style-rounded\"><img loading=\"lazy\" decoding=\"async\" width=\"886\" height=\"729\" src=\"https:\/\/insideamateurfussball-ffm.de\/wp-content\/uploads\/2025\/09\/gsu-fech-10.jpg\" alt=\"\" class=\"wp-image-27596\" srcset=\"https:\/\/insideamateurfussball-ffm.de\/wp-content\/uploads\/2025\/09\/gsu-fech-10.jpg 886w, https:\/\/insideamateurfussball-ffm.de\/wp-content\/uploads\/2025\/09\/gsu-fech-10-300x247.jpg 300w, https:\/\/insideamateurfussball-ffm.de\/wp-content\/uploads\/2025\/09\/gsu-fech-10-768x632.jpg 768w\" sizes=\"auto, (max-width: 886px) 100vw, 886px\" \/><\/figure>\n\n\n\n<figure class=\"wp-block-image size-full is-style-rounded\"><img loading=\"lazy\" decoding=\"async\" width=\"886\" height=\"633\" src=\"https:\/\/insideamateurfussball-ffm.de\/wp-content\/uploads\/2025\/09\/gsu-fech-13.jpg\" alt=\"\" class=\"wp-image-27597\" srcset=\"https:\/\/insideamateurfussball-ffm.de\/wp-content\/uploads\/2025\/09\/gsu-fech-13.jpg 886w, https:\/\/insideamateurfussball-ffm.de\/wp-content\/uploads\/2025\/09\/gsu-fech-13-300x214.jpg 300w, https:\/\/insideamateurfussball-ffm.de\/wp-content\/uploads\/2025\/09\/gsu-fech-13-768x549.jpg 768w\" sizes=\"auto, (max-width: 886px) 100vw, 886px\" \/><\/figure>\n\n\n\n<figure class=\"wp-block-image size-full is-style-rounded\"><img loading=\"lazy\" decoding=\"async\" width=\"886\" height=\"635\" src=\"https:\/\/insideamateurfussball-ffm.de\/wp-content\/uploads\/2025\/09\/gsu-fech-17.jpg\" alt=\"\" class=\"wp-image-27598\" srcset=\"https:\/\/insideamateurfussball-ffm.de\/wp-content\/uploads\/2025\/09\/gsu-fech-17.jpg 886w, https:\/\/insideamateurfussball-ffm.de\/wp-content\/uploads\/2025\/09\/gsu-fech-17-300x215.jpg 300w, https:\/\/insideamateurfussball-ffm.de\/wp-content\/uploads\/2025\/09\/gsu-fech-17-768x550.jpg 768w\" sizes=\"auto, (max-width: 886px) 100vw, 886px\" \/><\/figure>\n\n\n\n<figure class=\"wp-block-image size-full is-style-rounded\"><img loading=\"lazy\" decoding=\"async\" width=\"886\" height=\"663\" src=\"https:\/\/insideamateurfussball-ffm.de\/wp-content\/uploads\/2025\/09\/gsu-feh-16.jpg\" alt=\"\" class=\"wp-image-27599\" srcset=\"https:\/\/insideamateurfussball-ffm.de\/wp-content\/uploads\/2025\/09\/gsu-feh-16.jpg 886w, https:\/\/insideamateurfussball-ffm.de\/wp-content\/uploads\/2025\/09\/gsu-feh-16-300x224.jpg 300w, https:\/\/insideamateurfussball-ffm.de\/wp-content\/uploads\/2025\/09\/gsu-feh-16-768x575.jpg 768w\" sizes=\"auto, (max-width: 886px) 100vw, 886px\" \/><\/figure>\n\n\n\n<figure class=\"wp-block-image size-full is-style-rounded\"><img loading=\"lazy\" decoding=\"async\" width=\"931\" height=\"591\" src=\"https:\/\/insideamateurfussball-ffm.de\/wp-content\/uploads\/2025\/09\/gsu-fech-5.jpg\" alt=\"\" class=\"wp-image-27600\" srcset=\"https:\/\/insideamateurfussball-ffm.de\/wp-content\/uploads\/2025\/09\/gsu-fech-5.jpg 931w, https:\/\/insideamateurfussball-ffm.de\/wp-content\/uploads\/2025\/09\/gsu-fech-5-300x190.jpg 300w, https:\/\/insideamateurfussball-ffm.de\/wp-content\/uploads\/2025\/09\/gsu-fech-5-768x488.jpg 768w\" sizes=\"auto, (max-width: 931px) 100vw, 931px\" \/><\/figure>\n\n\n\n<figure class=\"wp-block-image size-full is-style-rounded\"><img loading=\"lazy\" decoding=\"async\" width=\"886\" height=\"581\" src=\"https:\/\/insideamateurfussball-ffm.de\/wp-content\/uploads\/2025\/09\/gsu-fech9.jpg\" alt=\"\" class=\"wp-image-27601\" srcset=\"https:\/\/insideamateurfussball-ffm.de\/wp-content\/uploads\/2025\/09\/gsu-fech9.jpg 886w, https:\/\/insideamateurfussball-ffm.de\/wp-content\/uploads\/2025\/09\/gsu-fech9-300x197.jpg 300w, https:\/\/insideamateurfussball-ffm.de\/wp-content\/uploads\/2025\/09\/gsu-fech9-768x504.jpg 768w\" sizes=\"auto, (max-width: 886px) 100vw, 886px\" \/><\/figure>\n\n\n\n<figure class=\"wp-block-image size-full is-style-rounded\"><img loading=\"lazy\" decoding=\"async\" width=\"886\" height=\"611\" src=\"https:\/\/insideamateurfussball-ffm.de\/wp-content\/uploads\/2025\/09\/gsu-fech-12.jpg\" alt=\"\" class=\"wp-image-27602\" srcset=\"https:\/\/insideamateurfussball-ffm.de\/wp-content\/uploads\/2025\/09\/gsu-fech-12.jpg 886w, https:\/\/insideamateurfussball-ffm.de\/wp-content\/uploads\/2025\/09\/gsu-fech-12-300x207.jpg 300w, https:\/\/insideamateurfussball-ffm.de\/wp-content\/uploads\/2025\/09\/gsu-fech-12-768x530.jpg 768w\" sizes=\"auto, (max-width: 886px) 100vw, 886px\" \/><\/figure>\n\n\n\n<figure class=\"wp-block-image size-full is-style-rounded\"><img loading=\"lazy\" decoding=\"async\" width=\"886\" height=\"654\" src=\"https:\/\/insideamateurfussball-ffm.de\/wp-content\/uploads\/2025\/09\/gsu-fech-16.jpg\" alt=\"\" class=\"wp-image-27603\" srcset=\"https:\/\/insideamateurfussball-ffm.de\/wp-content\/uploads\/2025\/09\/gsu-fech-16.jpg 886w, https:\/\/insideamateurfussball-ffm.de\/wp-content\/uploads\/2025\/09\/gsu-fech-16-300x221.jpg 300w, https:\/\/insideamateurfussball-ffm.de\/wp-content\/uploads\/2025\/09\/gsu-fech-16-768x567.jpg 768w\" sizes=\"auto, (max-width: 886px) 100vw, 886px\" \/><\/figure>\n\n\n\n<figure class=\"wp-block-image size-full is-style-rounded\"><img loading=\"lazy\" decoding=\"async\" width=\"886\" height=\"601\" src=\"https:\/\/insideamateurfussball-ffm.de\/wp-content\/uploads\/2025\/09\/gsu-fech-20.jpg\" alt=\"\" class=\"wp-image-27604\" srcset=\"https:\/\/insideamateurfussball-ffm.de\/wp-content\/uploads\/2025\/09\/gsu-fech-20.jpg 886w, https:\/\/insideamateurfussball-ffm.de\/wp-content\/uploads\/2025\/09\/gsu-fech-20-300x203.jpg 300w, https:\/\/insideamateurfussball-ffm.de\/wp-content\/uploads\/2025\/09\/gsu-fech-20-768x521.jpg 768w\" sizes=\"auto, (max-width: 886px) 100vw, 886px\" \/><\/figure>\n\n\n\n<figure class=\"wp-block-image size-full is-style-rounded\"><img loading=\"lazy\" decoding=\"async\" width=\"886\" height=\"601\" src=\"https:\/\/insideamateurfussball-ffm.de\/wp-content\/uploads\/2025\/09\/gsu-fech-3.jpg\" alt=\"\" class=\"wp-image-27605\" srcset=\"https:\/\/insideamateurfussball-ffm.de\/wp-content\/uploads\/2025\/09\/gsu-fech-3.jpg 886w, https:\/\/insideamateurfussball-ffm.de\/wp-content\/uploads\/2025\/09\/gsu-fech-3-300x203.jpg 300w, https:\/\/insideamateurfussball-ffm.de\/wp-content\/uploads\/2025\/09\/gsu-fech-3-768x521.jpg 768w\" sizes=\"auto, (max-width: 886px) 100vw, 886px\" \/><\/figure>\n\n\n\n<figure class=\"wp-block-image size-full is-style-rounded\"><img loading=\"lazy\" decoding=\"async\" width=\"886\" height=\"637\" src=\"https:\/\/insideamateurfussball-ffm.de\/wp-content\/uploads\/2025\/09\/gsu-fech-7.jpg\" alt=\"\" class=\"wp-image-27606\" srcset=\"https:\/\/insideamateurfussball-ffm.de\/wp-content\/uploads\/2025\/09\/gsu-fech-7.jpg 886w, https:\/\/insideamateurfussball-ffm.de\/wp-content\/uploads\/2025\/09\/gsu-fech-7-300x216.jpg 300w, https:\/\/insideamateurfussball-ffm.de\/wp-content\/uploads\/2025\/09\/gsu-fech-7-768x552.jpg 768w\" sizes=\"auto, (max-width: 886px) 100vw, 886px\" \/><\/figure>\n\n\n\n<figure class=\"wp-block-image size-full is-style-rounded\"><img loading=\"lazy\" decoding=\"async\" width=\"886\" height=\"619\" src=\"https:\/\/insideamateurfussball-ffm.de\/wp-content\/uploads\/2025\/09\/gsu-fech-11.jpg\" alt=\"\" class=\"wp-image-27607\" srcset=\"https:\/\/insideamateurfussball-ffm.de\/wp-content\/uploads\/2025\/09\/gsu-fech-11.jpg 886w, https:\/\/insideamateurfussball-ffm.de\/wp-content\/uploads\/2025\/09\/gsu-fech-11-300x210.jpg 300w, https:\/\/insideamateurfussball-ffm.de\/wp-content\/uploads\/2025\/09\/gsu-fech-11-768x537.jpg 768w\" sizes=\"auto, (max-width: 886px) 100vw, 886px\" \/><\/figure>\n\n\n\n<figure class=\"wp-block-image size-full is-style-rounded\"><img loading=\"lazy\" decoding=\"async\" width=\"886\" height=\"707\" src=\"https:\/\/insideamateurfussball-ffm.de\/wp-content\/uploads\/2025\/09\/gsu-fech-14.jpg\" alt=\"\" class=\"wp-image-27608\" srcset=\"https:\/\/insideamateurfussball-ffm.de\/wp-content\/uploads\/2025\/09\/gsu-fech-14.jpg 886w, https:\/\/insideamateurfussball-ffm.de\/wp-content\/uploads\/2025\/09\/gsu-fech-14-300x239.jpg 300w, https:\/\/insideamateurfussball-ffm.de\/wp-content\/uploads\/2025\/09\/gsu-fech-14-768x613.jpg 768w\" sizes=\"auto, (max-width: 886px) 100vw, 886px\" \/><\/figure>\n\n\n\n<figure class=\"wp-block-image size-full is-style-rounded\"><img loading=\"lazy\" decoding=\"async\" width=\"886\" height=\"653\" src=\"https:\/\/insideamateurfussball-ffm.de\/wp-content\/uploads\/2025\/09\/gsu-fech-18.jpg\" alt=\"\" class=\"wp-image-27609\" srcset=\"https:\/\/insideamateurfussball-ffm.de\/wp-content\/uploads\/2025\/09\/gsu-fech-18.jpg 886w, https:\/\/insideamateurfussball-ffm.de\/wp-content\/uploads\/2025\/09\/gsu-fech-18-300x221.jpg 300w, https:\/\/insideamateurfussball-ffm.de\/wp-content\/uploads\/2025\/09\/gsu-fech-18-768x566.jpg 768w\" sizes=\"auto, (max-width: 886px) 100vw, 886px\" \/><\/figure>\n\n\n\n<figure class=\"wp-block-gallery has-nested-images columns-default is-cropped wp-block-gallery-3 is-layout-flex wp-block-gallery-is-layout-flex\">\n<figure class=\"wp-block-image size-large is-style-rounded\"><img loading=\"lazy\" decoding=\"async\" width=\"886\" height=\"612\" data-id=\"27610\" src=\"https:\/\/insideamateurfussball-ffm.de\/wp-content\/uploads\/2025\/09\/gsu-fech-1.jpg\" alt=\"\" class=\"wp-image-27610\" srcset=\"https:\/\/insideamateurfussball-ffm.de\/wp-content\/uploads\/2025\/09\/gsu-fech-1.jpg 886w, https:\/\/insideamateurfussball-ffm.de\/wp-content\/uploads\/2025\/09\/gsu-fech-1-300x207.jpg 300w, https:\/\/insideamateurfussball-ffm.de\/wp-content\/uploads\/2025\/09\/gsu-fech-1-768x530.jpg 768w\" sizes=\"auto, (max-width: 886px) 100vw, 886px\" \/><\/figure>\n<\/figure>\n","protected":false},"excerpt":{"rendered":"<p>Kreisoberliga-Aufsteiger GSU Hellas eliminierte in der 1. Runde des Kreispokals den favorisierten Gruppenligisten Spvgg. 03 Fechenheim. Nach dem 3:3 in der regul\u00e4ren Spielzeit triumphierten die Griechen auf dem Ausweichplatz am Rebstock mit 3:2. In der 2. Runde erwartet GSU Hellas Titelverteidiger FG Seckbach.\u00a0 GSU Hellas &#8211; Spvgg. 03 Fechenheim 3:3 (0:1), 3:2 im Elfmeterschie\u00dfen Die [&hellip;]<\/p>\n","protected":false},"author":1,"featured_media":27589,"comment_status":"open","ping_status":"open","sticky":true,"template":"","format":"standard","meta":{"footnotes":""},"categories":[9],"tags":[],"class_list":["post-27588","post","type-post","status-publish","format-standard","has-post-thumbnail","hentry","category-kreispokal"],"_links":{"self":[{"href":"https:\/\/insideamateurfussball-ffm.de\/index.php?rest_route=\/wp\/v2\/posts\/27588","targetHints":{"allow":["GET"]}}],"collection":[{"href":"https:\/\/insideamateurfussball-ffm.de\/index.php?rest_route=\/wp\/v2\/posts"}],"about":[{"href":"https:\/\/insideamateurfussball-ffm.de\/index.php?rest_route=\/wp\/v2\/types\/post"}],"author":[{"embeddable":true,"href":"https:\/\/insideamateurfussball-ffm.de\/index.php?rest_route=\/wp\/v2\/users\/1"}],"replies":[{"embeddable":true,"href":"https:\/\/insideamateurfussball-ffm.de\/index.php?rest_route=%2Fwp%2Fv2%2Fcomments&post=27588"}],"version-history":[{"count":1,"href":"https:\/\/insideamateurfussball-ffm.de\/index.php?rest_route=\/wp\/v2\/posts\/27588\/revisions"}],"predecessor-version":[{"id":27611,"href":"https:\/\/insideamateurfussball-ffm.de\/index.php?rest_route=\/wp\/v2\/posts\/27588\/revisions\/27611"}],"wp:featuredmedia":[{"embeddable":true,"href":"https:\/\/insideamateurfussball-ffm.de\/index.php?rest_route=\/wp\/v2\/media\/27589"}],"wp:attachment":[{"href":"https:\/\/insideamateurfussball-ffm.de\/index.php?rest_route=%2Fwp%2Fv2%2Fmedia&parent=27588"}],"wp:term":[{"taxonomy":"category","embeddable":true,"href":"https:\/\/insideamateurfussball-ffm.de\/index.php?rest_route=%2Fwp%2Fv2%2Fcategories&post=27588"},{"taxonomy":"post_tag","embeddable":true,"href":"https:\/\/insideamateurfussball-ffm.de\/index.php?rest_route=%2Fwp%2Fv2%2Ftags&post=27588"}],"curies":[{"name":"wp","href":"https:\/\/api.w.org\/{rel}","templated":true}]}}