{"id":27585,"date":"2025-08-29T17:25:00","date_gmt":"2025-08-29T16:25:00","guid":{"rendered":"https:\/\/insideamateurfussball-ffm.de\/?p=27585"},"modified":"2025-09-01T20:35:45","modified_gmt":"2025-09-01T19:35:45","slug":"die-pokalspiele-vom-mittwoch-in-der-uebersicht","status":"publish","type":"post","link":"https:\/\/insideamateurfussball-ffm.de\/?p=27585","title":{"rendered":"Die Pokalspiele vom Mittwoch in der \u00dcbersicht"},"content":{"rendered":"<h4>Vier Spiele fanden am Mittwochabend im Kreispokal statt, zwei wurden kurzfristig abgesagt. \u00dcber den Pokalcoup der GSU Hellas gegen Gruppenligist Spvgg. 03 Fechenheim berichten wir im Anschluss gesondert.<\/h4>\n<figure id=\"attachment_25312\" aria-describedby=\"caption-attachment-25312\" style=\"width: 719px\" class=\"wp-caption alignnone\"><img loading=\"lazy\" decoding=\"async\" class=\"wp-image-25312\" src=\"http:\/\/insideamateurfussball-ffm.de\/wp-content\/uploads\/2025\/05\/rw-beinh12.jpg\" alt=\"\" width=\"719\" height=\"522\" srcset=\"https:\/\/insideamateurfussball-ffm.de\/wp-content\/uploads\/2025\/05\/rw-beinh12.jpg 709w, https:\/\/insideamateurfussball-ffm.de\/wp-content\/uploads\/2025\/05\/rw-beinh12-300x218.jpg 300w\" sizes=\"auto, (max-width: 719px) 100vw, 719px\" \/><figcaption id=\"caption-attachment-25312\" class=\"wp-caption-text\">Rot-Weiss steht nach dem 9:0 bei Sandhof Niederrad souver\u00e4n in der 2. Runde. Foto: Archiv Mithat G\u00fcrser.<\/figcaption><\/figure>\n<h4>SV Eritrea &#8211; SG Westend 0:3 kampflos<\/h4>\n<p><img loading=\"lazy\" decoding=\"async\" class=\"alignnone size-full wp-image-171\" src=\"http:\/\/insideamateurfussball-ffm.de\/wp-content\/uploads\/2022\/05\/Eritrea.png\" alt=\"\" width=\"77\" height=\"80\" \/><img loading=\"lazy\" decoding=\"async\" class=\"alignnone size-full wp-image-611\" src=\"http:\/\/insideamateurfussball-ffm.de\/wp-content\/uploads\/2022\/06\/Westend.png\" alt=\"\" width=\"69\" height=\"80\" \/><\/p>\n<p>Nicht der unterklassige A-Ligist, sondern der Kreisoberligist sagte die Partie aus Personalmangel ab. &#8222;Zu viele gesperrte und verletzte Spieler aus dem Griesheim-Spiel&#8220;, begr\u00fcndete Westend-Trainer Vait Arslanoski.<\/p>\n<h4>FC Dynamo &#8211; BSC SW 19 0:8 (0:8)<\/h4>\n<p><img loading=\"lazy\" decoding=\"async\" class=\"alignnone size-full wp-image-169\" src=\"http:\/\/insideamateurfussball-ffm.de\/wp-content\/uploads\/2022\/05\/Dynamo.png\" alt=\"\" width=\"73\" height=\"80\" \/><img loading=\"lazy\" decoding=\"async\" class=\"alignnone size-full wp-image-285\" src=\"http:\/\/insideamateurfussball-ffm.de\/wp-content\/uploads\/2022\/05\/BSC-19.jpg\" alt=\"\" width=\"80\" height=\"61\" \/><\/p>\n<p>Kurios: Zur Halbzeit stand es bereits 8:0 f\u00fcr die drei Klassen h\u00f6her spielenden G\u00e4ste. Nach dem Seitenwechsel kassierte der C-Ligist dann kein Tor mehr. &#8222;Wir haben viel rotiert von Anfang an und vieles ausprobiert. Zweite Halbzeit haben wir dann paar G\u00e4nge runtergeschraubt.&#8220; Kahsay war zufrieden: &#8222;Den Klassenunterschied konnte man deutlich merken. Der Pflicht, eine Runde weiterzukommen, sind wir gerecht geworden, wohlverdient.&#8220;<\/p>\n<blockquote>\n<h4>Schiedsrichter: Sahin \u00d6zt\u00fcrk (SV Heftrich). Zuschauer: 40.<\/h4>\n<h4>Tore: 0:1 Biniam Gebrehiwot (5.\/Foulelfmeter), 0:2, 0:3 Elias Jennaoui (8.\/14.), 0:4 Maximilian B\u00fcge (21.), 0:5 Ayman Ba Haddou (24.), 0:6 Pap Momar Moustapha Diouf (30.), 0:7 Ayman Ba Haddou (39.), 0:4 Elias Jennaoui (40.).<\/h4>\n<\/blockquote>\n<h4>MKSV Makedonija &#8211; FC Kosova 0:3 kampflos<\/h4>\n<p><img loading=\"lazy\" decoding=\"async\" class=\"alignnone size-full wp-image-168\" src=\"http:\/\/insideamateurfussball-ffm.de\/wp-content\/uploads\/2022\/05\/Makedonija.jpg\" alt=\"\" width=\"58\" height=\"80\" \/><img loading=\"lazy\" decoding=\"async\" class=\"alignnone size-full wp-image-9\" src=\"http:\/\/insideamateurfussball-ffm.de\/wp-content\/uploads\/2021\/11\/Kosova.jpg\" alt=\"\" width=\"65\" height=\"80\" \/><\/p>\n<p>Das ausgeloste &#8222;Balkan-Derby&#8220; fand nicht statt. MKSV-Trainer Toni Naumoski, der sein Amt an Grigor Janev abgegeben hat, sagte die Partie kurzfristig aus Personalmangel ab. In der A-Klasse steht Makedonija mit 3:27 Toren noch ohne Punkt da.<\/p>\n<h4>SV Sandhof Niederrad &#8211; SG Rot-Weiss Frankfurt 0:9 (0:3)<\/h4>\n<p><img loading=\"lazy\" decoding=\"async\" class=\"alignnone size-full wp-image-3035\" src=\"http:\/\/insideamateurfussball-ffm.de\/wp-content\/uploads\/2022\/10\/Sandhof.jpg\" alt=\"\" width=\"80\" height=\"73\" \/><img loading=\"lazy\" decoding=\"async\" class=\"alignnone size-full wp-image-120\" src=\"http:\/\/insideamateurfussball-ffm.de\/wp-content\/uploads\/2022\/05\/rot-weiss.png\" alt=\"\" width=\"80\" height=\"70\" \/><\/p>\n<p>Ibrahim Cigdem, der Trainer von Rot-Weiss Frankfurt, bem\u00e4ngelte nach dem 9:0-Sieg im Kreispokal beim B-Ligisten SV Sandhof Niederrad unsportliches Verhalten. Dem Coach ging es &#8222;um die rustikale Spielweise des Gegners, die unsere Spieler an der Mittellinie r\u00fcde getreten haben.&#8220; Zum Gl\u00fcck habe sich keiner schwer verletzt, sodass Cigdem im Gastspiel beim punktgleichen Neuling FC Neu-Anspach am Sonntag (3:1) ein volles Aufgebot zur Verf\u00fcgung stand.<\/p>\n<blockquote>\n<h4>Schiedsrichter: Emrah Ertem (SC Goldstein). Zuschauer: 75.<\/h4>\n<h4>Tore: 0:1 Georgi Georgiev (22.), 0:2 Tim Frohne (34.), 0:3 Georgi Georgiev (39.), 0:4, 0:5 Tim Frohne (53.\/54.), 0:6 Abdussamed G\u00fcrsoy (62.), 0:7 Sinan Salih (83.), 0:8 Jonathan Sander (86.\/Foulelfmeter), 0:9 Tim Frohne (88.).<\/h4>\n<\/blockquote>\n<h4>Riedberger SV &#8211; FC Posavina 2:9 (0:6)<\/h4>\n<p><img loading=\"lazy\" decoding=\"async\" class=\"alignnone size-full wp-image-286\" src=\"http:\/\/insideamateurfussball-ffm.de\/wp-content\/uploads\/2022\/05\/RSV.jpg\" alt=\"\" width=\"80\" height=\"80\" \/><img loading=\"lazy\" decoding=\"async\" class=\"alignnone size-full wp-image-22\" src=\"http:\/\/insideamateurfussball-ffm.de\/wp-content\/uploads\/2021\/11\/posavina.jpg\" alt=\"\" width=\"63\" height=\"80\" \/><\/p>\n<p>Klare Sache auch f\u00fcr den Kreisoberlisten, der beim in der C-Klasse wieder neu gestarteten RSV einen Kantersieg feierte. Kurioserweise geht es f\u00fcr Posavina in der 2. Runde zum Lokalrivalen SC Riedberg (Kreisliga A).<\/p>\n<blockquote>\n<h4>Schiedsrichter: Michael Horn (SV Seulberg).<\/h4>\n<h4>Tore: 0:1 Gabriel Juric (6.), 0:2 Mato Djukic (13.), 0:3, 0:4 Filip Tomic (17.\/36.), 0:5 Anto Arlovic (42.), 0:6 Gabriel Juric (44.), 0:7 Ivan Wessel (61.), 0:8 Anto Arlovic (63.), 1:8 Ivan Bogdan Hartmann (67.), 2:8 Milos Stanojevic (83.), 2:9 Anto Arlovic (85.).<\/h4>\n<\/blockquote>\n","protected":false},"excerpt":{"rendered":"<p>Vier Spiele fanden am Mittwochabend im Kreispokal statt, zwei wurden kurzfristig abgesagt. \u00dcber den Pokalcoup der GSU Hellas gegen Gruppenligist Spvgg. 03 Fechenheim berichten wir im Anschluss gesondert. SV Eritrea &#8211; SG Westend 0:3 kampflos Nicht der unterklassige A-Ligist, sondern der Kreisoberligist sagte die Partie aus Personalmangel ab. &#8222;Zu viele gesperrte und verletzte Spieler aus [&hellip;]<\/p>\n","protected":false},"author":1,"featured_media":25312,"comment_status":"closed","ping_status":"closed","sticky":true,"template":"","format":"standard","meta":{"footnotes":""},"categories":[9],"tags":[],"class_list":["post-27585","post","type-post","status-publish","format-standard","has-post-thumbnail","hentry","category-kreispokal"],"_links":{"self":[{"href":"https:\/\/insideamateurfussball-ffm.de\/index.php?rest_route=\/wp\/v2\/posts\/27585","targetHints":{"allow":["GET"]}}],"collection":[{"href":"https:\/\/insideamateurfussball-ffm.de\/index.php?rest_route=\/wp\/v2\/posts"}],"about":[{"href":"https:\/\/insideamateurfussball-ffm.de\/index.php?rest_route=\/wp\/v2\/types\/post"}],"author":[{"embeddable":true,"href":"https:\/\/insideamateurfussball-ffm.de\/index.php?rest_route=\/wp\/v2\/users\/1"}],"replies":[{"embeddable":true,"href":"https:\/\/insideamateurfussball-ffm.de\/index.php?rest_route=%2Fwp%2Fv2%2Fcomments&post=27585"}],"version-history":[{"count":2,"href":"https:\/\/insideamateurfussball-ffm.de\/index.php?rest_route=\/wp\/v2\/posts\/27585\/revisions"}],"predecessor-version":[{"id":27619,"href":"https:\/\/insideamateurfussball-ffm.de\/index.php?rest_route=\/wp\/v2\/posts\/27585\/revisions\/27619"}],"wp:featuredmedia":[{"embeddable":true,"href":"https:\/\/insideamateurfussball-ffm.de\/index.php?rest_route=\/wp\/v2\/media\/25312"}],"wp:attachment":[{"href":"https:\/\/insideamateurfussball-ffm.de\/index.php?rest_route=%2Fwp%2Fv2%2Fmedia&parent=27585"}],"wp:term":[{"taxonomy":"category","embeddable":true,"href":"https:\/\/insideamateurfussball-ffm.de\/index.php?rest_route=%2Fwp%2Fv2%2Fcategories&post=27585"},{"taxonomy":"post_tag","embeddable":true,"href":"https:\/\/insideamateurfussball-ffm.de\/index.php?rest_route=%2Fwp%2Fv2%2Ftags&post=27585"}],"curies":[{"name":"wp","href":"https:\/\/api.w.org\/{rel}","templated":true}]}}