{"id":27582,"date":"2025-09-01T15:24:36","date_gmt":"2025-09-01T14:24:36","guid":{"rendered":"https:\/\/insideamateurfussball-ffm.de\/?p=27582"},"modified":"2025-09-01T15:24:36","modified_gmt":"2025-09-01T14:24:36","slug":"germania-ueberrascht-beim-22-gegen-bad-nauheim","status":"publish","type":"post","link":"https:\/\/insideamateurfussball-ffm.de\/?p=27582","title":{"rendered":"Germania \u00fcberrascht beim 2:2 gegen Bad Nauheim"},"content":{"rendered":"<h4>Der VfL Germania 94 hat mit seinem \u201eneuen\u201c Trainer Siar Daudi den ersten Punkt geholt, gegen den bis dahin gegentorlosen T\u00fcrkischen SV Bad Nauheim gab es am Ende ein \u00fcberraschendes 2:2.<\/h4>\n<figure id=\"attachment_27425\" aria-describedby=\"caption-attachment-27425\" style=\"width: 886px\" class=\"wp-caption alignnone\"><img loading=\"lazy\" decoding=\"async\" class=\"wp-image-27425 size-full\" src=\"http:\/\/insideamateurfussball-ffm.de\/wp-content\/uploads\/2025\/08\/bos-germ94-4.jpg\" alt=\"\" width=\"886\" height=\"590\" srcset=\"https:\/\/insideamateurfussball-ffm.de\/wp-content\/uploads\/2025\/08\/bos-germ94-4.jpg 886w, https:\/\/insideamateurfussball-ffm.de\/wp-content\/uploads\/2025\/08\/bos-germ94-4-300x200.jpg 300w, https:\/\/insideamateurfussball-ffm.de\/wp-content\/uploads\/2025\/08\/bos-germ94-4-768x511.jpg 768w\" sizes=\"auto, (max-width: 886px) 100vw, 886px\" \/><figcaption id=\"caption-attachment-27425\" class=\"wp-caption-text\">Aufsteiger VfL Germania 94 holte seinen ersten Punkt in der Gruppenliga. Foto: Archiv Mithat G\u00fcrser<\/figcaption><\/figure>\n<h4>VfL Germania 94 &#8211; T\u00fcrkischer SV Bad Nauheim 2:2 (1:2)<\/h4>\n<p><img loading=\"lazy\" decoding=\"async\" class=\"alignnone size-full wp-image-11577\" src=\"http:\/\/insideamateurfussball-ffm.de\/wp-content\/uploads\/2023\/08\/Germania-94.jpg\" alt=\"\" width=\"80\" height=\"80\" \/><img loading=\"lazy\" decoding=\"async\" class=\"alignnone size-full wp-image-25899\" src=\"http:\/\/insideamateurfussball-ffm.de\/wp-content\/uploads\/2025\/05\/Tuerkischer-SV.jpg\" alt=\"\" width=\"99\" height=\"99\" \/><\/p>\n<p>Die Vorzeichen vor dem Spiel waren klar, auf der einen Seite das punktlose Schlusslicht VfL Germania 94, auf der anderen Seite der T\u00fcrkische SV Bad Nauheim, der in seinen f\u00fcnf Spielen ein Torverh\u00e4ltnis von 22:0 erzielte, doch am Ende stand es 2:2, und Germanias Trainer Siar Daudi meinte: \u201ewir h\u00e4tten hier eigentlich gewinnen k\u00f6nnen.\u201c<\/p>\n<p>Seit drei Spielen ist Daudi wieder Trainer bei Germania, und seit drei Matches spielt die Germania besseren Fu\u00dfball und belohnte sich diesmal auch mit dem ersten Punkt gegen den favorisierten Gegner aus Bad Nauheim. Daudi: \u201ewir waren in der ersten Halbzeit die klar bessere Mannschaft, waren dominant, sind hoch angelaufen und hatten deutlich mehr Spielanteile\u201c. Doch mit der ersten gelungenen Offensivaktion gingen die G\u00e4ste aus Bad Nauheim durch Nahom Ogbay in der 21.Minute in F\u00fchrung. Die Germania lie\u00df sich nicht h\u00e4ngen und kam in der 40.Minute durch Komy Casia Lancine Camara zum verdienten Ausgleich. In der Nachspielzeit der ersten H\u00e4lfte gab es dann einen Foulelfmeter f\u00fcr den VfL, den Kapit\u00e4n Sunny Sallah zur 2:1-Halbzeitf\u00fchrung verwandeln konnte.<\/p>\n<p>Nach dem Wechsel warfen die G\u00e4ste alles nach vorne und hatten mehr Spielanteile, das Spiel der Germania geriet nach einem verletzungsbedingten Wechsel ins Stocken, und so kam der Favorit in der 81.Minute noch zum Ausgleich. Bei einem Angriff der G\u00e4ste wehrte Mirza Altuncu den Ball in Torwartmanier auf der Linie ab und kassierte die rote Karte, Noah P\u00f6litz lie\u00df sich den Elfmeter nicht entgehen und erzielte das 2:2. Doch die verbliebenen 15 Minuten (inklusive 5 Minuten Nachspielzeit) liessen die Gastgeber nichts mehr anbrennen, hatten kurz vor Ende sogar noch die Chance durch Koukou Barrista Nkingue Fiankeu auf den Lucky Punch, doch es blieb beim 2:2, wodurch der T\u00fcrkische SV Bad Nauheim die ersten Gegentore kassierte und die Germania den ersten von den 15 Minuspunkten abknapsen konnte.<\/p>\n<p>Am Mittwoch empf\u00e4ngt der VfL dann den Verbandsliga-Absteiger SKV Beienheim, ehe sie am Ende der englischen Woche spielfrei sind und neue Kr\u00e4fte tanken k\u00f6nnen. Das Spiel der ersten Runde des Kreispokals beim SV 07 Heddernheim wurde auf den 16.09.25 verlegt.<\/p>\n<h4>Schiedsrichter: Til Waschkowitz (TSV Mengsberg). Zuschauer: 150.<\/h4>\n<h4>Tore: 0:1 Nahom Ogbay (21.), 1:1 Komy Casia Lancine Camara (40.), 2.1 Sunny Sallah (45.+2, Elfmeter), 2:2 Noah P\u00f6litz (81., Elfmeter)<\/h4>\n","protected":false},"excerpt":{"rendered":"<p>Der VfL Germania 94 hat mit seinem \u201eneuen\u201c Trainer Siar Daudi den ersten Punkt geholt, gegen den bis dahin gegentorlosen T\u00fcrkischen SV Bad Nauheim gab es am Ende ein \u00fcberraschendes 2:2. VfL Germania 94 &#8211; T\u00fcrkischer SV Bad Nauheim 2:2 (1:2) Die Vorzeichen vor dem Spiel waren klar, auf der einen Seite das punktlose Schlusslicht [&hellip;]<\/p>\n","protected":false},"author":3,"featured_media":27425,"comment_status":"closed","ping_status":"open","sticky":true,"template":"","format":"standard","meta":{"footnotes":""},"categories":[13],"tags":[],"class_list":["post-27582","post","type-post","status-publish","format-standard","has-post-thumbnail","hentry","category-gruppenliga-frankfurt-west"],"_links":{"self":[{"href":"https:\/\/insideamateurfussball-ffm.de\/index.php?rest_route=\/wp\/v2\/posts\/27582","targetHints":{"allow":["GET"]}}],"collection":[{"href":"https:\/\/insideamateurfussball-ffm.de\/index.php?rest_route=\/wp\/v2\/posts"}],"about":[{"href":"https:\/\/insideamateurfussball-ffm.de\/index.php?rest_route=\/wp\/v2\/types\/post"}],"author":[{"embeddable":true,"href":"https:\/\/insideamateurfussball-ffm.de\/index.php?rest_route=\/wp\/v2\/users\/3"}],"replies":[{"embeddable":true,"href":"https:\/\/insideamateurfussball-ffm.de\/index.php?rest_route=%2Fwp%2Fv2%2Fcomments&post=27582"}],"version-history":[{"count":2,"href":"https:\/\/insideamateurfussball-ffm.de\/index.php?rest_route=\/wp\/v2\/posts\/27582\/revisions"}],"predecessor-version":[{"id":27584,"href":"https:\/\/insideamateurfussball-ffm.de\/index.php?rest_route=\/wp\/v2\/posts\/27582\/revisions\/27584"}],"wp:featuredmedia":[{"embeddable":true,"href":"https:\/\/insideamateurfussball-ffm.de\/index.php?rest_route=\/wp\/v2\/media\/27425"}],"wp:attachment":[{"href":"https:\/\/insideamateurfussball-ffm.de\/index.php?rest_route=%2Fwp%2Fv2%2Fmedia&parent=27582"}],"wp:term":[{"taxonomy":"category","embeddable":true,"href":"https:\/\/insideamateurfussball-ffm.de\/index.php?rest_route=%2Fwp%2Fv2%2Fcategories&post=27582"},{"taxonomy":"post_tag","embeddable":true,"href":"https:\/\/insideamateurfussball-ffm.de\/index.php?rest_route=%2Fwp%2Fv2%2Ftags&post=27582"}],"curies":[{"name":"wp","href":"https:\/\/api.w.org\/{rel}","templated":true}]}}