{"id":27576,"date":"2025-09-01T14:26:41","date_gmt":"2025-09-01T13:26:41","guid":{"rendered":"https:\/\/insideamateurfussball-ffm.de\/?p=27576"},"modified":"2025-09-01T14:26:41","modified_gmt":"2025-09-01T13:26:41","slug":"seckbach-verliert-erneut-gegen-den-fv-stierstadt","status":"publish","type":"post","link":"https:\/\/insideamateurfussball-ffm.de\/?p=27576","title":{"rendered":"Seckbach verliert erneut gegen den FV Stierstadt"},"content":{"rendered":"<h4>Die Spiele gegen den FV Stierstadt m\u00f6chte die FG Seckbach am liebsten streichen, auch diesmal unterlag man dem \u201eAngstgegner\u201c auf heimischen Gel\u00e4nde nach einer schwachen Leistung mit 1:4.<\/h4>\n<figure id=\"attachment_27338\" aria-describedby=\"caption-attachment-27338\" style=\"width: 2016px\" class=\"wp-caption alignnone\"><img loading=\"lazy\" decoding=\"async\" class=\"wp-image-27338 size-full\" src=\"http:\/\/insideamateurfussball-ffm.de\/wp-content\/uploads\/2025\/08\/seckbachfriedrichsdorf06.jpg\" alt=\"\" width=\"2016\" height=\"1512\" srcset=\"https:\/\/insideamateurfussball-ffm.de\/wp-content\/uploads\/2025\/08\/seckbachfriedrichsdorf06.jpg 2016w, https:\/\/insideamateurfussball-ffm.de\/wp-content\/uploads\/2025\/08\/seckbachfriedrichsdorf06-300x225.jpg 300w, https:\/\/insideamateurfussball-ffm.de\/wp-content\/uploads\/2025\/08\/seckbachfriedrichsdorf06-1024x768.jpg 1024w, https:\/\/insideamateurfussball-ffm.de\/wp-content\/uploads\/2025\/08\/seckbachfriedrichsdorf06-768x576.jpg 768w, https:\/\/insideamateurfussball-ffm.de\/wp-content\/uploads\/2025\/08\/seckbachfriedrichsdorf06-1536x1152.jpg 1536w\" sizes=\"auto, (max-width: 2016px) 100vw, 2016px\" \/><figcaption id=\"caption-attachment-27338\" class=\"wp-caption-text\">Seckbachs Spielertrainer fand die Niederlage gegen Stierstadt &#8222;\u00e4rgerlich und unn\u00f6tig&#8220;. Foto: Archiv MZ<\/figcaption><\/figure>\n<h4>FG Seckbach &#8211; FV Stierstadt 1:4 (1:1)<\/h4>\n<p><img loading=\"lazy\" decoding=\"async\" class=\"alignnone size-full wp-image-544\" src=\"http:\/\/insideamateurfussball-ffm.de\/wp-content\/uploads\/2022\/06\/Seckbach.jpg\" alt=\"\" width=\"80\" height=\"80\" \/><img loading=\"lazy\" decoding=\"async\" class=\"alignnone size-full wp-image-3054\" src=\"http:\/\/insideamateurfussball-ffm.de\/wp-content\/uploads\/2022\/10\/Stierstadt.png\" alt=\"\" width=\"80\" height=\"80\" \/><\/p>\n<p>Die FG Seckbach ist selten erfolgreich gegen den FV Stierstadt, und das war auch am Sonntag wieder so. In der Woche hatte sich die FG Seckbach in der ersten Runde im Kreispokal bei Concordia Eschersheim mit 4:0 durchgesetzt, am Ende der zweiten englischen Woche unterlag man zu Hause gegen den Angstgegner mit 1:4. Die G\u00e4ste aus Stierstadt gingen bereits in der 17.Minute durch Nils Jandausch mit 1:0 in F\u00fchrung, der nach einem Freisto\u00df an den Ball kam und ihn im Tor versenkte. Die FG Seckbach konnte in der 32.Minute durch ein Tor von Bo Lockl ausgleichen, mit diesem Ergebnis ging es dann auch in die Pause.<\/p>\n<p>Nach der Pause profitierten die G\u00e4ste von den Fehlern der Heimmannschaft, der ehemalige Seckbacher Joshua Lyzcarz brachte Stierstadt in der 51.Minute mit 2:1 in Front, und mit einem Doppelschlag zum 4:1 in der 63. und der 67.Minute durch ein Eigentor von Nick B\u00f6ff und einem Treffer von Luan Lauer war die Partie gelaufen. Seckbachs Spielertrainer Manuel May: \u201ees war ein Sommerkick, bei dem wir mehr Fehler gemacht haben als der Gegner. Die Niederlage war \u00e4rgerlich und unn\u00f6tig, vor allen Dingen, weil man das Gef\u00fchl hatte, wir w\u00e4ren besser als der Gegner gewesen. Aber wir waren hinten raus nicht aktiv genug.\u201c<\/p>\n<p>In der dritten englischen Woche nacheinander geht es f\u00fcr die FG Seckbach am Donnerstag gegen Aufsteiger FC Olympia Fauerbach, ehe es am Sonntag zur Spvgg. 05 Oberrad geht. Das Spiel in der zweiten Runde des Hessenpokals soll in Absprache mit Gegner Germania Ober-Roden auf Mittwoch, den 17.09.25 gelegt werden, um dem ChanpionsLeague-Heimspiel der Frankfurter Eintracht am Donnerstag aus dem Weg zu gehen.<\/p>\n<h4>Schiedsrichter: Julius Schenk (SG Modau). Zuschauer: 120.<\/h4>\n<h4>Tore: 0:1 Nils Jandausch (17.), 1:1 Bo Lockl (32.), 1:2 Joshua Lyzcarz (51.), 1:3 Nick B\u00f6ff (63., Eigentor), 1:4 Luan Lauer (67.)<\/h4>\n","protected":false},"excerpt":{"rendered":"<p>Die Spiele gegen den FV Stierstadt m\u00f6chte die FG Seckbach am liebsten streichen, auch diesmal unterlag man dem \u201eAngstgegner\u201c auf heimischen Gel\u00e4nde nach einer schwachen Leistung mit 1:4. FG Seckbach &#8211; FV Stierstadt 1:4 (1:1) Die FG Seckbach ist selten erfolgreich gegen den FV Stierstadt, und das war auch am Sonntag wieder so. In der [&hellip;]<\/p>\n","protected":false},"author":3,"featured_media":27338,"comment_status":"closed","ping_status":"open","sticky":true,"template":"","format":"standard","meta":{"footnotes":""},"categories":[13],"tags":[],"class_list":["post-27576","post","type-post","status-publish","format-standard","has-post-thumbnail","hentry","category-gruppenliga-frankfurt-west"],"_links":{"self":[{"href":"https:\/\/insideamateurfussball-ffm.de\/index.php?rest_route=\/wp\/v2\/posts\/27576","targetHints":{"allow":["GET"]}}],"collection":[{"href":"https:\/\/insideamateurfussball-ffm.de\/index.php?rest_route=\/wp\/v2\/posts"}],"about":[{"href":"https:\/\/insideamateurfussball-ffm.de\/index.php?rest_route=\/wp\/v2\/types\/post"}],"author":[{"embeddable":true,"href":"https:\/\/insideamateurfussball-ffm.de\/index.php?rest_route=\/wp\/v2\/users\/3"}],"replies":[{"embeddable":true,"href":"https:\/\/insideamateurfussball-ffm.de\/index.php?rest_route=%2Fwp%2Fv2%2Fcomments&post=27576"}],"version-history":[{"count":2,"href":"https:\/\/insideamateurfussball-ffm.de\/index.php?rest_route=\/wp\/v2\/posts\/27576\/revisions"}],"predecessor-version":[{"id":27578,"href":"https:\/\/insideamateurfussball-ffm.de\/index.php?rest_route=\/wp\/v2\/posts\/27576\/revisions\/27578"}],"wp:featuredmedia":[{"embeddable":true,"href":"https:\/\/insideamateurfussball-ffm.de\/index.php?rest_route=\/wp\/v2\/media\/27338"}],"wp:attachment":[{"href":"https:\/\/insideamateurfussball-ffm.de\/index.php?rest_route=%2Fwp%2Fv2%2Fmedia&parent=27576"}],"wp:term":[{"taxonomy":"category","embeddable":true,"href":"https:\/\/insideamateurfussball-ffm.de\/index.php?rest_route=%2Fwp%2Fv2%2Fcategories&post=27576"},{"taxonomy":"post_tag","embeddable":true,"href":"https:\/\/insideamateurfussball-ffm.de\/index.php?rest_route=%2Fwp%2Fv2%2Ftags&post=27576"}],"curies":[{"name":"wp","href":"https:\/\/api.w.org\/{rel}","templated":true}]}}