{"id":27558,"date":"2025-09-01T12:58:06","date_gmt":"2025-09-01T11:58:06","guid":{"rendered":"https:\/\/insideamateurfussball-ffm.de\/?p=27558"},"modified":"2025-09-01T12:58:06","modified_gmt":"2025-09-01T11:58:06","slug":"wehrheim-mit-ersten-punkten-gegen-tuerkguecue","status":"publish","type":"post","link":"https:\/\/insideamateurfussball-ffm.de\/?p=27558","title":{"rendered":"Wehrheim mit ersten Punkten gegen T\u00fcrkg\u00fcc\u00fc"},"content":{"rendered":"<h4>Aufsteiger SG Wehrheim\/Pfaffenwiesbach konnte die ersten Punkte der Saison einfahren, T\u00fcrkg\u00fcc\u00fc Frankfurt unterlag im Hochtaunus mit 0:3 und kassierte die zweite Niederlage in Folge.<\/h4>\n<figure id=\"attachment_27288\" aria-describedby=\"caption-attachment-27288\" style=\"width: 2016px\" class=\"wp-caption alignnone\"><img loading=\"lazy\" decoding=\"async\" class=\"wp-image-27288 size-full\" src=\"http:\/\/insideamateurfussball-ffm.de\/wp-content\/uploads\/2025\/08\/wehrheimoberrad06.jpg\" alt=\"\" width=\"2016\" height=\"1512\" srcset=\"https:\/\/insideamateurfussball-ffm.de\/wp-content\/uploads\/2025\/08\/wehrheimoberrad06.jpg 2016w, https:\/\/insideamateurfussball-ffm.de\/wp-content\/uploads\/2025\/08\/wehrheimoberrad06-300x225.jpg 300w, https:\/\/insideamateurfussball-ffm.de\/wp-content\/uploads\/2025\/08\/wehrheimoberrad06-1024x768.jpg 1024w, https:\/\/insideamateurfussball-ffm.de\/wp-content\/uploads\/2025\/08\/wehrheimoberrad06-768x576.jpg 768w, https:\/\/insideamateurfussball-ffm.de\/wp-content\/uploads\/2025\/08\/wehrheimoberrad06-1536x1152.jpg 1536w\" sizes=\"auto, (max-width: 2016px) 100vw, 2016px\" \/><figcaption id=\"caption-attachment-27288\" class=\"wp-caption-text\">Wehrheims Trainer J\u00f6rg Loutchan konnte mit seiner Mannschaft die ersten Punkte der Saison feiern. Foto: Archiv MZ<\/figcaption><\/figure>\n<h4>SG Wehrheim\/Pfaffenwiesbach &#8211; T\u00fcrkg\u00fcc\u00fc Frankfurt 3:0 (1:0)<\/h4>\n<p><img loading=\"lazy\" decoding=\"async\" class=\"alignnone size-full wp-image-27000\" src=\"http:\/\/insideamateurfussball-ffm.de\/wp-content\/uploads\/2025\/08\/logowehrheim.jpeg\" alt=\"\" width=\"80\" height=\"80\" \/><img loading=\"lazy\" decoding=\"async\" class=\"alignnone size-full wp-image-17\" src=\"http:\/\/insideamateurfussball-ffm.de\/wp-content\/uploads\/2021\/11\/Tuerkguecue.jpg\" alt=\"\" width=\"72\" height=\"80\" \/><\/p>\n<p>Nach der Niederlage gegen Karben musste T\u00fcrkg\u00fcc\u00fc Frankfurt die zweite Niederlage in Folge einstecken, nach einem schwachen Spiel unterlagen die Frankfurter im Hochtaunus bei der SG Wehrheim\/Pfaffenwiesbach mit 0:3. Die Gastgeber gingen bereits in der 10.Minute durch ein Tor von Paul Berschick mit 1:0 in F\u00fchrung und bestimmten in der ersten Halbzeit auch das Spiel. T\u00fcrkg\u00fcc\u00fcs Trainer Murtaza Taher meinte: \u201ewir haben eine schlechte erste Halbzeit gespielt, der Gegner hat das besser gemacht und wir h\u00e4tten uns nicht beschweren d\u00fcrfen, wenn sie mehr Tore geschossen h\u00e4tten.\u201c<\/p>\n<p>In der zweiten Halbzeit drehte sich das Spiel und T\u00fcrkg\u00fcc\u00fc machte mehr Druck, konnte seine Offensivaktionen aber nicht gut ausspielen. In der 75.Minute erhielt der bei Wehrheim sieben Minuten vorher ausgewechselte Eric Scheidt die glatt rote Karte, ehe erneut Patrick Berschick in der 79.Minute auf 2:0 erh\u00f6hte. Nur zwei Minuten sp\u00e4ter war T\u00fcrkg\u00fcc\u00fc in Unterzahl, Ventsislav Rusev monierte ein Foul im Strafraum an ihn, der Schiedsrichter zeigte ihm dann in dieser Szene die gelb-rote Karte, m\u00f6glicherweise wegen Vort\u00e4uschens einer Schwalbe und Meckerns. Die Gastgeber erh\u00f6hten dann in der 85.Minute durch Lars R\u00f6ske auf 3:0 und feierten ihre ersten drei Punkte in der Gruppenliga.<\/p>\n<p>Trainer Taher: \u201ees war ein verdienter Sieg f\u00fcr Wehrheim, am Mittwoch m\u00fcssen wir ein anderes Gesicht zeigen\u201c. F\u00fcr T\u00fcrkg\u00fcc\u00fc folgen in dieser englischen Woche zwei Heimspiele, am Mittwoch geht es am Rebstock gegen den FSV Friedrichsdorf, das Spiel am Sonntag findet dann wieder auf dem heimischen Gel\u00e4nde in der Sondershausenstr. statt.<\/p>\n<h4>Schiedsrichter: Leonhard Welp (1.FC Kiedrich). Zuschauer: 100.<\/h4>\n<h4>Tore: 1:0 Patrick Berschick (10.), 2:0 Patrick Berschick (79.), 3:0 Lars R\u00f6ske (85.)<\/h4>\n","protected":false},"excerpt":{"rendered":"<p>Aufsteiger SG Wehrheim\/Pfaffenwiesbach konnte die ersten Punkte der Saison einfahren, T\u00fcrkg\u00fcc\u00fc Frankfurt unterlag im Hochtaunus mit 0:3 und kassierte die zweite Niederlage in Folge. SG Wehrheim\/Pfaffenwiesbach &#8211; T\u00fcrkg\u00fcc\u00fc Frankfurt 3:0 (1:0) Nach der Niederlage gegen Karben musste T\u00fcrkg\u00fcc\u00fc Frankfurt die zweite Niederlage in Folge einstecken, nach einem schwachen Spiel unterlagen die Frankfurter im Hochtaunus bei [&hellip;]<\/p>\n","protected":false},"author":3,"featured_media":27288,"comment_status":"closed","ping_status":"open","sticky":true,"template":"","format":"standard","meta":{"footnotes":""},"categories":[13],"tags":[],"class_list":["post-27558","post","type-post","status-publish","format-standard","has-post-thumbnail","hentry","category-gruppenliga-frankfurt-west"],"_links":{"self":[{"href":"https:\/\/insideamateurfussball-ffm.de\/index.php?rest_route=\/wp\/v2\/posts\/27558","targetHints":{"allow":["GET"]}}],"collection":[{"href":"https:\/\/insideamateurfussball-ffm.de\/index.php?rest_route=\/wp\/v2\/posts"}],"about":[{"href":"https:\/\/insideamateurfussball-ffm.de\/index.php?rest_route=\/wp\/v2\/types\/post"}],"author":[{"embeddable":true,"href":"https:\/\/insideamateurfussball-ffm.de\/index.php?rest_route=\/wp\/v2\/users\/3"}],"replies":[{"embeddable":true,"href":"https:\/\/insideamateurfussball-ffm.de\/index.php?rest_route=%2Fwp%2Fv2%2Fcomments&post=27558"}],"version-history":[{"count":2,"href":"https:\/\/insideamateurfussball-ffm.de\/index.php?rest_route=\/wp\/v2\/posts\/27558\/revisions"}],"predecessor-version":[{"id":27560,"href":"https:\/\/insideamateurfussball-ffm.de\/index.php?rest_route=\/wp\/v2\/posts\/27558\/revisions\/27560"}],"wp:featuredmedia":[{"embeddable":true,"href":"https:\/\/insideamateurfussball-ffm.de\/index.php?rest_route=\/wp\/v2\/media\/27288"}],"wp:attachment":[{"href":"https:\/\/insideamateurfussball-ffm.de\/index.php?rest_route=%2Fwp%2Fv2%2Fmedia&parent=27558"}],"wp:term":[{"taxonomy":"category","embeddable":true,"href":"https:\/\/insideamateurfussball-ffm.de\/index.php?rest_route=%2Fwp%2Fv2%2Fcategories&post=27558"},{"taxonomy":"post_tag","embeddable":true,"href":"https:\/\/insideamateurfussball-ffm.de\/index.php?rest_route=%2Fwp%2Fv2%2Ftags&post=27558"}],"curies":[{"name":"wp","href":"https:\/\/api.w.org\/{rel}","templated":true}]}}