{"id":27552,"date":"2025-09-01T09:12:22","date_gmt":"2025-09-01T08:12:22","guid":{"rendered":"https:\/\/insideamateurfussball-ffm.de\/?p=27552"},"modified":"2025-09-01T09:12:22","modified_gmt":"2025-09-01T08:12:22","slug":"kalbach-unterliegt-14-beim-tabellenfuehrer","status":"publish","type":"post","link":"https:\/\/insideamateurfussball-ffm.de\/?p=27552","title":{"rendered":"Kalbach unterliegt 1:4 beim Tabellenf\u00fchrer"},"content":{"rendered":"<h4>Nach seinem ersten Sieg in der Verbandsliga unterlag der FC Kalbach beim mittlerweile souver\u00e4nen Tabellenf\u00fchrer, dem SKV RW Darmstadt, mit 1:4 und hofft in den n\u00e4chsten beiden Heimspielen auf Punkte.<\/h4>\n<figure id=\"attachment_27050\" aria-describedby=\"caption-attachment-27050\" style=\"width: 2560px\" class=\"wp-caption alignnone\"><img loading=\"lazy\" decoding=\"async\" class=\"wp-image-27050 size-full\" src=\"http:\/\/insideamateurfussball-ffm.de\/wp-content\/uploads\/2025\/08\/SGB-RWDA_250810-23-scaled.jpg\" alt=\"\" width=\"2560\" height=\"1707\" srcset=\"https:\/\/insideamateurfussball-ffm.de\/wp-content\/uploads\/2025\/08\/SGB-RWDA_250810-23-scaled.jpg 2560w, https:\/\/insideamateurfussball-ffm.de\/wp-content\/uploads\/2025\/08\/SGB-RWDA_250810-23-300x200.jpg 300w, https:\/\/insideamateurfussball-ffm.de\/wp-content\/uploads\/2025\/08\/SGB-RWDA_250810-23-1024x683.jpg 1024w, https:\/\/insideamateurfussball-ffm.de\/wp-content\/uploads\/2025\/08\/SGB-RWDA_250810-23-768x512.jpg 768w, https:\/\/insideamateurfussball-ffm.de\/wp-content\/uploads\/2025\/08\/SGB-RWDA_250810-23-1536x1024.jpg 1536w, https:\/\/insideamateurfussball-ffm.de\/wp-content\/uploads\/2025\/08\/SGB-RWDA_250810-23-2048x1365.jpg 2048w\" sizes=\"auto, (max-width: 2560px) 100vw, 2560px\" \/><figcaption id=\"caption-attachment-27050\" class=\"wp-caption-text\">RW Darmstadt (links im Bild) mit Kapit\u00e4n Patrick Bohn konnte gegen Kalbach seine Tabellenf\u00fchrung untermauern. Foto: Archiv Andre Sturmeit<\/figcaption><\/figure>\n<h4>SKV RW Darmstadt &#8211; FC Kalbach 4:1 (2:0)<\/h4>\n<p><img loading=\"lazy\" decoding=\"async\" class=\"alignnone size-full wp-image-328\" src=\"http:\/\/insideamateurfussball-ffm.de\/wp-content\/uploads\/2022\/05\/RWDA.png\" alt=\"\" width=\"76\" height=\"80\" \/><img loading=\"lazy\" decoding=\"async\" class=\"alignnone size-full wp-image-16\" src=\"http:\/\/insideamateurfussball-ffm.de\/wp-content\/uploads\/2021\/11\/kalbach-wappen.jpg\" alt=\"\" width=\"80\" height=\"80\" \/><\/p>\n<p>Aufsteiger FC Kalbach fuhr sicherlich nicht als Favorit zum Tabellenf\u00fchrer SKV RW Darmstadt, der sich nach seiner ersten Niederlage Wiedergutmachung auf die Fahnen geschrieben hatte. Der Aufsteiger aus Frankfurt kam gut ins Spiel und lie\u00df schnell eine hundertprozentige Torchance liegen, Darmstadts Torh\u00fcter Kann Scuickedanz war im 1:1-Duell gegen Fabio Pinto da Silva siegreich. Wie aus dem Nichts dann der F\u00fchrungstreffer f\u00fcr die Gastgeber, ein satter Schuss von Achraf Amazirh in der 14.Minute fand aus 20 Metern den Weg ins Ziel zum 1:0. Kalbachs Co-Trainer Dennis Blum: \u201edanach war es ein zerfahrenes Spiel von uns, Rot-Weiss hatte mehr Kontrolle im Spiel\u201c.<\/p>\n<p>Noch vor der Halbzeit konnte Emin Aykir nach einem individuellen Fehler der G\u00e4ste in der 41.Minute auf 2:0 erh\u00f6hen, mit diesem Ergebnis ging es in die Halbzeitpause. Auch in der zweiten Halbzeit waren die Kalbacher anfangs besser im Spiel, Blum: \u201ewir hatten 15 Minuten lang die Spielkontrolle, konnten uns aber keine klaren Chancen erspielen.\u201c Der Tabellenf\u00fchrer aus Darmstadt nutzte dagegen eiskalt seine Chancen und erh\u00f6hte in der 70.Minute auf 3:0, der eingewechselte Florian Zorn war erfolgreich. Die Kalbacher gaben sich nicht auf, nach den Worten von Blum \u201efehlte im letzten Drittel der Druck\u201c.<\/p>\n<p>In der 88.Minute konnte Huimang Park f\u00fcr Kalbach den Ehrentreffer zum 1:3 erzielen, doch die Darmst\u00e4dter lie\u00dfen in der Nachspielzeit (90.+1) durch Robin Schwarz noch das 4:1 folgen. Co-Trainer Blum: \u201ehier kann man verlieren, aber man muss keine 4 Gegentore bekommen. Einfache Ballverluste werden in dieser Liga bestraft und wir zahlen derzeit deutlich Lehrgeld. In den beiden kommenden Heimspielen m\u00fcssen wir jetzt versuchen, die Maximalausbeute zu erzielen.\u201c<\/p>\n<p>Am Donnerstag empf\u00e4ngt der FC Kalbach im Stadtduell die SG Bornheim, ehe es am Sonntag dann gegen den Mitaufsteiger SG Langstadt\/Babenhausen geht, der vor dem letzten Spiel seinen Trainer durch R\u00fccktritt verlor.<\/p>\n<h4>Schiedsrichter: Paul-Ioan Barbu (SV Germania Steinheim). Zuschauer: 100.<\/h4>\n<h4>Tore: 1:0 Achraf Amazirh (14.), 2:0 Emin Aykir (41.), 3:0 Florian Zorn (70.), 3:1 Huimang Park (88.), 4:1 Robin Schwarz (90.+1)<\/h4>\n","protected":false},"excerpt":{"rendered":"<p>Nach seinem ersten Sieg in der Verbandsliga unterlag der FC Kalbach beim mittlerweile souver\u00e4nen Tabellenf\u00fchrer, dem SKV RW Darmstadt, mit 1:4 und hofft in den n\u00e4chsten beiden Heimspielen auf Punkte. SKV RW Darmstadt &#8211; FC Kalbach 4:1 (2:0) Aufsteiger FC Kalbach fuhr sicherlich nicht als Favorit zum Tabellenf\u00fchrer SKV RW Darmstadt, der sich nach seiner [&hellip;]<\/p>\n","protected":false},"author":3,"featured_media":27050,"comment_status":"closed","ping_status":"open","sticky":true,"template":"","format":"standard","meta":{"footnotes":""},"categories":[10],"tags":[],"class_list":["post-27552","post","type-post","status-publish","format-standard","has-post-thumbnail","hentry","category-verbandsliga-sued"],"_links":{"self":[{"href":"https:\/\/insideamateurfussball-ffm.de\/index.php?rest_route=\/wp\/v2\/posts\/27552","targetHints":{"allow":["GET"]}}],"collection":[{"href":"https:\/\/insideamateurfussball-ffm.de\/index.php?rest_route=\/wp\/v2\/posts"}],"about":[{"href":"https:\/\/insideamateurfussball-ffm.de\/index.php?rest_route=\/wp\/v2\/types\/post"}],"author":[{"embeddable":true,"href":"https:\/\/insideamateurfussball-ffm.de\/index.php?rest_route=\/wp\/v2\/users\/3"}],"replies":[{"embeddable":true,"href":"https:\/\/insideamateurfussball-ffm.de\/index.php?rest_route=%2Fwp%2Fv2%2Fcomments&post=27552"}],"version-history":[{"count":2,"href":"https:\/\/insideamateurfussball-ffm.de\/index.php?rest_route=\/wp\/v2\/posts\/27552\/revisions"}],"predecessor-version":[{"id":27554,"href":"https:\/\/insideamateurfussball-ffm.de\/index.php?rest_route=\/wp\/v2\/posts\/27552\/revisions\/27554"}],"wp:featuredmedia":[{"embeddable":true,"href":"https:\/\/insideamateurfussball-ffm.de\/index.php?rest_route=\/wp\/v2\/media\/27050"}],"wp:attachment":[{"href":"https:\/\/insideamateurfussball-ffm.de\/index.php?rest_route=%2Fwp%2Fv2%2Fmedia&parent=27552"}],"wp:term":[{"taxonomy":"category","embeddable":true,"href":"https:\/\/insideamateurfussball-ffm.de\/index.php?rest_route=%2Fwp%2Fv2%2Fcategories&post=27552"},{"taxonomy":"post_tag","embeddable":true,"href":"https:\/\/insideamateurfussball-ffm.de\/index.php?rest_route=%2Fwp%2Fv2%2Ftags&post=27552"}],"curies":[{"name":"wp","href":"https:\/\/api.w.org\/{rel}","templated":true}]}}