{"id":27539,"date":"2025-08-29T17:24:00","date_gmt":"2025-08-29T16:24:00","guid":{"rendered":"https:\/\/insideamateurfussball-ffm.de\/?p=27539"},"modified":"2025-08-31T13:11:28","modified_gmt":"2025-08-31T12:11:28","slug":"bornheim-mit-souveraenem-70-in-der-2-runde","status":"publish","type":"post","link":"https:\/\/insideamateurfussball-ffm.de\/?p=27539","title":{"rendered":"Bornheim mit souver\u00e4nem 7:0 in der 2. Runde"},"content":{"rendered":"<h4>In der 1. Runde des Kreispokals setzte sich Verbandsligist SG Bornheim\/Gr\u00fcn-Wei\u00df erwartungsgem\u00e4\u00df deutlich beim drei Klassen tiefer angesiedelten A-Ligisten FV 1920 Hausen mit 7:0 (3:0) durch. In der n\u00e4chsten Runde geht es f\u00fcr die Bornheimer zum Hausener Ligakonkurrenten FC City.<\/h4>\n<figure id=\"attachment_27540\" aria-describedby=\"caption-attachment-27540\" style=\"width: 2048px\" class=\"wp-caption alignnone\"><img loading=\"lazy\" decoding=\"async\" class=\"wp-image-27540 size-full\" src=\"http:\/\/insideamateurfussball-ffm.de\/wp-content\/uploads\/2025\/08\/Hau-Born1.jpg\" alt=\"\" width=\"2048\" height=\"1365\" srcset=\"https:\/\/insideamateurfussball-ffm.de\/wp-content\/uploads\/2025\/08\/Hau-Born1.jpg 2048w, https:\/\/insideamateurfussball-ffm.de\/wp-content\/uploads\/2025\/08\/Hau-Born1-300x200.jpg 300w, https:\/\/insideamateurfussball-ffm.de\/wp-content\/uploads\/2025\/08\/Hau-Born1-1024x683.jpg 1024w, https:\/\/insideamateurfussball-ffm.de\/wp-content\/uploads\/2025\/08\/Hau-Born1-768x512.jpg 768w, https:\/\/insideamateurfussball-ffm.de\/wp-content\/uploads\/2025\/08\/Hau-Born1-1536x1024.jpg 1536w\" sizes=\"auto, (max-width: 2048px) 100vw, 2048px\" \/><figcaption id=\"caption-attachment-27540\" class=\"wp-caption-text\">Bornheims Torh\u00fcter und Kapit\u00e4n Gianluca Colombo begr\u00fc\u00dft FVH-Spielf\u00fchrer Aamir El Adak. Foto: Andre Sturmeit.<\/figcaption><\/figure>\n<h4>FV 1920 Hausen &#8211; SG Bornheim\/Gr\u00fcn-Wei\u00df 0:7 (0:3)<\/h4>\n<p><img loading=\"lazy\" decoding=\"async\" class=\"alignnone size-full wp-image-28\" src=\"http:\/\/insideamateurfussball-ffm.de\/wp-content\/uploads\/2021\/11\/Hausen.jpg\" alt=\"\" width=\"80\" height=\"60\" \/><img loading=\"lazy\" decoding=\"async\" class=\"alignnone size-full wp-image-119\" src=\"http:\/\/insideamateurfussball-ffm.de\/wp-content\/uploads\/2022\/05\/Bornheim.jpg\" alt=\"\" width=\"80\" height=\"80\" \/><\/p>\n<p>Eine Pokal\u00fcberraschung lag zu keinem Zeitpunkt im Bereich des m\u00f6glichen, das erkannte auch Hausens Trainer Hasan Basci an: &#8222;Wir waren zu schwach und das Ausscheiden ist folgerichtig. Wir konzentrieren uns auch nicht auf den Pokal, sondern wir wollen in der Meisterschaft erfolgreich sein.&#8220; Man habe sowieso &#8222;ein schweres Los erwischt. Das war mir von Anfang an klar.&#8220; Jedoch wie sich die traditionell in lila gekleideten Fu\u00dfballer pr\u00e4sentiert h\u00e4tten, beispielsweise die ersten beiden Gegentore in der selben Spielminute 18 kassiert zu haben, gefiel Basci \u00fcberhaupt nicht: &#8222;Wir schlafen, der Gegner ist wach. Wir h\u00e4tten aber auch vier, f\u00fcnf Tore machen m\u00fcssen. Bornheim hat klasse Fu\u00dfball gespielt, spielt drei Klassen \u00fcber uns, da haben wir keine Chance.&#8220;<\/p>\n<p>Bornheims Co-Trainer Tim Flie\u00df, der den privat verhinderten Cheftrainer Taner Yalcin vertrat, war zufrieden: &#8222;Wir hatten eine zusammengew\u00fcrfelte Mannschaft und sogar einen A-Jugendspieler dabei, dazu drei Jungs aus der 1b. Wir haben seri\u00f6s gespielt, die Null gehalten und nach vorne Spielwitz gezeigt.&#8220;<\/p>\n<blockquote>\n<h4>Schiedsrichter: Patrick Nied (SV Viktoria Preu\u00dfen). Zuschauer: 52.<\/h4>\n<h4>Tore: 0:1 Diego Jansen (18.), 0:2, 0:3 Jannis Schwarz (18.\/45.), 0:4 Bilal Zerouali (57.), 0:5 Diego Jansen (65.), 0:6 Hicham Boujerad (71.), 0:7 Bilal Zerouali (79.).<\/h4>\n<h4>Hier noch einige Bilder von SGB-Fotograf Andre Sturmeit.<\/h4>\n<\/blockquote>\n\n\n<figure class=\"wp-block-image size-large\"><img loading=\"lazy\" decoding=\"async\" width=\"1024\" height=\"683\" src=\"https:\/\/insideamateurfussball-ffm.de\/wp-content\/uploads\/2025\/08\/Hau-Born2-1024x683.jpg\" alt=\"\" class=\"wp-image-27542\" srcset=\"https:\/\/insideamateurfussball-ffm.de\/wp-content\/uploads\/2025\/08\/Hau-Born2-1024x683.jpg 1024w, https:\/\/insideamateurfussball-ffm.de\/wp-content\/uploads\/2025\/08\/Hau-Born2-300x200.jpg 300w, https:\/\/insideamateurfussball-ffm.de\/wp-content\/uploads\/2025\/08\/Hau-Born2-768x512.jpg 768w, https:\/\/insideamateurfussball-ffm.de\/wp-content\/uploads\/2025\/08\/Hau-Born2-1536x1024.jpg 1536w, https:\/\/insideamateurfussball-ffm.de\/wp-content\/uploads\/2025\/08\/Hau-Born2.jpg 2048w\" sizes=\"auto, (max-width: 1024px) 100vw, 1024px\" \/><\/figure>\n\n\n\n<figure class=\"wp-block-gallery has-nested-images columns-default is-cropped wp-block-gallery-1 is-layout-flex wp-block-gallery-is-layout-flex\">\n<figure class=\"wp-block-image size-large\"><img loading=\"lazy\" decoding=\"async\" width=\"1024\" height=\"683\" data-id=\"27543\" src=\"https:\/\/insideamateurfussball-ffm.de\/wp-content\/uploads\/2025\/08\/Hau-Born3-1024x683.jpg\" alt=\"\" class=\"wp-image-27543\" srcset=\"https:\/\/insideamateurfussball-ffm.de\/wp-content\/uploads\/2025\/08\/Hau-Born3-1024x683.jpg 1024w, https:\/\/insideamateurfussball-ffm.de\/wp-content\/uploads\/2025\/08\/Hau-Born3-300x200.jpg 300w, https:\/\/insideamateurfussball-ffm.de\/wp-content\/uploads\/2025\/08\/Hau-Born3-768x512.jpg 768w, https:\/\/insideamateurfussball-ffm.de\/wp-content\/uploads\/2025\/08\/Hau-Born3-1536x1024.jpg 1536w, https:\/\/insideamateurfussball-ffm.de\/wp-content\/uploads\/2025\/08\/Hau-Born3.jpg 2048w\" sizes=\"auto, (max-width: 1024px) 100vw, 1024px\" \/><\/figure>\n<\/figure>\n\n\n\n<figure class=\"wp-block-image size-large\"><img loading=\"lazy\" decoding=\"async\" width=\"1024\" height=\"683\" src=\"https:\/\/insideamateurfussball-ffm.de\/wp-content\/uploads\/2025\/08\/Hau-Born4-1024x683.jpg\" alt=\"\" class=\"wp-image-27544\" srcset=\"https:\/\/insideamateurfussball-ffm.de\/wp-content\/uploads\/2025\/08\/Hau-Born4-1024x683.jpg 1024w, https:\/\/insideamateurfussball-ffm.de\/wp-content\/uploads\/2025\/08\/Hau-Born4-300x200.jpg 300w, https:\/\/insideamateurfussball-ffm.de\/wp-content\/uploads\/2025\/08\/Hau-Born4-768x512.jpg 768w, https:\/\/insideamateurfussball-ffm.de\/wp-content\/uploads\/2025\/08\/Hau-Born4-1536x1024.jpg 1536w, https:\/\/insideamateurfussball-ffm.de\/wp-content\/uploads\/2025\/08\/Hau-Born4.jpg 2048w\" sizes=\"auto, (max-width: 1024px) 100vw, 1024px\" \/><\/figure>\n\n\n\n<figure class=\"wp-block-gallery has-nested-images columns-default is-cropped wp-block-gallery-2 is-layout-flex wp-block-gallery-is-layout-flex\">\n<figure class=\"wp-block-image size-large\"><img loading=\"lazy\" decoding=\"async\" width=\"1024\" height=\"683\" data-id=\"27545\" src=\"https:\/\/insideamateurfussball-ffm.de\/wp-content\/uploads\/2025\/08\/Hau-Born5-1024x683.jpg\" alt=\"\" class=\"wp-image-27545\" srcset=\"https:\/\/insideamateurfussball-ffm.de\/wp-content\/uploads\/2025\/08\/Hau-Born5-1024x683.jpg 1024w, https:\/\/insideamateurfussball-ffm.de\/wp-content\/uploads\/2025\/08\/Hau-Born5-300x200.jpg 300w, https:\/\/insideamateurfussball-ffm.de\/wp-content\/uploads\/2025\/08\/Hau-Born5-768x512.jpg 768w, https:\/\/insideamateurfussball-ffm.de\/wp-content\/uploads\/2025\/08\/Hau-Born5-1536x1024.jpg 1536w, https:\/\/insideamateurfussball-ffm.de\/wp-content\/uploads\/2025\/08\/Hau-Born5.jpg 2048w\" sizes=\"auto, (max-width: 1024px) 100vw, 1024px\" \/><\/figure>\n<\/figure>\n","protected":false},"excerpt":{"rendered":"<p>In der 1. Runde des Kreispokals setzte sich Verbandsligist SG Bornheim\/Gr\u00fcn-Wei\u00df erwartungsgem\u00e4\u00df deutlich beim drei Klassen tiefer angesiedelten A-Ligisten FV 1920 Hausen mit 7:0 (3:0) durch. In der n\u00e4chsten Runde geht es f\u00fcr die Bornheimer zum Hausener Ligakonkurrenten FC City. FV 1920 Hausen &#8211; SG Bornheim\/Gr\u00fcn-Wei\u00df 0:7 (0:3) Eine Pokal\u00fcberraschung lag zu keinem Zeitpunkt im [&hellip;]<\/p>\n","protected":false},"author":1,"featured_media":27540,"comment_status":"closed","ping_status":"closed","sticky":true,"template":"","format":"standard","meta":{"footnotes":""},"categories":[9],"tags":[],"class_list":["post-27539","post","type-post","status-publish","format-standard","has-post-thumbnail","hentry","category-kreispokal"],"_links":{"self":[{"href":"https:\/\/insideamateurfussball-ffm.de\/index.php?rest_route=\/wp\/v2\/posts\/27539","targetHints":{"allow":["GET"]}}],"collection":[{"href":"https:\/\/insideamateurfussball-ffm.de\/index.php?rest_route=\/wp\/v2\/posts"}],"about":[{"href":"https:\/\/insideamateurfussball-ffm.de\/index.php?rest_route=\/wp\/v2\/types\/post"}],"author":[{"embeddable":true,"href":"https:\/\/insideamateurfussball-ffm.de\/index.php?rest_route=\/wp\/v2\/users\/1"}],"replies":[{"embeddable":true,"href":"https:\/\/insideamateurfussball-ffm.de\/index.php?rest_route=%2Fwp%2Fv2%2Fcomments&post=27539"}],"version-history":[{"count":2,"href":"https:\/\/insideamateurfussball-ffm.de\/index.php?rest_route=\/wp\/v2\/posts\/27539\/revisions"}],"predecessor-version":[{"id":27546,"href":"https:\/\/insideamateurfussball-ffm.de\/index.php?rest_route=\/wp\/v2\/posts\/27539\/revisions\/27546"}],"wp:featuredmedia":[{"embeddable":true,"href":"https:\/\/insideamateurfussball-ffm.de\/index.php?rest_route=\/wp\/v2\/media\/27540"}],"wp:attachment":[{"href":"https:\/\/insideamateurfussball-ffm.de\/index.php?rest_route=%2Fwp%2Fv2%2Fmedia&parent=27539"}],"wp:term":[{"taxonomy":"category","embeddable":true,"href":"https:\/\/insideamateurfussball-ffm.de\/index.php?rest_route=%2Fwp%2Fv2%2Fcategories&post=27539"},{"taxonomy":"post_tag","embeddable":true,"href":"https:\/\/insideamateurfussball-ffm.de\/index.php?rest_route=%2Fwp%2Fv2%2Ftags&post=27539"}],"curies":[{"name":"wp","href":"https:\/\/api.w.org\/{rel}","templated":true}]}}