{"id":27531,"date":"2025-08-30T09:41:27","date_gmt":"2025-08-30T08:41:27","guid":{"rendered":"https:\/\/insideamateurfussball-ffm.de\/?p=27531"},"modified":"2025-08-30T09:41:27","modified_gmt":"2025-08-30T08:41:27","slug":"kosova-holt-ein-33-in-beienheim","status":"publish","type":"post","link":"https:\/\/insideamateurfussball-ffm.de\/?p=27531","title":{"rendered":"Kosova holt ein 3:3 in Beienheim"},"content":{"rendered":"<h4>Beim Verbandsliga-Absteiger SKV Beienheim konnte Gruppenliga-Aufsteiger FC Kosova ein 3:3 erk\u00e4mpfen, nachdem man zur Halbzeit noch mit 3:1 gef\u00fchrt hatte.<\/h4>\n<figure id=\"attachment_27021\" aria-describedby=\"caption-attachment-27021\" style=\"width: 2016px\" class=\"wp-caption alignnone\"><img loading=\"lazy\" decoding=\"async\" class=\"wp-image-27021 size-full\" src=\"http:\/\/insideamateurfussball-ffm.de\/wp-content\/uploads\/2025\/08\/beienheimseckbach01.jpg\" alt=\"\" width=\"2016\" height=\"1512\" srcset=\"https:\/\/insideamateurfussball-ffm.de\/wp-content\/uploads\/2025\/08\/beienheimseckbach01.jpg 2016w, https:\/\/insideamateurfussball-ffm.de\/wp-content\/uploads\/2025\/08\/beienheimseckbach01-300x225.jpg 300w, https:\/\/insideamateurfussball-ffm.de\/wp-content\/uploads\/2025\/08\/beienheimseckbach01-1024x768.jpg 1024w, https:\/\/insideamateurfussball-ffm.de\/wp-content\/uploads\/2025\/08\/beienheimseckbach01-768x576.jpg 768w, https:\/\/insideamateurfussball-ffm.de\/wp-content\/uploads\/2025\/08\/beienheimseckbach01-1536x1152.jpg 1536w\" sizes=\"auto, (max-width: 2016px) 100vw, 2016px\" \/><figcaption id=\"caption-attachment-27021\" class=\"wp-caption-text\">Auch gegen den FC Kosova konnte Beienheim nicht seinen ersten Sieg einfahren. Foto: Archiv MZ<\/figcaption><\/figure>\n<h4>SKV Beienheim &#8211; FC Kosova 3:3 (1:3)<\/h4>\n<p><img loading=\"lazy\" decoding=\"async\" class=\"alignnone size-full wp-image-545\" src=\"http:\/\/insideamateurfussball-ffm.de\/wp-content\/uploads\/2022\/06\/SKV-Beienh.jpg\" alt=\"\" width=\"79\" height=\"80\" \/><img loading=\"lazy\" decoding=\"async\" class=\"alignnone size-full wp-image-9\" src=\"http:\/\/insideamateurfussball-ffm.de\/wp-content\/uploads\/2021\/11\/Kosova.jpg\" alt=\"\" width=\"65\" height=\"80\" \/><\/p>\n<p>Der FC Kosova war in der Woche dann doch spielfrei, weil der Gegner in der ersten Runde des Kreispokals, der MKSV Makedonija, relativ kurzfristig abgesagt hatte, womit die Kosovaren kampflos in die zweite Runde einzogen. Da die Trainersuche noch nicht von Erfolg gekr\u00f6nt war, betreuten erneut Ismail Sinani und Albion Bytyqi das Team beim Spiel beim Verbandsliga-Absteiger SKV Beienheim.<\/p>\n<p>Das Spiel begann ungl\u00fccklich f\u00fcr die G\u00e4ste, nach einem Foul an S\u00f6ren Reich verwandelte Andrei Dogot bereits in der 9.Minute den f\u00e4lligen Foulelfmeter zur 1:0-F\u00fchrung f\u00fcr Beienheim. Doch in der 17.Minute erhielt auch der FC Kosova einen Strafsto\u00df, Flakron Thaci lie\u00df sich die Chance zum Ausgleich nicht entgehen. Gegen die jetzt verunsicherten Gastgeber legten die G\u00e4ste nach, erneut Flakron Thaci in der 23.Minute mit seinem 7.Saisontor und Asmir Hajdarovic in der 29.Minute brachten Kosova bis zur Halbzeit mit 3:1 nach vorne.<\/p>\n<p>Die Gastgeber kamen motiviert aus der Kabine und S\u00f6ren Reich erzielte bereits in der 49.Minute den Anschlusstreffer zum 2:3, ehe der SKV in der 64.Minute erneut einen Elfmeter vom Schiedsrichter zugesprochen bekam, wieder Andrei Dogot erzielte den 3:3-Ausgleich. In einer hitzigen Schlussphase hatten beide Mannschaften noch die M\u00f6glichkeit auf den Lucky Punch, doch es blieb beim Punktgewinn f\u00fcr den FC Kosova, der nach 6 Spielen mit 7 Punkten im Mittelfeld der Tabelle steht und in den zwei Spielen nach der Trennung von Trainer Huberman ungeschlagen blieb. Der SKV Beienheim, den viele Verletzungsausf\u00e4lle plagten, der aber mit zwei kurzfristig verpflichteten Spielern antreten konnte, war es im sechsten Spiel erst der zweite Punktgewinn.<\/p>\n<p>F\u00fcr den FC Kosova geht es in der englischen Woche am Mittwoch beim Mitaufsteiger SG Wehrheim\/Pfaffenwiesbach weiter, ehe am Sonntag ein Heimspiel gegen den FC Tempo ansteht.<\/p>\n<h4>Schiedsrichter: Marcus Rolbetzki (FSV Schr\u00f6ck). Zuschauer: 100.<\/h4>\n<h4>Tore: 1:0 Andrei Dogot (8., Elfmeter), 1:1 Flakron Thaci (17., Elfmeter), 1:2 Flakron Thaci (23.), 1:3 Asmir Hajdarovic (29.), 2:3 S\u00f6ren Reich (49.), 3:3 Andrei Dogot (64., Elfmeter)<\/h4>\n","protected":false},"excerpt":{"rendered":"<p>Beim Verbandsliga-Absteiger SKV Beienheim konnte Gruppenliga-Aufsteiger FC Kosova ein 3:3 erk\u00e4mpfen, nachdem man zur Halbzeit noch mit 3:1 gef\u00fchrt hatte. SKV Beienheim &#8211; FC Kosova 3:3 (1:3) Der FC Kosova war in der Woche dann doch spielfrei, weil der Gegner in der ersten Runde des Kreispokals, der MKSV Makedonija, relativ kurzfristig abgesagt hatte, womit die [&hellip;]<\/p>\n","protected":false},"author":3,"featured_media":27021,"comment_status":"closed","ping_status":"open","sticky":true,"template":"","format":"standard","meta":{"footnotes":""},"categories":[13],"tags":[],"class_list":["post-27531","post","type-post","status-publish","format-standard","has-post-thumbnail","hentry","category-gruppenliga-frankfurt-west"],"_links":{"self":[{"href":"https:\/\/insideamateurfussball-ffm.de\/index.php?rest_route=\/wp\/v2\/posts\/27531","targetHints":{"allow":["GET"]}}],"collection":[{"href":"https:\/\/insideamateurfussball-ffm.de\/index.php?rest_route=\/wp\/v2\/posts"}],"about":[{"href":"https:\/\/insideamateurfussball-ffm.de\/index.php?rest_route=\/wp\/v2\/types\/post"}],"author":[{"embeddable":true,"href":"https:\/\/insideamateurfussball-ffm.de\/index.php?rest_route=\/wp\/v2\/users\/3"}],"replies":[{"embeddable":true,"href":"https:\/\/insideamateurfussball-ffm.de\/index.php?rest_route=%2Fwp%2Fv2%2Fcomments&post=27531"}],"version-history":[{"count":2,"href":"https:\/\/insideamateurfussball-ffm.de\/index.php?rest_route=\/wp\/v2\/posts\/27531\/revisions"}],"predecessor-version":[{"id":27533,"href":"https:\/\/insideamateurfussball-ffm.de\/index.php?rest_route=\/wp\/v2\/posts\/27531\/revisions\/27533"}],"wp:featuredmedia":[{"embeddable":true,"href":"https:\/\/insideamateurfussball-ffm.de\/index.php?rest_route=\/wp\/v2\/media\/27021"}],"wp:attachment":[{"href":"https:\/\/insideamateurfussball-ffm.de\/index.php?rest_route=%2Fwp%2Fv2%2Fmedia&parent=27531"}],"wp:term":[{"taxonomy":"category","embeddable":true,"href":"https:\/\/insideamateurfussball-ffm.de\/index.php?rest_route=%2Fwp%2Fv2%2Fcategories&post=27531"},{"taxonomy":"post_tag","embeddable":true,"href":"https:\/\/insideamateurfussball-ffm.de\/index.php?rest_route=%2Fwp%2Fv2%2Ftags&post=27531"}],"curies":[{"name":"wp","href":"https:\/\/api.w.org\/{rel}","templated":true}]}}