{"id":27520,"date":"2025-08-28T17:48:25","date_gmt":"2025-08-28T16:48:25","guid":{"rendered":"https:\/\/insideamateurfussball-ffm.de\/?p=27520"},"modified":"2025-08-28T17:48:25","modified_gmt":"2025-08-28T16:48:25","slug":"enkheim-nach-drittem-sieg-auf-rang-zwei","status":"publish","type":"post","link":"https:\/\/insideamateurfussball-ffm.de\/?p=27520","title":{"rendered":"Enkheim nach drittem Sieg auf Rang zwei"},"content":{"rendered":"<h4>Drei Spiele, drei Siege! Der FC Germania Enkheim hat einen verhei\u00dfungsvollen Start hingelegt und Neuling FC Germania 08 Ginnheim nach deren drei Siegen zum Start die erste Niederlage beigebracht. Dem 6:2 gegen den FC Posavina und dem 4:1 bei GSU Hellas folgte nun die Vergoldung des Saisonstarts.<\/h4>\n<figure id=\"attachment_27521\" aria-describedby=\"caption-attachment-27521\" style=\"width: 1006px\" class=\"wp-caption alignnone\"><img loading=\"lazy\" decoding=\"async\" class=\"wp-image-27521\" src=\"http:\/\/insideamateurfussball-ffm.de\/wp-content\/uploads\/2025\/08\/DSC_5568-4.jpg\" alt=\"\" width=\"1006\" height=\"755\" srcset=\"https:\/\/insideamateurfussball-ffm.de\/wp-content\/uploads\/2025\/08\/DSC_5568-4.jpg 997w, https:\/\/insideamateurfussball-ffm.de\/wp-content\/uploads\/2025\/08\/DSC_5568-4-300x225.jpg 300w, https:\/\/insideamateurfussball-ffm.de\/wp-content\/uploads\/2025\/08\/DSC_5568-4-768x576.jpg 768w\" sizes=\"auto, (max-width: 1006px) 100vw, 1006px\" \/><figcaption id=\"caption-attachment-27521\" class=\"wp-caption-text\">Der FC Germania Enkheim hat drei Siege zum Start geholt. Foto: Archiv J\u00f6rg Schulz.<\/figcaption><\/figure>\n<h4>FC Germania Enkheim &#8211; FC Germania 08 Ginnheim 2:1 (1:0)<\/h4>\n<p><img loading=\"lazy\" decoding=\"async\" class=\"alignnone size-full wp-image-1537\" src=\"http:\/\/insideamateurfussball-ffm.de\/wp-content\/uploads\/2022\/07\/Enkheim.jpg\" alt=\"\" width=\"63\" height=\"80\" \/><img loading=\"lazy\" decoding=\"async\" class=\"alignnone size-full wp-image-3205\" src=\"http:\/\/insideamateurfussball-ffm.de\/wp-content\/uploads\/2022\/10\/Ginnheim.jpg\" alt=\"\" width=\"80\" height=\"80\" \/><\/p>\n<p>Matchwinner der Gastgeber, die seit diesen Sommer von Antonio D\u00b4Andrea trainiert werden, war Christian Loerke. Ihm gelangen beide Tore f\u00fcr die Enkheimer (26.\/51.). Die Ginnheimer konnten durch Kurosch Alimoradian verk\u00fcrzen (56.) und beendeten die Partie nach der Gelb-Roten Karte gegen Bastian Ullrich (89.) mit zehn Spielern.<\/p>\n<p>&#8222;Ein hart umk\u00e4mpftes Spiel mit einer geschlossenen Mannschaftsleistung&#8220;, hatte D\u00b4Andrea gesehen und f\u00fcgte hinzu: &#8222;Wir haben den Sieg mit gro\u00dfem Kampf \u00fcber die Zeit gebracht.&#8220;<\/p>\n<blockquote>\n<h4>Enkheim am Sonntag an der H\u00fcgelstra\u00dfe zu Gast<\/h4>\n<\/blockquote>\n<p>Ginnheims Sportlicher Leiter Benjamin von Allw\u00f6rden \u00e4rgerte sich vor allem \u00fcber den Platzverweis von Torj\u00e4ger Ullrich, der den Ginnheimern nach dem spielfreien Wochenende in der Neuauflage des Relegationsspiels gegen den SV Viktoria Preu\u00dfen fehlen wird: &#8222;Die zwei gelben Karten waren dumm.&#8220;<\/p>\n<p>Das Spiel sei aber &#8222;eng und qualitativ auf hohem Niveau&#8220; gewesen. Auch der n\u00e4chste Gegner der Enkheimer hei\u00dft Viktoria Preu\u00dfen. Am Sonntag gastieren die Blau-Schwarzen an der H\u00fcgelstra\u00dfe (15 Uhr).<\/p>\n<blockquote>\n<h4>Schiedsrichter: Rene Thijs Hennemann (SKG Ro\u00dfdorf). Zuschauer: 75.<\/h4>\n<h4>Tore: 1:0, 2:0 Christian Loerke (26.\/51.), 2:1 Kurosch Alimoradian (56.).<\/h4>\n<\/blockquote>\n","protected":false},"excerpt":{"rendered":"<p>Drei Spiele, drei Siege! Der FC Germania Enkheim hat einen verhei\u00dfungsvollen Start hingelegt und Neuling FC Germania 08 Ginnheim nach deren drei Siegen zum Start die erste Niederlage beigebracht. Dem 6:2 gegen den FC Posavina und dem 4:1 bei GSU Hellas folgte nun die Vergoldung des Saisonstarts. FC Germania Enkheim &#8211; FC Germania 08 Ginnheim [&hellip;]<\/p>\n","protected":false},"author":1,"featured_media":27521,"comment_status":"closed","ping_status":"closed","sticky":true,"template":"","format":"standard","meta":{"footnotes":""},"categories":[2],"tags":[],"class_list":["post-27520","post","type-post","status-publish","format-standard","has-post-thumbnail","hentry","category-kreisoberliga-frankfurt"],"_links":{"self":[{"href":"https:\/\/insideamateurfussball-ffm.de\/index.php?rest_route=\/wp\/v2\/posts\/27520","targetHints":{"allow":["GET"]}}],"collection":[{"href":"https:\/\/insideamateurfussball-ffm.de\/index.php?rest_route=\/wp\/v2\/posts"}],"about":[{"href":"https:\/\/insideamateurfussball-ffm.de\/index.php?rest_route=\/wp\/v2\/types\/post"}],"author":[{"embeddable":true,"href":"https:\/\/insideamateurfussball-ffm.de\/index.php?rest_route=\/wp\/v2\/users\/1"}],"replies":[{"embeddable":true,"href":"https:\/\/insideamateurfussball-ffm.de\/index.php?rest_route=%2Fwp%2Fv2%2Fcomments&post=27520"}],"version-history":[{"count":1,"href":"https:\/\/insideamateurfussball-ffm.de\/index.php?rest_route=\/wp\/v2\/posts\/27520\/revisions"}],"predecessor-version":[{"id":27522,"href":"https:\/\/insideamateurfussball-ffm.de\/index.php?rest_route=\/wp\/v2\/posts\/27520\/revisions\/27522"}],"wp:featuredmedia":[{"embeddable":true,"href":"https:\/\/insideamateurfussball-ffm.de\/index.php?rest_route=\/wp\/v2\/media\/27521"}],"wp:attachment":[{"href":"https:\/\/insideamateurfussball-ffm.de\/index.php?rest_route=%2Fwp%2Fv2%2Fmedia&parent=27520"}],"wp:term":[{"taxonomy":"category","embeddable":true,"href":"https:\/\/insideamateurfussball-ffm.de\/index.php?rest_route=%2Fwp%2Fv2%2Fcategories&post=27520"},{"taxonomy":"post_tag","embeddable":true,"href":"https:\/\/insideamateurfussball-ffm.de\/index.php?rest_route=%2Fwp%2Fv2%2Ftags&post=27520"}],"curies":[{"name":"wp","href":"https:\/\/api.w.org\/{rel}","templated":true}]}}