{"id":27505,"date":"2025-08-27T16:58:31","date_gmt":"2025-08-27T15:58:31","guid":{"rendered":"https:\/\/insideamateurfussball-ffm.de\/?p=27505"},"modified":"2025-08-27T16:58:31","modified_gmt":"2025-08-27T15:58:31","slug":"griesheim-sieger-im-hitzigen-derby-gegen-westend","status":"publish","type":"post","link":"https:\/\/insideamateurfussball-ffm.de\/?p=27505","title":{"rendered":"Griesheim Sieger im hitzigen Derby gegen Westend"},"content":{"rendered":"<h4>In einer hitzigen Begegnung setzte sich die Spvgg. 02 Griesheim im Derby gegen Aufsteiger SG Westend mit 2:1 durch und holte den zweiten Saisonsieg. Die G\u00e4ste haben nach vier Partien erst einen Z\u00e4hler auf dem Konto und stehen entsprechend nur auf Rang 15.\u00a0<\/h4>\n<figure id=\"attachment_27506\" aria-describedby=\"caption-attachment-27506\" style=\"width: 895px\" class=\"wp-caption alignnone\"><img loading=\"lazy\" decoding=\"async\" class=\"wp-image-27506\" src=\"http:\/\/insideamateurfussball-ffm.de\/wp-content\/uploads\/2025\/08\/gri-west-1.jpg\" alt=\"\" width=\"895\" height=\"692\" srcset=\"https:\/\/insideamateurfussball-ffm.de\/wp-content\/uploads\/2025\/08\/gri-west-1.jpg 886w, https:\/\/insideamateurfussball-ffm.de\/wp-content\/uploads\/2025\/08\/gri-west-1-300x232.jpg 300w, https:\/\/insideamateurfussball-ffm.de\/wp-content\/uploads\/2025\/08\/gri-west-1-768x594.jpg 768w\" sizes=\"auto, (max-width: 895px) 100vw, 895px\" \/><figcaption id=\"caption-attachment-27506\" class=\"wp-caption-text\">Westend-Spieler Gedeon Nsemi im Duell mit dem Griesheimer Mark Antonio Bonta. Foto: Mithat G\u00fcrser.<\/figcaption><\/figure>\n<h4>Spvgg. 02 Griesheim &#8211; SG Westend 2:1 (2:1)<\/h4>\n<p><img loading=\"lazy\" decoding=\"async\" class=\"alignnone size-full wp-image-14\" src=\"http:\/\/insideamateurfussball-ffm.de\/wp-content\/uploads\/2021\/11\/SpVgg._02_Griesheim_02.jpg\" alt=\"\" width=\"100\" height=\"100\" \/><img loading=\"lazy\" decoding=\"async\" class=\"alignnone size-full wp-image-611\" src=\"http:\/\/insideamateurfussball-ffm.de\/wp-content\/uploads\/2022\/06\/Westend.png\" alt=\"\" width=\"69\" height=\"80\" \/><\/p>\n<p>Kapit\u00e4n Ante Peko war der Matchwinner f\u00fcr die &#8222;Schleifer&#8220;. Fr\u00fch traf er per Foulelfmeter zum 1:0 (7.), sp\u00e4ter verwandelte der Kroate einen weiteren Strafsto\u00df zum 2:0 (39.). Auf der Gegenseite zielte Westends Amin Anedam nicht so genau, der Torj\u00e4ger scheiterte vom Elfmeterpunkt an Griesheims Torh\u00fcter Nikola Bazina (14.). Anedam erzielte aber noch vor der Pause den Anschlusstreffer der G\u00e4ste (42.). Der Griesheimer Yukumine Kadokura erhielt in der 65. Minute wegen wiederholten Foulspiels die Gelb-Rote Karte.<\/p>\n<p>Westend konnte diese \u00dcberzahl aber nicht nutzen, denn Torh\u00fcter Salim Akaouch sah in der 78. Minute wegen einer Unsportlichkeit au\u00dferhalb des Strafraums die Rote Karte (78.). Ersatztorh\u00fcter Hamza Sabiri wurde dann f\u00fcr einen Feldspieler eingewechselt, sodass die Partie mit zehn gegen zehn Spielern beendet wurde.<\/p>\n<blockquote>\n<h4>&#8222;Die Siegermentalit\u00e4t ist derzeit nicht vorhanden&#8220; (Westend-Trainer Vait Arslanoski)<\/h4>\n<\/blockquote>\n<p>&#8222;Ein hitziges Spiel&#8220; sei es gewesen, sagte Griesheims Trainer Dominic Machado: &#8222;Wir haben aufgrund der ersten H\u00e4lfte verdient gewonnen. Nach dem Seitenwechsel gab es weniger Torraumszenen.&#8220; Westend-Trainer Vait Arslanoski zeigte sich unzufrieden mit dem Auftreten: &#8222;Die Spieler haben nicht diese Seele, nicht den Charakter gezeigt. Die Siegermentalit\u00e4t ist derzeit nicht vorhanden.&#8220;<\/p>\n<p>Die Griesheimer gastieren am Sonntag um 15 Uhr beim 1. R\u00f6delheimer FC 02. Westend sagte das Kreispokalspiel am Mittwoch aufgrund von Personalmangel beim A-Ligisten SV Eritrea ab, scheidet somit aus dem Pokal aus. In der Liga geht es Sonntag gegen Concordia Eschersheim um 15 Uhr.\u00a0<\/p>\n<blockquote>\n<h4>Schiedsrichter: Rachid El Mayaoui (FC Maroc Wiesbaden). Zuschauer: 70.<\/h4>\n<h4>Tore: 1:0, 2:0 Ante Peko (7.\/39., beides Foulelfmeter), 2:1 Amin Anedam (42.).<\/h4>\n<h4>Gelb-Rote Karte: Yukimune Kadokura (Griesheim\/65.).<\/h4>\n<h4>Rote Karte: Salim Akaouch (Westend\/78.).\u00a0<\/h4>\n<h4>Bildergalerie: Wir danken Mithat G\u00fcrser f\u00fcr die sch\u00f6nen Fotos!\u00a0 \u00a0\u00a0<\/h4>\n<\/blockquote>\n\n\n<figure class=\"wp-block-image size-full\"><img loading=\"lazy\" decoding=\"async\" width=\"886\" height=\"656\" src=\"https:\/\/insideamateurfussball-ffm.de\/wp-content\/uploads\/2025\/08\/gri-west8.jpg\" alt=\"\" class=\"wp-image-27507\" srcset=\"https:\/\/insideamateurfussball-ffm.de\/wp-content\/uploads\/2025\/08\/gri-west8.jpg 886w, https:\/\/insideamateurfussball-ffm.de\/wp-content\/uploads\/2025\/08\/gri-west8-300x222.jpg 300w, https:\/\/insideamateurfussball-ffm.de\/wp-content\/uploads\/2025\/08\/gri-west8-768x569.jpg 768w\" sizes=\"auto, (max-width: 886px) 100vw, 886px\" \/><\/figure>\n\n\n\n<figure class=\"wp-block-gallery has-nested-images columns-default is-cropped wp-block-gallery-1 is-layout-flex wp-block-gallery-is-layout-flex\">\n<figure class=\"wp-block-image size-large\"><img loading=\"lazy\" decoding=\"async\" width=\"886\" height=\"657\" data-id=\"27508\" src=\"https:\/\/insideamateurfussball-ffm.de\/wp-content\/uploads\/2025\/08\/gri-west-2.jpg\" alt=\"\" class=\"wp-image-27508\" srcset=\"https:\/\/insideamateurfussball-ffm.de\/wp-content\/uploads\/2025\/08\/gri-west-2.jpg 886w, https:\/\/insideamateurfussball-ffm.de\/wp-content\/uploads\/2025\/08\/gri-west-2-300x222.jpg 300w, https:\/\/insideamateurfussball-ffm.de\/wp-content\/uploads\/2025\/08\/gri-west-2-768x569.jpg 768w\" sizes=\"auto, (max-width: 886px) 100vw, 886px\" \/><\/figure>\n<\/figure>\n\n\n\n<figure class=\"wp-block-image size-full\"><img loading=\"lazy\" decoding=\"async\" width=\"886\" height=\"613\" src=\"https:\/\/insideamateurfussball-ffm.de\/wp-content\/uploads\/2025\/08\/gri-wes-3.jpg\" alt=\"\" class=\"wp-image-27509\" srcset=\"https:\/\/insideamateurfussball-ffm.de\/wp-content\/uploads\/2025\/08\/gri-wes-3.jpg 886w, https:\/\/insideamateurfussball-ffm.de\/wp-content\/uploads\/2025\/08\/gri-wes-3-300x208.jpg 300w, https:\/\/insideamateurfussball-ffm.de\/wp-content\/uploads\/2025\/08\/gri-wes-3-768x531.jpg 768w\" sizes=\"auto, (max-width: 886px) 100vw, 886px\" \/><\/figure>\n\n\n\n<figure class=\"wp-block-image size-full\"><img loading=\"lazy\" decoding=\"async\" width=\"886\" height=\"631\" src=\"https:\/\/insideamateurfussball-ffm.de\/wp-content\/uploads\/2025\/08\/gri-west3.jpg\" alt=\"\" class=\"wp-image-27510\" srcset=\"https:\/\/insideamateurfussball-ffm.de\/wp-content\/uploads\/2025\/08\/gri-west3.jpg 886w, https:\/\/insideamateurfussball-ffm.de\/wp-content\/uploads\/2025\/08\/gri-west3-300x214.jpg 300w, https:\/\/insideamateurfussball-ffm.de\/wp-content\/uploads\/2025\/08\/gri-west3-768x547.jpg 768w\" sizes=\"auto, (max-width: 886px) 100vw, 886px\" \/><\/figure>\n\n\n\n<figure class=\"wp-block-gallery has-nested-images columns-default is-cropped wp-block-gallery-2 is-layout-flex wp-block-gallery-is-layout-flex\">\n<figure class=\"wp-block-image size-large\"><img loading=\"lazy\" decoding=\"async\" width=\"886\" height=\"676\" data-id=\"27511\" src=\"https:\/\/insideamateurfussball-ffm.de\/wp-content\/uploads\/2025\/08\/gri-wes-4.jpg\" alt=\"\" class=\"wp-image-27511\" srcset=\"https:\/\/insideamateurfussball-ffm.de\/wp-content\/uploads\/2025\/08\/gri-wes-4.jpg 886w, https:\/\/insideamateurfussball-ffm.de\/wp-content\/uploads\/2025\/08\/gri-wes-4-300x229.jpg 300w, https:\/\/insideamateurfussball-ffm.de\/wp-content\/uploads\/2025\/08\/gri-wes-4-768x586.jpg 768w\" sizes=\"auto, (max-width: 886px) 100vw, 886px\" \/><\/figure>\n<\/figure>\n\n\n\n<figure class=\"wp-block-image size-full\"><img loading=\"lazy\" decoding=\"async\" width=\"886\" height=\"687\" src=\"https:\/\/insideamateurfussball-ffm.de\/wp-content\/uploads\/2025\/08\/gri-west7.jpg\" alt=\"\" class=\"wp-image-27512\" srcset=\"https:\/\/insideamateurfussball-ffm.de\/wp-content\/uploads\/2025\/08\/gri-west7.jpg 886w, https:\/\/insideamateurfussball-ffm.de\/wp-content\/uploads\/2025\/08\/gri-west7-300x233.jpg 300w, https:\/\/insideamateurfussball-ffm.de\/wp-content\/uploads\/2025\/08\/gri-west7-768x596.jpg 768w\" sizes=\"auto, (max-width: 886px) 100vw, 886px\" \/><\/figure>\n\n\n\n<figure class=\"wp-block-image size-full\"><img loading=\"lazy\" decoding=\"async\" width=\"886\" height=\"638\" src=\"https:\/\/insideamateurfussball-ffm.de\/wp-content\/uploads\/2025\/08\/gri-wes-5.jpg\" alt=\"\" class=\"wp-image-27513\" srcset=\"https:\/\/insideamateurfussball-ffm.de\/wp-content\/uploads\/2025\/08\/gri-wes-5.jpg 886w, https:\/\/insideamateurfussball-ffm.de\/wp-content\/uploads\/2025\/08\/gri-wes-5-300x216.jpg 300w, https:\/\/insideamateurfussball-ffm.de\/wp-content\/uploads\/2025\/08\/gri-wes-5-768x553.jpg 768w\" sizes=\"auto, (max-width: 886px) 100vw, 886px\" \/><\/figure>\n","protected":false},"excerpt":{"rendered":"<p>In einer hitzigen Begegnung setzte sich die Spvgg. 02 Griesheim im Derby gegen Aufsteiger SG Westend mit 2:1 durch und holte den zweiten Saisonsieg. Die G\u00e4ste haben nach vier Partien erst einen Z\u00e4hler auf dem Konto und stehen entsprechend nur auf Rang 15.\u00a0 Spvgg. 02 Griesheim &#8211; SG Westend 2:1 (2:1) Kapit\u00e4n Ante Peko war [&hellip;]<\/p>\n","protected":false},"author":1,"featured_media":27506,"comment_status":"closed","ping_status":"closed","sticky":true,"template":"","format":"standard","meta":{"footnotes":""},"categories":[2],"tags":[],"class_list":["post-27505","post","type-post","status-publish","format-standard","has-post-thumbnail","hentry","category-kreisoberliga-frankfurt"],"_links":{"self":[{"href":"https:\/\/insideamateurfussball-ffm.de\/index.php?rest_route=\/wp\/v2\/posts\/27505","targetHints":{"allow":["GET"]}}],"collection":[{"href":"https:\/\/insideamateurfussball-ffm.de\/index.php?rest_route=\/wp\/v2\/posts"}],"about":[{"href":"https:\/\/insideamateurfussball-ffm.de\/index.php?rest_route=\/wp\/v2\/types\/post"}],"author":[{"embeddable":true,"href":"https:\/\/insideamateurfussball-ffm.de\/index.php?rest_route=\/wp\/v2\/users\/1"}],"replies":[{"embeddable":true,"href":"https:\/\/insideamateurfussball-ffm.de\/index.php?rest_route=%2Fwp%2Fv2%2Fcomments&post=27505"}],"version-history":[{"count":1,"href":"https:\/\/insideamateurfussball-ffm.de\/index.php?rest_route=\/wp\/v2\/posts\/27505\/revisions"}],"predecessor-version":[{"id":27514,"href":"https:\/\/insideamateurfussball-ffm.de\/index.php?rest_route=\/wp\/v2\/posts\/27505\/revisions\/27514"}],"wp:featuredmedia":[{"embeddable":true,"href":"https:\/\/insideamateurfussball-ffm.de\/index.php?rest_route=\/wp\/v2\/media\/27506"}],"wp:attachment":[{"href":"https:\/\/insideamateurfussball-ffm.de\/index.php?rest_route=%2Fwp%2Fv2%2Fmedia&parent=27505"}],"wp:term":[{"taxonomy":"category","embeddable":true,"href":"https:\/\/insideamateurfussball-ffm.de\/index.php?rest_route=%2Fwp%2Fv2%2Fcategories&post=27505"},{"taxonomy":"post_tag","embeddable":true,"href":"https:\/\/insideamateurfussball-ffm.de\/index.php?rest_route=%2Fwp%2Fv2%2Ftags&post=27505"}],"curies":[{"name":"wp","href":"https:\/\/api.w.org\/{rel}","templated":true}]}}