{"id":27493,"date":"2025-08-23T17:33:00","date_gmt":"2025-08-23T16:33:00","guid":{"rendered":"https:\/\/insideamateurfussball-ffm.de\/?p=27493"},"modified":"2025-08-26T17:46:41","modified_gmt":"2025-08-26T16:46:41","slug":"eintracht-ii-kassiert-erste-niederlage-in-waldgirmes","status":"publish","type":"post","link":"https:\/\/insideamateurfussball-ffm.de\/?p=27493","title":{"rendered":"Eintracht II kassiert erste Niederlage in Waldgirmes"},"content":{"rendered":"<h4>F\u00fcr Eintracht Frankfurt II wird die Hessenliga-Saison wohl kein Selbstl\u00e4ufer. Nach dem 1:1 bei T\u00fcrk G\u00fcc\u00fc Friedberg setzte es beim schwach gestarteten SC Waldgirmes eine 0:2-Niederlage.<\/h4>\n<figure id=\"attachment_27494\" aria-describedby=\"caption-attachment-27494\" style=\"width: 2048px\" class=\"wp-caption alignnone\"><img loading=\"lazy\" decoding=\"async\" class=\"wp-image-27494 size-full\" src=\"http:\/\/insideamateurfussball-ffm.de\/wp-content\/uploads\/2025\/08\/waldgiu.jpg\" alt=\"\" width=\"2048\" height=\"1536\" srcset=\"https:\/\/insideamateurfussball-ffm.de\/wp-content\/uploads\/2025\/08\/waldgiu.jpg 2048w, https:\/\/insideamateurfussball-ffm.de\/wp-content\/uploads\/2025\/08\/waldgiu-300x225.jpg 300w, https:\/\/insideamateurfussball-ffm.de\/wp-content\/uploads\/2025\/08\/waldgiu-1024x768.jpg 1024w, https:\/\/insideamateurfussball-ffm.de\/wp-content\/uploads\/2025\/08\/waldgiu-768x576.jpg 768w, https:\/\/insideamateurfussball-ffm.de\/wp-content\/uploads\/2025\/08\/waldgiu-1536x1152.jpg 1536w\" sizes=\"auto, (max-width: 2048px) 100vw, 2048px\" \/><figcaption id=\"caption-attachment-27494\" class=\"wp-caption-text\">Auswechselbank in Waldgirmes. Foto: Archiv PA.<\/figcaption><\/figure>\n<h4>SC Waldgirmes &#8211; Eintracht Frankfurt II 2:0 (0:0)<\/h4>\n<p><img loading=\"lazy\" decoding=\"async\" class=\"alignnone size-full wp-image-2461\" src=\"http:\/\/insideamateurfussball-ffm.de\/wp-content\/uploads\/2022\/09\/Waldgi.jpg\" alt=\"\" width=\"78\" height=\"80\" \/><img loading=\"lazy\" decoding=\"async\" class=\"alignnone size-full wp-image-836\" src=\"http:\/\/insideamateurfussball-ffm.de\/wp-content\/uploads\/2022\/06\/SGE.jpg\" alt=\"\" width=\"79\" height=\"80\" \/><\/p>\n<p>Die Mittelhessen hatten nur einen Punkt auf dem Konto, nach dem Spiel sind es \u00fcberraschend vier f\u00fcr das Team von Trainer Mario Schappert. Die Eintracht-Reserve vollzog f\u00fcnf Wechsel im zweiten Abschnitt, aber die Tore erzielten am Ende die Hausherren. Phil Reuter brachte den SCW nach vorne (81.). Weit in der Nachspielzeit erh\u00f6hte Mohamed Zouaoui auf 2:0 (90.\/+6). In der Tabelle fiel die SGE auf Rang sieben zur\u00fcck. Am Freitagabend erwartet man in Dreieich den SV Adler Weidenhausen um 20 Uhr.<\/p>\n<blockquote>\n<h4>Schiedsrichter: Alessandro Scotece (SV Rot-Wei\u00df Walldorf). Zuschauer: 350.<\/h4>\n<h4>Tore: 1:0 Phil Reuter (81.), 2:0 Mohamed Zouaoui (90.\/+6).<\/h4>\n<\/blockquote>\n","protected":false},"excerpt":{"rendered":"<p>F\u00fcr Eintracht Frankfurt II wird die Hessenliga-Saison wohl kein Selbstl\u00e4ufer. Nach dem 1:1 bei T\u00fcrk G\u00fcc\u00fc Friedberg setzte es beim schwach gestarteten SC Waldgirmes eine 0:2-Niederlage. SC Waldgirmes &#8211; Eintracht Frankfurt II 2:0 (0:0) Die Mittelhessen hatten nur einen Punkt auf dem Konto, nach dem Spiel sind es \u00fcberraschend vier f\u00fcr das Team von Trainer [&hellip;]<\/p>\n","protected":false},"author":1,"featured_media":27494,"comment_status":"closed","ping_status":"closed","sticky":true,"template":"","format":"standard","meta":{"footnotes":""},"categories":[8],"tags":[],"class_list":["post-27493","post","type-post","status-publish","format-standard","has-post-thumbnail","hentry","category-hessenliga"],"_links":{"self":[{"href":"https:\/\/insideamateurfussball-ffm.de\/index.php?rest_route=\/wp\/v2\/posts\/27493","targetHints":{"allow":["GET"]}}],"collection":[{"href":"https:\/\/insideamateurfussball-ffm.de\/index.php?rest_route=\/wp\/v2\/posts"}],"about":[{"href":"https:\/\/insideamateurfussball-ffm.de\/index.php?rest_route=\/wp\/v2\/types\/post"}],"author":[{"embeddable":true,"href":"https:\/\/insideamateurfussball-ffm.de\/index.php?rest_route=\/wp\/v2\/users\/1"}],"replies":[{"embeddable":true,"href":"https:\/\/insideamateurfussball-ffm.de\/index.php?rest_route=%2Fwp%2Fv2%2Fcomments&post=27493"}],"version-history":[{"count":1,"href":"https:\/\/insideamateurfussball-ffm.de\/index.php?rest_route=\/wp\/v2\/posts\/27493\/revisions"}],"predecessor-version":[{"id":27495,"href":"https:\/\/insideamateurfussball-ffm.de\/index.php?rest_route=\/wp\/v2\/posts\/27493\/revisions\/27495"}],"wp:featuredmedia":[{"embeddable":true,"href":"https:\/\/insideamateurfussball-ffm.de\/index.php?rest_route=\/wp\/v2\/media\/27494"}],"wp:attachment":[{"href":"https:\/\/insideamateurfussball-ffm.de\/index.php?rest_route=%2Fwp%2Fv2%2Fmedia&parent=27493"}],"wp:term":[{"taxonomy":"category","embeddable":true,"href":"https:\/\/insideamateurfussball-ffm.de\/index.php?rest_route=%2Fwp%2Fv2%2Fcategories&post=27493"},{"taxonomy":"post_tag","embeddable":true,"href":"https:\/\/insideamateurfussball-ffm.de\/index.php?rest_route=%2Fwp%2Fv2%2Ftags&post=27493"}],"curies":[{"name":"wp","href":"https:\/\/api.w.org\/{rel}","templated":true}]}}