{"id":27490,"date":"2025-08-22T16:41:41","date_gmt":"2025-08-22T15:41:41","guid":{"rendered":"https:\/\/insideamateurfussball-ffm.de\/?p=27490"},"modified":"2025-08-26T17:30:40","modified_gmt":"2025-08-26T16:30:40","slug":"pokalspiele-am-donnerstag-abbruch-in-praunheim","status":"publish","type":"post","link":"https:\/\/insideamateurfussball-ffm.de\/?p=27490","title":{"rendered":"Pokalspiele am Donnerstag: Abbruch in Praunheim"},"content":{"rendered":"<h4>Am Donnerstagabend endete die erste Kreispokalwoche mit vier weiteren Spielen. Bedauerlicherweise kam es zwischen A-Ligist SG Praunheim und dem SV Viktoria Preu\u00dfen aus der Kreisoberliga zum Spielabbruch.\u00a0<\/h4>\n<figure id=\"attachment_27491\" aria-describedby=\"caption-attachment-27491\" style=\"width: 2048px\" class=\"wp-caption alignnone\"><img loading=\"lazy\" decoding=\"async\" class=\"wp-image-27491 size-full\" src=\"http:\/\/insideamateurfussball-ffm.de\/wp-content\/uploads\/2025\/08\/KPOL.jpg\" alt=\"\" width=\"2048\" height=\"1153\" srcset=\"https:\/\/insideamateurfussball-ffm.de\/wp-content\/uploads\/2025\/08\/KPOL.jpg 2048w, https:\/\/insideamateurfussball-ffm.de\/wp-content\/uploads\/2025\/08\/KPOL-300x169.jpg 300w, https:\/\/insideamateurfussball-ffm.de\/wp-content\/uploads\/2025\/08\/KPOL-1024x577.jpg 1024w, https:\/\/insideamateurfussball-ffm.de\/wp-content\/uploads\/2025\/08\/KPOL-768x432.jpg 768w, https:\/\/insideamateurfussball-ffm.de\/wp-content\/uploads\/2025\/08\/KPOL-1536x865.jpg 1536w\" sizes=\"auto, (max-width: 2048px) 100vw, 2048px\" \/><figcaption id=\"caption-attachment-27491\" class=\"wp-caption-text\">Der Kreispokal hat seine eigenen Gesetze. Foto: Archiv PA.\u00a0\u00a0<\/figcaption><\/figure>\n<h4>FC Korea &#8211; FFC Olympia 07 1:3 (0:0)<\/h4>\n<p><img loading=\"lazy\" decoding=\"async\" class=\"alignnone size-full wp-image-497\" src=\"http:\/\/insideamateurfussball-ffm.de\/wp-content\/uploads\/2022\/05\/Korea.jpg\" alt=\"\" width=\"61\" height=\"80\" \/><img loading=\"lazy\" decoding=\"async\" class=\"alignnone size-full wp-image-5626\" src=\"http:\/\/insideamateurfussball-ffm.de\/wp-content\/uploads\/2023\/02\/Olympia.jpg\" alt=\"\" width=\"80\" height=\"79\" \/><\/p>\n<p>Der ambitionierte C-Ligist bot den zwei Klassen h\u00f6her spielenden G\u00e4sten vom Ostpark Paroli, hatte aber die Rechnung ohne Simon Wahl gemacht, der alle drei Tore der Olympia erzielte.\u00a0<\/p>\n<blockquote>\n<h4>Schiedsrichter: Rachid Ouali (Eintracht Frankfurt). Zuschauer: 110.<\/h4>\n<h4>Tore: 0:1 Simon Wahl (60.), 1:1 Imad Malek (67.), 1:2, 1:3 Simon Wahl (70.\/90.+4).\u00a0\u00a0<\/h4>\n<\/blockquote>\n<h4>FV 09 Eschersheim &#8211; FC City 3:4 (1:2)<\/h4>\n<p><img loading=\"lazy\" decoding=\"async\" class=\"alignnone size-full wp-image-3204\" src=\"http:\/\/insideamateurfussball-ffm.de\/wp-content\/uploads\/2022\/10\/fv-09.jpg\" alt=\"\" width=\"80\" height=\"78\" \/><img loading=\"lazy\" decoding=\"async\" class=\"alignnone size-full wp-image-1084\" src=\"http:\/\/insideamateurfussball-ffm.de\/wp-content\/uploads\/2022\/07\/City.png\" alt=\"\" width=\"80\" height=\"59\" \/><\/p>\n<p>Das Duell der letztj\u00e4hrigen KLA-Absteiger ging an City, das durch den Zwangsabstieg des FC Maroc dessen Platz einnahm. Den Siegtreffer der G\u00e4ste markierte \u00d6nder Balci in der Nachspielzeit trotz Unterzahl. Nach zwei weiteren Gelb-Roten Karten beendete City die Partie zu acht.\u00a0<\/p>\n<blockquote>\n<h4>Schiedsrichter: Albano Cela (SV Bonames).<\/h4>\n<h4>Tore: 0:1 \u00d6nder Balci (7.), 1:1 Jamal Taibi (26.), 1:2 Egemen Sayan (36.), 1:3 Ayouba Camara (52.), 2:3 Ajoub Dahmani (54.), 3:3 Ismail Bal (66.), 3:4 \u00d6nder Balci (90.\/+2).<\/h4>\n<h4>Gelb-Rote Karten: Mete Babat (80.), Fatih T\u00fcrkaslan (90.\/+5), Mustafa Sayan (90.\/+5), alle FC City).\u00a0\u00a0<\/h4>\n<\/blockquote>\n<h4>SC Wei\u00dfblau &#8211; TuS Nieder-Eschbach 0:8 (0:4)<\/h4>\n<p><img loading=\"lazy\" decoding=\"async\" class=\"alignnone size-full wp-image-32\" src=\"http:\/\/insideamateurfussball-ffm.de\/wp-content\/uploads\/2021\/11\/Weiss-Blau.jpg\" alt=\"\" width=\"56\" height=\"80\" \/><img loading=\"lazy\" decoding=\"async\" class=\"alignnone size-full wp-image-3202\" src=\"http:\/\/insideamateurfussball-ffm.de\/wp-content\/uploads\/2022\/10\/nieder-eschb.png\" alt=\"\" width=\"57\" height=\"80\" \/><\/p>\n<p>Souver\u00e4ner Einzug des A-Ligisten an den Sandh\u00f6fer Wiesen beim Vertreter der Kreisliga B.\u00a0<\/p>\n<blockquote>\n<h4>Schiedsrichter: Maik Abyaneh (Spvgg. 03 Fechenheim).<\/h4>\n<h4>Tore: 0:1 Nikita Fedchenko (24.), 0:2 Fidel Zegai (33.), 0:3 Alpha Jallow (38.), 0:4 Dumitru Mindru (40.), 0:5 Marcel Klassen (61.), 0:6 Alexandr Railean (67.), 0:7 Atila Becirevic (80.), 0:8 Alexandre Monteiro Dias (82.).\u00a0\u00a0<\/h4>\n<\/blockquote>\n<h4>SG Praunheim 1908 &#8211; SV Viktoria Preu\u00dfen 2:2 (0:1) Abbruch in der Verl\u00e4ngerung\u00a0<\/h4>\n<p><img loading=\"lazy\" decoding=\"async\" class=\"alignnone size-full wp-image-2588\" src=\"http:\/\/insideamateurfussball-ffm.de\/wp-content\/uploads\/2022\/09\/Praunheim.jpg\" alt=\"\" width=\"79\" height=\"80\" \/><img loading=\"lazy\" decoding=\"async\" class=\"alignnone size-full wp-image-12\" src=\"http:\/\/insideamateurfussball-ffm.de\/wp-content\/uploads\/2021\/11\/preussen.jpg\" alt=\"\" width=\"72\" height=\"80\" \/><\/p>\n<p>Aufgrund von diskriminierenden Verhaltens einer Gruppe von Zuschauern gegen den G\u00e4stetorwart verlie\u00dfen die Preu\u00dfen kurz nach dem Beginn der Verl\u00e4ngerung geschlossen den Platz. Zwar wurde die Personengruppe des Sportgel\u00e4ndes verwiesen, die w\u00e4hrend der Partie den Keeper des Kreisoberligisten konstant beleidigt hatten und sich mit kindischen Aktionen \u00fcber ihn lustig machten. Doch die G\u00e4ste wollten aufgrund dieser Vorf\u00e4lle die Partie nicht fortsetzen, nachdem Praunheimer Ordner erst versp\u00e4tet eingegriffen hatten. Der Fall liegt nun beim Kreissportgericht unter Vorsitz von Swaantje Dirks, das sich nun mit der Spielwertung und den Vorf\u00e4llen besch\u00e4ftigen muss.\u00a0<\/p>\n<h4>Schiedsrichter: Leonard Sch\u00e4fer (FC Kalbach).<\/h4>\n<h4>Tore: 0:1, 0:2 Pascal Bausch (27.\/51.), 1:2, 2:2 Yilmaz Kilic (71.\/73.).\u00a0\u00a0<\/h4>\n<p>\u00a0<\/p>\n","protected":false},"excerpt":{"rendered":"<p>Am Donnerstagabend endete die erste Kreispokalwoche mit vier weiteren Spielen. Bedauerlicherweise kam es zwischen A-Ligist SG Praunheim und dem SV Viktoria Preu\u00dfen aus der Kreisoberliga zum Spielabbruch.\u00a0 FC Korea &#8211; FFC Olympia 07 1:3 (0:0) Der ambitionierte C-Ligist bot den zwei Klassen h\u00f6her spielenden G\u00e4sten vom Ostpark Paroli, hatte aber die Rechnung ohne Simon Wahl [&hellip;]<\/p>\n","protected":false},"author":1,"featured_media":27491,"comment_status":"closed","ping_status":"closed","sticky":true,"template":"","format":"standard","meta":{"footnotes":""},"categories":[9],"tags":[],"class_list":["post-27490","post","type-post","status-publish","format-standard","has-post-thumbnail","hentry","category-kreispokal"],"_links":{"self":[{"href":"https:\/\/insideamateurfussball-ffm.de\/index.php?rest_route=\/wp\/v2\/posts\/27490","targetHints":{"allow":["GET"]}}],"collection":[{"href":"https:\/\/insideamateurfussball-ffm.de\/index.php?rest_route=\/wp\/v2\/posts"}],"about":[{"href":"https:\/\/insideamateurfussball-ffm.de\/index.php?rest_route=\/wp\/v2\/types\/post"}],"author":[{"embeddable":true,"href":"https:\/\/insideamateurfussball-ffm.de\/index.php?rest_route=\/wp\/v2\/users\/1"}],"replies":[{"embeddable":true,"href":"https:\/\/insideamateurfussball-ffm.de\/index.php?rest_route=%2Fwp%2Fv2%2Fcomments&post=27490"}],"version-history":[{"count":1,"href":"https:\/\/insideamateurfussball-ffm.de\/index.php?rest_route=\/wp\/v2\/posts\/27490\/revisions"}],"predecessor-version":[{"id":27492,"href":"https:\/\/insideamateurfussball-ffm.de\/index.php?rest_route=\/wp\/v2\/posts\/27490\/revisions\/27492"}],"wp:featuredmedia":[{"embeddable":true,"href":"https:\/\/insideamateurfussball-ffm.de\/index.php?rest_route=\/wp\/v2\/media\/27491"}],"wp:attachment":[{"href":"https:\/\/insideamateurfussball-ffm.de\/index.php?rest_route=%2Fwp%2Fv2%2Fmedia&parent=27490"}],"wp:term":[{"taxonomy":"category","embeddable":true,"href":"https:\/\/insideamateurfussball-ffm.de\/index.php?rest_route=%2Fwp%2Fv2%2Fcategories&post=27490"},{"taxonomy":"post_tag","embeddable":true,"href":"https:\/\/insideamateurfussball-ffm.de\/index.php?rest_route=%2Fwp%2Fv2%2Ftags&post=27490"}],"curies":[{"name":"wp","href":"https:\/\/api.w.org\/{rel}","templated":true}]}}